{"id":24539,"date":"2016-03-25T08:25:26","date_gmt":"2016-03-25T07:25:26","guid":{"rendered":"https:\/\/intelligent-friend-7861.standoutwp.com\/?p=24539"},"modified":"2016-03-25T08:25:26","modified_gmt":"2016-03-25T07:25:26","slug":"johan-dalene-uppslukas-av-musiken","status":"publish","type":"post","link":"https:\/\/www.kultursidan.nu\/?p=24539","title":{"rendered":"Johan Dalene uppslukas av musiken"},"content":{"rendered":"<p><img loading=\"lazy\" decoding=\"async\" class=\"alignnone size-medium wp-image-24540\" src=\"https:\/\/www.kultursidan.nu\/wp-content\/uploads\/2016\/03\/DSCF2480-567x378.jpg\" alt=\"Johan Dalene\" width=\"567\" height=\"378\" srcset=\"https:\/\/www.kultursidan.nu\/wp-content\/uploads\/2016\/03\/DSCF2480-567x378.jpg 567w, https:\/\/www.kultursidan.nu\/wp-content\/uploads\/2016\/03\/DSCF2480-768x512.jpg 768w, https:\/\/www.kultursidan.nu\/wp-content\/uploads\/2016\/03\/DSCF2480-1024x682.jpg 1024w, https:\/\/www.kultursidan.nu\/wp-content\/uploads\/2016\/03\/DSCF2480-500x333.jpg 500w, https:\/\/www.kultursidan.nu\/wp-content\/uploads\/2016\/03\/DSCF2480-150x100.jpg 150w, https:\/\/www.kultursidan.nu\/wp-content\/uploads\/2016\/03\/DSCF2480.jpg 1280w\" sizes=\"auto, (max-width: 567px) 100vw, 567px\" \/><em><br \/>\nKoncentration. Johan Dalene \u00e4r djupt inne i musiken n\u00e4r han spelar. Inf\u00f6r v\u00e4rldens st\u00f6rsta t\u00e4vling, d\u00e4r han \u00e4r en av 44 t\u00e4vlande unga violinister, spelade han i f\u00f6rst i S:t Olai kyrka , sedan i Risinge kyrka.<\/em><\/p>\n<p>&nbsp;<\/p>\n<h1><span style=\"color: #ff0000;\">&#8221;Jag lyssnar inte till mitt eget spel&#8221;<\/span><\/h1>\n<p>&nbsp;<\/p>\n<p><strong>\u201dJag t\u00e4nker inte, jag bara \u00e4r i musiken. Det \u00e4r viktigt att bli uppslukad av musiken.\u201d<\/strong> Johan Dalene gav nyligen tv\u00e5 konserter p\u00e5 hemmaplan innan han snart reser till London f\u00f6r att t\u00e4vla i v\u00e4rldens viktigaste t\u00e4vling f\u00f6r unga violinister. Fast han menar att Menuhin Competition med sitt digra program under tiden 7\u201317 april mer liknar en festival \u00e4n en t\u00e4vling.<\/p>\n<p><strong>Det \u00e4r mindre \u00e4n en m\u00e5nad kvar till t\u00e4vlingen och torsdagen den 17 mars \u00e4r en intensiv dag f\u00f6r Johan Dalene.<\/strong> Han b\u00f6rjade med nationellt prov i svenska i skolan. Halv fyra p\u00e5 eftermiddagen ska han vara i Stockholm f\u00f6r en audition, han s\u00f6ker in till Nordiska musikgymnasiet. (Jo, det gick bra, han kom in \u2013 och inte bara d\u00e4r.)<\/p>\n<p>\u2013 Antingen det eller Lilla akademien i Stockholm. Jag har min l\u00e4rare i Stockholm, och d\u00e4r \u00e4r det n\u00e4rmare till allt. Eller Oslo.<\/p>\n<p><strong>Javisst ja. Han ger lunchkonsert i S:t Olai kyrka ocks\u00e5 just den h\u00e4r dagen, det \u00e4r h\u00e4r vi ses.<\/strong> Blir avsl\u00e4ppt med fiolen och g\u00e5r in i kyrkan medan f\u00f6r\u00e4ldrarna parkerar bilen. Det \u00e4r 20 minuter kvar till konserten och Johan f\u00f6rsvinner in i sakristian. Snart kommer Inger Dalene, flygeln nedanf\u00f6r trappan till koret justeras s\u00e5 att solljuset inte ska falla just d\u00e4r. Hon st\u00e4ller upp noter, Grieg <em>Sonate<\/em> st\u00e5r det p\u00e5 ett tjockt partitur.<\/p>\n<p>\u2013 Nej, det beh\u00f6vs inte, svarar hon p\u00e5 vaktm\u00e4starens fr\u00e5ga om Johan ska ha ett notst\u00e4ll.<\/p>\n<p>Johan kommer ut, sl\u00e5r an ett A p\u00e5 flygeln, sedan p\u00e5 fiolen \u2013 perfekt st\u00e4mning s\u00e5 vitt jag kan h\u00f6ra \u2013 g\u00e5r iv\u00e4g igen f\u00f6r att finst\u00e4mma vidare i sakristian.<\/p>\n<p><strong>\u2013 Johan ska t\u00e4vla i The Menuhin Competition i London snart.<\/strong> Vi ska d\u00e4rf\u00f6r f\u00f6rest\u00e4lla oss att ni \u00e4r juryn, s\u00e4ger Inger Dalene innan hon \u00f6ppnar f\u00f6r Grieg.<\/p>\n<p>&nbsp;<\/p>\n<p><a title=\"Johan Dalene\" href=\"https:\/\/www.flickr.com\/photos\/kultursidan\/25408237633\/in\/album-72157664024166364\/\"><img loading=\"lazy\" decoding=\"async\" src=\"https:\/\/farm2.staticflickr.com\/1453\/25408237633_627c1357a9.jpg\" alt=\"Johan Dalene\" width=\"500\" height=\"333\" \/><\/a><br \/>\n<em>Nationalromantik. Edvard Grieg. Sonate F-dur nr 1. Sats 1.<\/em><\/p>\n<p>&nbsp;<\/p>\n<p><strong>Violinisten Johan Dalene har hunnit bli 15 \u00e5r.<\/strong> Han \u00e4r en av de musikbeg\u00e5vningar som finns i Norrk\u00f6ping och, som n\u00e5gon s\u00e4ger efter konserten, s\u00e5 tar han vara p\u00e5 sin beg\u00e5vning. Johan b\u00f6rjade spela som fyra\u00e5ring, han upptr\u00e4dde som solist med SON n\u00e4r han var sju. Han b\u00f6rjade t\u00e4vla strax d\u00e4refter, med mamma Inger Dalene som skicklig och lyh\u00f6rd ackompanjat\u00f6r. Det g\u00e5r ofta bra f\u00f6r honom i t\u00e4vlingarna.<\/p>\n<p>\u2013 Mamma och pappa pushade mig n\u00e4r jag var mindre. Men jag tyckte det var kul, har alltid varit intresserad, alltid \u00f6vat, s\u00e4ger Johan n\u00e4r vi satt oss runt det tunga ekbordet i sakristian efter konserten.<\/p>\n<p>\u2013 Han har stark drivkraft, understryker pappa Torstein Dalene som sj\u00e4lv \u00e4r cellist i Norrk\u00f6pings symfoniorkester.<\/p>\n<p>\u2013 Nuf\u00f6rtiden f\u00e5r vi faktiskt s\u00e4ga till att \u201dnu f\u00e5r du sluta spela\u201d, till\u00e4gger mamma Inger som kombinerar musiken, hon \u00e4r k\u00f6rledare ocks\u00e5, med sitt arbete som l\u00e4kare.<\/p>\n<p>Johan upptr\u00e4der g\u00e4rna som solist, ofta tillsammans med Inger Dalene. H\u00e4r i Norrk\u00f6ping har han tagit emot kulturstipendium av kommunen och \u00e4ven stora G.T. B\u00e4ckmans stipendium.<\/p>\n<p><strong>F\u00f6rsta satsen i Griegs <em>Sonate i F-dur<\/em> \u00e4r naturromantisk.<\/strong> Den g\u00e5r fr\u00e5n v\u00e5rl\u00e4tt till dramatik, Johan arbetar med nyanser och fraseringar med kammarmusikalisk intensitet. Det \u00e4r i s\u00e5dana h\u00e4r musikstunder jag undrar vad som \u00e4r vitsen med stora orkestrar.<\/p>\n<p>I n\u00e4sta stycke, <em>Etude Caprice nr 4<\/em> av H. Wieniawski, briljerar han med sin snabbhet. Fingrarna flyger \u00f6ver str\u00e4ngarna. Str\u00e5ken far i korta tag. Styrkan i appl\u00e5derna efter varje stycke upplyser om att b\u00e4nkarna i S:t Olai kyrka fyllts p\u00e5 sedan jag kom och satte mig l\u00e4ngst fram.<\/p>\n<p><strong>Johan \u00e4r r\u00f6rlig, spelar med hela kroppen.<\/strong> \u00d6gonen tittar \u00f6msom rakt fram, lite fr\u00e5nvarande, \u00f6msom blickar han ner mot golvet, kanske blundar. Jag skriver ner n\u00e5gra fr\u00e5gor i marginalen. Vem har best\u00e4mt t\u00e4vlingsprogrammet? Vad k\u00e4nner du? Vad ser du, var befinner du dig n\u00e4r du spelar?<\/p>\n<p>&nbsp;<\/p>\n<p><a title=\"Johan Dalene\" href=\"https:\/\/www.flickr.com\/photos\/kultursidan\/25917679952\/in\/album-72157664024166364\/\"><img loading=\"lazy\" decoding=\"async\" src=\"https:\/\/farm2.staticflickr.com\/1523\/25917679952_06ea4fac29.jpg\" alt=\"Johan Dalene\" width=\"500\" height=\"333\" \/><\/a><br \/>\n<em>Anslag. Violinens toner kl\u00e4ttrar. I Bachs violinkonsert framtr\u00e4der \u00e4ven pianot som soloinstrument, inte bara ackompanjemang.<\/em><\/p>\n<p>&nbsp;<\/p>\n<p><strong>\u2013 Jag t\u00e4nker inte, jag bara \u00e4r i musiken. <\/strong>Det \u00e4r viktigt att bli uppslukad av musiken. Viktigt att inte beh\u00f6va t\u00e4nka p\u00e5 tekniken.<\/p>\n<p>Din musik ber\u00f6r och v\u00e4cker k\u00e4nslor hos mig och hos de andra som lyssnar. Vad k\u00e4nner du sj\u00e4lv?<\/p>\n<p>\u2013 Jag k\u00e4nner alla k\u00e4nslor n\u00e4r jag spelar. Men jag lyssnar inte till mitt eget spel. N\u00e4r jag spelar s\u00e5 m\u00e5ste jag inte vara j\u00e4ttekoncentrerad. Det \u00e4r bara h\u00e4rligt!<\/p>\n<p><strong>Bachs <em>Violinkonsert i E-dur<\/em>.<\/strong> Adagiot \u00e4r ett st\u00e4mningsstycke med sk\u00f6nhet, sorg och tr\u00f6st. Inger Dalenes ackompanjemang (vilken fantastisk familjesituation de har) \u00e4r mjukt och stadigt. Violinens toner vill kl\u00e4ttra upp i ett tr\u00e4d d\u00e4r solljuset glittrar i l\u00f6vkronan. Allegrot dansant och luftigt, skickligt spelat.<\/p>\n<p>Jag skriver vidare i marginalen: Vad f\u00e5r du f\u00f6r professionell kritik och r\u00e5d? Det \u00e4r en bra fr\u00e5ga som jag k\u00e4nner mig n\u00f6jd med men jag f\u00e5r aldrig n\u00e5got riktigt svar under intervjun. Men jag f\u00e5r \u00e4nd\u00e5 intrycket att l\u00e4rare och impulser \u00e4r oerh\u00f6rt viktiga.<\/p>\n<p><strong>Konsertens musikstycken som ocks\u00e5 \u00e4r t\u00e4vlingens \u00e4r f\u00f6rutbest\u00e4mda.<\/strong> Det ska vara <em>den<\/em> sonaten av Grieg, med viss frihet att v\u00e4lja sats, liksom d\u00e4r \u00e4r flera etyder av Wienawski att v\u00e4lja mellan. Sak samma med \u00f6vriga stycken.<\/p>\n<p>T\u00e4vlingen, som har sitt namn efter Yehudi Menuhin, en p\u00e5 sin tid v\u00e4rldsber\u00f6md violinist som debuterade som elva\u00e5ring, v\u00e4nder sig enbart till unga violinister. Johan t\u00e4vlar, som ende svensk, i Juniorklassen. F\u00f6rsta pris \u00e4r att f\u00e5 l\u00e5na en fin gammal italiensk violin under ett \u00e5r plus 5.000 pund.<\/p>\n<p>\u2013 Den som vinner i Seniorklassen f\u00e5r l\u00e5na en Stradivarius fr\u00e5n 1700-talet under ett \u00e5r, s\u00e4ger Johan och l\u00e5ter som att han \u00f6nskar att han \u00e4r ett \u00e5r \u00e4ldre.<\/p>\n<p>&nbsp;<\/p>\n<p><a title=\"Johan Dalene\" href=\"https:\/\/www.flickr.com\/photos\/kultursidan\/25943782591\/in\/album-72157664024166364\/\"><img loading=\"lazy\" decoding=\"async\" src=\"https:\/\/farm2.staticflickr.com\/1641\/25943782591_61ff1151f0.jpg\" alt=\"Johan Dalene\" width=\"500\" height=\"345\" \/><\/a><br \/>\n<em>D\u00e4r satt den! Klangen vibrerar fortfarande i kyrkorummet.<\/em><\/p>\n<p>&nbsp;<\/p>\n<p><strong>Menuhin Competition \u00e4r mer som en festival \u00e4n en t\u00e4vling tycker han.<\/strong> Vid sidan av t\u00e4vlingarna genomf\u00f6rs flera konserter och annat. De som inte g\u00e5r vidare f\u00e5r ett mycket fint tr\u00f6stpris, jurymedlemmarna h\u00e5ller master class. En av Johans f\u00f6rebilder Ray Chen sitter i juryn.<\/p>\n<p>Noterna har funnits hemma i huset sedan f\u00f6rra sommaren.<\/p>\n<p>\u2013 Han har varit upptagen av att hitta r\u00e4tt klang. \u201dHur fungerar det h\u00e4r uttrycket, den h\u00e4r frasen?\u201d, beskriver pappa Torstein det g\u00e5ngna \u00e5ret. Det handlar om att frig\u00f6ra sig fr\u00e5n tekniken f\u00f6r att n\u00e5 uttrycket.<\/p>\n<p><strong><em>Balada<\/em> av G Enescu sammanfattar konserten. <\/strong>Det \u00e4r dramatiskt, fr\u00e5n djupaste toner till det allra sk\u00f6raste. Med detta stycke har Johan visat sin f\u00f6rm\u00e5ga att spela musik som sp\u00e4nner \u00f6ver \u00e5rhundraden fr\u00e5n Bachs 1600-tal till nutida musik.<\/p>\n<p>Appl\u00e5derna lockar fram ett extranummer, avsett f\u00f6r t\u00e4vlingens semifinal. Det \u00e4r skrivet av svensken Martin Engstr\u00f6m, som ocks\u00e5 sitter i juryn. Jag h\u00f6r f\u00e5gelkvitter, virvlar. Det \u00e4r l\u00e4ttsamt fragmentariskt, virtuost och fyllt av energi.<\/p>\n<p>Finalisterna, Johan hoppas f\u00f6rst\u00e5s n\u00e5 hela v\u00e4gen, ska spela ett helt nyskrivet stycke som ut\u00f6ver sj\u00e4lva noterna inneh\u00e5ller instruktioner om r\u00f6relser i rummet, att byta sordin och andra specialiteter.<\/p>\n<p><strong>I Johan Dalene har Norrk\u00f6ping en briljant musikbeg\u00e5vning.<\/strong> Det inneb\u00e4r att han t\u00e4vlar mot 21 lika briljanta violinister. Det \u00e4r l\u00e4nge sedan det handlade om fel eller r\u00e4tt, eller ens om skicklighet. Nu \u00e4r det fr\u00e5ga om tolkning och uttryck. Hur ska juryn kunna v\u00e4lja? Johans lugna svar \u00e4r att &#8221;det \u00e4r subjektivt&#8221;.<\/p>\n<p>\u2013 Jag hinner med skolan och jag har kompisar, f\u00f6rs\u00e4krar Johan Dalene.<\/p>\n<p>\u00a9 <em>Text och foto: Ann-Charlotte Sandelin<\/em><\/p>\n<p>BILDSPEL (FLASH) \u2013 KLICKA P\u00c5 BILDEN <em><br \/>\nALT\/MOBIL: SE BILDSPELET <a title=\"Bildspel\" href=\"https:\/\/www.flickr.com\/photos\/kultursidan\/sets\/72157664024166364\/show\/\" target=\"_blank\">H\u00c4R<\/a><\/em><br \/>\n<object width=\"400\" height=\"300\"><param name=\"flashvars\" value=\"offsite=true&amp;lang=en-us&amp;page_show_url=%2Fphotos%2Fkultursidan%2Fsets%2F72157664024166364%2Fshow%2F&amp;page_show_back_url=%2Fphotos%2Fkultursidan%2Fsets%2F72157664024166364%2F&amp;set_id=72157664024166364&amp;jump_to=\" \/><param name=\"movie\" value=\"https:\/\/www.flickr.com\/apps\/slideshow\/show.swf?v=1811922554\" \/><param name=\"allowFullScreen\" value=\"true\" \/><\/object><\/p>\n<blockquote>\n<h3><em>S:T OLAI KYRKA Norrk\u00f6ping<\/em><\/h3>\n<p>17 mars 2016<\/p>\n<h3><em>RISINGE KYRKA Finsp\u00e5ng<br \/>\n<\/em><\/h3>\n<p>19 mars 2016<em><br \/>\n<\/em><\/p>\n<p><em><strong>Konsert<br \/>\n<\/strong>Johan Dalene, violin<\/em><br \/>\n<em> Inger Dalene, piano<\/em><\/p>\n<p style=\"padding-left: 30px;\"><em>PROGRAM<\/em><br \/>\n<em> E Grieg \u2013 Sonate F-dur nr 1, sats 1<\/em><br \/>\n<em> H. Wieniawski \u2013 Etude Caprice nr 4<\/em><br \/>\n<em> J.S. Bach \u2013 Violinkonsert E-dur, Sats II Adagio, Sats III Allegro assai<\/em><br \/>\n<em> G. Enescu \u2013 Balada<\/em><\/p>\n<\/blockquote>\n<p>L\u00c4NKAR<br \/>\nMenuhin competition <a href=\"http:\/\/menuhincompetition.org\" target=\"_blank\">hemsida <\/a><br \/>\nYehudi Menuhin <a href=\"https:\/\/sv.wikipedia.org\/wiki\/Yehudi_Menuhin\" target=\"_blank\">Wikipedia <\/a><br \/>\nSvenska ambassaden i London <a href=\"http:\/\/www.swedenabroad.com\/en-GB\/Embassies\/London\/Current-affairs\/Events\/Sweden-at-Menuhin-Competition-2016--sys\/\" target=\"_blank\">pressmeddelande <\/a><br \/>\nDe fick kommunens kulturstipendier 2015 <a href=\"https:\/\/www.kultursidan.nu\/?p=22881\" target=\"_blank\">reportage<\/a> Kultursidan.nu 15\/12 2015<br \/>\nH\u00f6gklassig stipendiekonsert <a href=\"https:\/\/www.kultursidan.nu\/?p=18424\" target=\"_blank\">reportage<\/a> Kultursidan.nu 5\/1 2015<br \/>\nJohan Dalene f\u00e5r stort stipendium <a href=\"https:\/\/www.kultursidan.nu\/?p=18006\" target=\"_blank\">reportage<\/a> Kultursidan.nu 25\/11 2014<\/p>\n","protected":false},"excerpt":{"rendered":"<p>NORRK\u00d6PING \u201dJag t\u00e4nker inte, jag bara \u00e4r i musiken, det \u00e4r viktigt att bli uppslukad av musiken.\u201d Johan Dalene gav tv\u00e5 konserter i veckan inf\u00f6r v\u00e4rldens viktigaste t\u00e4vling f\u00f6r unga violinister. Fast Menuhin Competition \u00e4r mer som en hel festival. <a class=\"continue-reading-link\" href=\"https:\/\/www.kultursidan.nu\/?p=24539\">L\u00e4s mer <span class=\"meta-nav\">&rarr; <\/span><\/a><\/p>\n","protected":false},"author":1001006,"featured_media":0,"comment_status":"closed","ping_status":"open","sticky":false,"template":"","format":"standard","meta":{"_jetpack_memberships_contains_paid_content":false,"footnotes":""},"categories":[7],"tags":[13],"class_list":["post-24539","post","type-post","status-publish","format-standard","hentry","category-norrkoping","tag-musik"],"jetpack_featured_media_url":"","jetpack_sharing_enabled":true,"_links":{"self":[{"href":"https:\/\/www.kultursidan.nu\/index.php?rest_route=\/wp\/v2\/posts\/24539","targetHints":{"allow":["GET"]}}],"collection":[{"href":"https:\/\/www.kultursidan.nu\/index.php?rest_route=\/wp\/v2\/posts"}],"about":[{"href":"https:\/\/www.kultursidan.nu\/index.php?rest_route=\/wp\/v2\/types\/post"}],"author":[{"embeddable":true,"href":"https:\/\/www.kultursidan.nu\/index.php?rest_route=\/wp\/v2\/users\/1001006"}],"replies":[{"embeddable":true,"href":"https:\/\/www.kultursidan.nu\/index.php?rest_route=%2Fwp%2Fv2%2Fcomments&post=24539"}],"version-history":[{"count":0,"href":"https:\/\/www.kultursidan.nu\/index.php?rest_route=\/wp\/v2\/posts\/24539\/revisions"}],"wp:attachment":[{"href":"https:\/\/www.kultursidan.nu\/index.php?rest_route=%2Fwp%2Fv2%2Fmedia&parent=24539"}],"wp:term":[{"taxonomy":"category","embeddable":true,"href":"https:\/\/www.kultursidan.nu\/index.php?rest_route=%2Fwp%2Fv2%2Fcategories&post=24539"},{"taxonomy":"post_tag","embeddable":true,"href":"https:\/\/www.kultursidan.nu\/index.php?rest_route=%2Fwp%2Fv2%2Ftags&post=24539"}],"curies":[{"name":"wp","href":"https:\/\/api.w.org\/{rel}","templated":true}]}}