{"id":24591,"date":"2016-03-30T18:42:01","date_gmt":"2016-03-30T17:42:01","guid":{"rendered":"https:\/\/intelligent-friend-7861.standoutwp.com\/?p=24591"},"modified":"2016-03-30T18:42:01","modified_gmt":"2016-03-30T17:42:01","slug":"jakob-sjoberg-regisserar-frukostklubben","status":"publish","type":"post","link":"https:\/\/www.kultursidan.nu\/?p=24591","title":{"rendered":"Jakob Sj\u00f6berg regisserar Frukostklubben"},"content":{"rendered":"<p><img loading=\"lazy\" decoding=\"async\" class=\"alignnone size-medium wp-image-24592\" src=\"https:\/\/www.kultursidan.nu\/wp-content\/uploads\/2016\/03\/DSCF2658-567x378.jpg\" alt=\"Jakob Sj\u00f6berg\" width=\"567\" height=\"378\" srcset=\"https:\/\/www.kultursidan.nu\/wp-content\/uploads\/2016\/03\/DSCF2658-567x378.jpg 567w, https:\/\/www.kultursidan.nu\/wp-content\/uploads\/2016\/03\/DSCF2658-768x512.jpg 768w, https:\/\/www.kultursidan.nu\/wp-content\/uploads\/2016\/03\/DSCF2658-1024x682.jpg 1024w, https:\/\/www.kultursidan.nu\/wp-content\/uploads\/2016\/03\/DSCF2658-500x333.jpg 500w, https:\/\/www.kultursidan.nu\/wp-content\/uploads\/2016\/03\/DSCF2658-150x100.jpg 150w, https:\/\/www.kultursidan.nu\/wp-content\/uploads\/2016\/03\/DSCF2658.jpg 1280w\" sizes=\"auto, (max-width: 567px) 100vw, 567px\" \/><br \/>\n<em>Regiss\u00f6r \u00e4r en ny roll f\u00f6r Jakob Sj\u00f6berg. Nu s\u00e4tter han upp Frukostklubben p\u00e5 Kvartersteatern.<br \/>\n<\/em><\/p>\n<p>&nbsp;<\/p>\n<h1><span style=\"color: #ff0000;\">&#8221;Det finns alltid missf\u00f6rst\u00e5dda ungdomar&#8221;<\/span><\/h1>\n<p>&nbsp;<\/p>\n<p><strong>\u201dJag trivs bra i regirollen.\u201d<\/strong> Att sk\u00e5despelaren Jakob Sj\u00f6berg skulle b\u00f6rja regissera var hans l\u00e4rares id\u00e9. Nu har han samlat ett g\u00e4ng sk\u00e5despelare med skilda erfarenheter. <em>Frukostklubben<\/em> handlar om ton\u00e5ringar som f\u00e5tt kvarsittning.<\/p>\n<p><strong>Jakob Sj\u00f6berg \u00e4r killen som tog ett rej\u00e4lt tag om teaterdr\u00f6mmarna<\/strong> \u2013 efter en l\u00e5ng rad goda insatser i ambiti\u00f6sa amat\u00f6rteatersammanhang \u2013 och flyttade till New York. Efter tv\u00e5 \u00e5rs heltidsstudier vid The Neighborhood Playhouse School of the Theatre \u00e5terv\u00e4nde han till Norrk\u00f6ping. I h\u00f6stas s\u00e5g vi honom i Nerd Productions upps\u00e4ttning <em>Largo Desolato<\/em>.<\/p>\n<p>\u2013 Jag pratade med mina l\u00e4rare fr\u00e5n New York i somras, en av dem tyckte att jag skulle testa regi. Tanken slog rot, ber\u00e4ttar Jakob Sj\u00f6berg som valde <em>Frukostklubben<\/em>.<\/p>\n<p><strong>Pj\u00e4sen baseras p\u00e5 amerikanska filmen <em>The Breakfast Club<\/em>, om fem ton\u00e5ringar som f\u00e5r kvarsittning under en dag.<\/strong> Filmen som \u00e4r skriven och regisserad av John Hughes hade premi\u00e4r 1985. Snart fick den efterf\u00f6ljare p\u00e5 teaterscenen, \u00e4ven i Sverige.<\/p>\n<p>\u2013 Johan Pettersson satte upp <em>Frukostklubben<\/em> p\u00e5 Kvartersteatern 2002, Frida Nystr\u00f6m satte upp den 2009, drar Jakob pj\u00e4sens lokala historia.<\/p>\n<p>&nbsp;<\/p>\n<p><a title=\"Lisa \u00c5kerman och Johan w\u00e5hlin\" href=\"https:\/\/www.flickr.com\/photos\/kultursidan\/25534183563\/in\/album-72157666505984956\/\"><img loading=\"lazy\" decoding=\"async\" src=\"https:\/\/farm2.staticflickr.com\/1464\/25534183563_d275f174ca.jpg\" alt=\"Lisa \u00c5kerman och Johan w\u00e5hlin\" width=\"333\" height=\"500\" \/><\/a><br \/>\n<em>Schysst kille. Lisa \u00c5kerman gestaltar sk\u00f6ra Allison medan Johan W\u00e5hlin spelar idrottskillen Andrew.<\/em><\/p>\n<p>&nbsp;<\/p>\n<p><strong>Nu har Jakob handplockat sk\u00e5despelare med erfarenheter fr\u00e5n skilda h\u00e5ll och tagit med sig projektet in under Kvartersteaterns paraply.<\/strong> De kommer bland annat fr\u00e5n \u00d6stg\u00f6tateaterns upps\u00e4ttning <em>Sound of Music<\/em>, fr\u00e5n <em>Piraterna i Peking<\/em> och fr\u00e5n musikalen <em>Rent <\/em>samt <em>Largo Desolato<\/em>.<\/p>\n<p>\u2013 Det \u00e4r en tidl\u00f6s historia. Det finns alltid ungdomar som k\u00e4nner sig missf\u00f6rst\u00e5dda av omv\u00e4rlden, av vuxna och av andra ungdomar, f\u00f6rklarar musikalartisten Olle Petersson.<\/p>\n<p>Han spelar den tuffe John Bender som snart kommer p\u00e5 kant med Johan W\u00e5hlins sportkille. De fem ungdomarna \u00e4r ganska s\u00e5 typiserade, d\u00e4r \u00e4r \u00e4ven en pluggh\u00e4st, ett psykfall och en prinsessa. Alla med stark press p\u00e5 sig hemifr\u00e5n. Jakob Sj\u00f6berg menar att d\u00e4r finns en po\u00e4ng i att karakt\u00e4rerna \u00e4r stereotypa.<\/p>\n<p>\u2013 Det stereotypa \u00e4r f\u00f6rminskande men det \u00e4r ett \u00f6ppnare s\u00e4tt fr\u00e5n b\u00f6rjan, anser Olle Petersson och pekar p\u00e5 fler aspekter i rollbygget, som den sociala rollen och andra yttre influenser.<\/p>\n<p>\u2013 Det k\u00e4nns som att man har ansvar f\u00f6r sin karakt\u00e4r, kontrar Johan W\u00e5hlin. Man kan g\u00f6ra rollen v\u00e4ldigt idealisk och typisk men vi spelar riktiga m\u00e4nniskor.<\/p>\n<p><strong>Tre f\u00f6rest\u00e4llningar \u00e4r inbokade nu i april, premi\u00e4ren den 15 och tv\u00e5 dagen d\u00e4rp\u00e5. Samt en i maj under Scenkonstfestivalen.<\/strong> Biljetterna har g\u00e5tt \u00e5t fort och Jakob Sj\u00f6berg \u00e4r \u00f6ppen f\u00f6r fler f\u00f6rest\u00e4llningar igen i h\u00f6st, det beror p\u00e5 om sk\u00e5despelarna kan och vill.<\/p>\n<p>Och bara f\u00f6r att den handlar om ungdomar f\u00f6ljer inte att den skulle sakna intresse f\u00f6r \u00e4ldre. \u00c4ven vuxna, som l\u00e4rare och f\u00f6r\u00e4ldrar, kan ha nytta av att p\u00e5minnas om hur det \u00e4r att vara ung.<\/p>\n<p>&nbsp;<\/p>\n<p><a title=\"Jacob Hermansson och Johan W\u00e5hlin\" href=\"https:\/\/www.flickr.com\/photos\/kultursidan\/25534183773\/in\/album-72157666505984956\/\"><img loading=\"lazy\" decoding=\"async\" src=\"https:\/\/farm2.staticflickr.com\/1474\/25534183773_3e6174e6fc.jpg\" alt=\"Jacob Hermansson och Johan W\u00e5hlin\" width=\"500\" height=\"333\" \/><\/a><br \/>\n<em>Hur kan klassens pluggh\u00e4st f\u00e5 kvarsittning? Jacob Hermanssons Brian har har ocks\u00e5 en pressad situation. Till h\u00f6ger Johan W\u00e5hlin som Andrew.<\/em><\/p>\n<p>&nbsp;<\/p>\n<p><strong>Perspektivbytet fr\u00e5n sk\u00e5despel till regi \u00e4r roligt tycker Jakob Sj\u00f6berg.<\/strong> \u201dJag trivs ganska bra i regirollen.\u201d Repetitionerna inleddes p\u00e5 hemmaplan, n\u00e4rmare best\u00e4mt i hans eget vardagsrum fram till att de kunde komma in i Kvartersteaterns Tredje kammaren p\u00e5 Teater Br\u00e5ddgatan 34 d\u00e4r de snart har premi\u00e4r.<\/p>\n<p>\u2013 Det \u00e4r intressant att diskutera roller och pj\u00e4sen. Och att hj\u00e4lpa och lotsa sk\u00e5despelarna fram\u00e5t, s\u00e4ger han.<\/p>\n<p>\u2013 Det som \u00e4r bra med Jakob \u00e4r att han fr\u00e5n b\u00f6rjan \u00e4r j\u00e4tte\u00f6ppen f\u00f6r f\u00f6rslag, ber\u00f6mmer Olle Petersson som uppskattar att kunna bolla id\u00e9er.<\/p>\n<p>\u2013 Det \u00e4r inte alltid man har en regiss\u00f6r som ger en lyxen med spelrum f\u00f6r att leka och testa, resonerar Johan W\u00e5hlin. Vi repar efter en linje men det \u00e4r ocks\u00e5 nu vi leker. N\u00e4r vi sedan g\u00e5r in i f\u00f6rest\u00e4llningen s\u00e5 preparerar jag mig s\u00e5 att det funkar, lever ocks\u00e5 d\u00e5.<\/p>\n<p>\u2013 Jag tror att man kan leka \u00e4ven under f\u00f6rest\u00e4llning, menar Jakob Sj\u00f6berg. Det \u00e4r d\u00e4rf\u00f6r det heter \u201dplay\u201d p\u00e5 engelska.<\/p>\n<p>\u00a9 <em>Text och foto: Ann-Charlotte Sandelin<\/em><\/p>\n<p>BILDSPEL (FLASH) \u2013 KLICKA P\u00c5 BILDEN <em><br \/>\nALT\/MOBIL: SE BILDSPELET <a title=\"Bildspel\" href=\"https:\/\/www.flickr.com\/photos\/kultursidan\/sets\/72157666505984956\/show\/\" target=\"_blank\">H\u00c4R<\/a><\/em><br \/>\n<object width=\"400\" height=\"300\"><param name=\"flashvars\" value=\"offsite=true&amp;lang=en-us&amp;page_show_url=%2Fphotos%2Fkultursidan%2Fsets%2F72157666505984956%2Fshow%2F&amp;page_show_back_url=%2Fphotos%2Fkultursidan%2Fsets%2F72157666505984956%2F&amp;set_id=72157666505984956&amp;jump_to=\" \/><param name=\"movie\" value=\"https:\/\/www.flickr.com\/apps\/slideshow\/show.swf?v=1811922554\" \/><param name=\"allowFullScreen\" value=\"true\" \/><\/object><\/p>\n<blockquote>\n<h3><em>3:e KAMMAREN, TEATER BR\u00c5DDGATAN 34 Norrk\u00f6ping<\/em><\/h3>\n<p>15\u201316 april, 5 maj 2016<em><br \/>\n<strong>Frukostklubben<br \/>\n<\/strong>av John Hughes<\/em><br \/>\n<em> Regi: Jakob Sj\u00f6berg<\/em><br \/>\n<em>Prod: Kvartersteatern<br \/>\n<\/em><\/p>\n<p style=\"padding-left: 30px;\"><em>SK\u00c5DESPELARE<br \/>\nClaire Standish, en prinsessa \u2013 Sally Celander<\/em><br \/>\n<em> John Bender, en f\u00f6rbrytare \u2013 Olle Petersson<\/em><br \/>\n<em> Andrew Clark, en idrottare \u2013 Johan W\u00e5hlin<\/em><br \/>\n<em> Brian Johnson, en hj\u00e4rna \u2013 Jacob Hermansson<\/em><br \/>\n<em> Allison Reynolds, ett psykfall \u2013 Lisa \u00c5kerman<\/em><br \/>\n<em> Richard Vernon, l\u00e4raren \u2013 Elias Dahlgren<\/em><br \/>\n<em> Carl Reed, skolans vaktm\u00e4stare \u2013 Johan Ivarson<\/em><\/p>\n<\/blockquote>\n<p>L\u00c4NKAR<br \/>\nKvartersteatern <a href=\"http:\/\/www.kvartersteatern.com\" target=\"_blank\">hemsida<\/a> <a href=\"https:\/\/www.facebook.com\/kvartersteatern.norrkoping?fref=ts\" target=\"_blank\">Facebook<\/a> <a href=\"https:\/\/www.facebook.com\/events\/101522550248168\/\" target=\"_blank\">FB-evenemang<\/a><\/p>\n","protected":false},"excerpt":{"rendered":"<p>NORRK\u00d6PING \u201dJag trivs bra i regirollen.\u201d Att sk\u00e5despelaren Jakob Sj\u00f6berg skulle b\u00f6rja regissera var hans l\u00e4rares id\u00e9. Nu har han samlat ett g\u00e4ng sk\u00e5despelare med skilda erfarenheter. Frukostklubben handlar om ton\u00e5ringar som f\u00e5tt kvarsittning. <a class=\"continue-reading-link\" href=\"https:\/\/www.kultursidan.nu\/?p=24591\">L\u00e4s mer <span class=\"meta-nav\">&rarr; <\/span><\/a><\/p>\n","protected":false},"author":1001006,"featured_media":0,"comment_status":"closed","ping_status":"open","sticky":false,"template":"","format":"standard","meta":{"_jetpack_memberships_contains_paid_content":false,"footnotes":""},"categories":[7],"tags":[12],"class_list":["post-24591","post","type-post","status-publish","format-standard","hentry","category-norrkoping","tag-teater"],"jetpack_featured_media_url":"","jetpack_sharing_enabled":true,"_links":{"self":[{"href":"https:\/\/www.kultursidan.nu\/index.php?rest_route=\/wp\/v2\/posts\/24591","targetHints":{"allow":["GET"]}}],"collection":[{"href":"https:\/\/www.kultursidan.nu\/index.php?rest_route=\/wp\/v2\/posts"}],"about":[{"href":"https:\/\/www.kultursidan.nu\/index.php?rest_route=\/wp\/v2\/types\/post"}],"author":[{"embeddable":true,"href":"https:\/\/www.kultursidan.nu\/index.php?rest_route=\/wp\/v2\/users\/1001006"}],"replies":[{"embeddable":true,"href":"https:\/\/www.kultursidan.nu\/index.php?rest_route=%2Fwp%2Fv2%2Fcomments&post=24591"}],"version-history":[{"count":0,"href":"https:\/\/www.kultursidan.nu\/index.php?rest_route=\/wp\/v2\/posts\/24591\/revisions"}],"wp:attachment":[{"href":"https:\/\/www.kultursidan.nu\/index.php?rest_route=%2Fwp%2Fv2%2Fmedia&parent=24591"}],"wp:term":[{"taxonomy":"category","embeddable":true,"href":"https:\/\/www.kultursidan.nu\/index.php?rest_route=%2Fwp%2Fv2%2Fcategories&post=24591"},{"taxonomy":"post_tag","embeddable":true,"href":"https:\/\/www.kultursidan.nu\/index.php?rest_route=%2Fwp%2Fv2%2Ftags&post=24591"}],"curies":[{"name":"wp","href":"https:\/\/api.w.org\/{rel}","templated":true}]}}