{"id":24623,"date":"2016-04-02T09:41:17","date_gmt":"2016-04-02T08:41:17","guid":{"rendered":"https:\/\/intelligent-friend-7861.standoutwp.com\/?p=24623"},"modified":"2016-04-04T09:36:26","modified_gmt":"2016-04-04T08:36:26","slug":"sa-lange-skutan-kan-ga-med-sven-bertil-recension","status":"publish","type":"post","link":"https:\/\/www.kultursidan.nu\/?p=24623","title":{"rendered":"S\u00e5 l\u00e4nge skutan kan g\u00e5 med Sven-Bertil (recension)"},"content":{"rendered":"<p><img loading=\"lazy\" decoding=\"async\" class=\"alignnone size-medium wp-image-24626\" src=\"https:\/\/www.kultursidan.nu\/wp-content\/uploads\/2016\/04\/DSCF2771-567x378.jpg\" alt=\"Sven-Bertil Taube\" width=\"567\" height=\"378\" srcset=\"https:\/\/www.kultursidan.nu\/wp-content\/uploads\/2016\/04\/DSCF2771-567x378.jpg 567w, https:\/\/www.kultursidan.nu\/wp-content\/uploads\/2016\/04\/DSCF2771-768x512.jpg 768w, https:\/\/www.kultursidan.nu\/wp-content\/uploads\/2016\/04\/DSCF2771-1024x682.jpg 1024w, https:\/\/www.kultursidan.nu\/wp-content\/uploads\/2016\/04\/DSCF2771-500x333.jpg 500w, https:\/\/www.kultursidan.nu\/wp-content\/uploads\/2016\/04\/DSCF2771-150x100.jpg 150w, https:\/\/www.kultursidan.nu\/wp-content\/uploads\/2016\/04\/DSCF2771.jpg 1280w\" sizes=\"auto, (max-width: 567px) 100vw, 567px\" \/><br \/>\n<em>L\u00e5t oss g\u00e5, l\u00e5t oss g\u00e5 till lyktkaf\u00e9t. Sven-Bertil Taube kom tillbaka och sj\u00f6ng med Norrk\u00f6pings symfoniorkester i \u00e5r igen.<br \/>\n<\/em><\/p>\n<p>&nbsp;<\/p>\n<h1><span style=\"color: #ff0000;\">M\u00e5nga och l\u00e5nga anekdoter<\/span><\/h1>\n<p>&nbsp;<\/p>\n<p><strong>Sven-Bertil Taube \u00e4r fyllda 81 \u00e5r.<\/strong> Han har problem med synen, men minnet \u00e4r det inget fel p\u00e5 och som han kan konsten att ber\u00e4tta. T\u00e4nk att sitta och lyssna p\u00e5 den mannen framf\u00f6r en brasa vid en kura skymningafton n\u00e5gonstans! Himmelskt.<\/p>\n<p>Albumet <em>Hommage<\/em> som kom ut h\u00f6sten 2014 fick ett fantastiskt mottagande och den blev b\u00e5de guldskiva och fick en Grammis. Det gav blodad tand varf\u00f6r han 2015 kom ut med <em>Hommage nr 2 \u2013 en hyllning till mina v\u00e4nner<\/em>, d\u00e4r han forts\u00e4tter att tolka verk av v\u00e4nnerna Olle Adolphson, Ulf Bj\u00f6rlin, Lars Forsell, Carl Fredrik Reutersw\u00e4rd och Gunnar Bohman.<\/p>\n<p><strong>De Geerhallen \u00e4r denna afton fylld till sista plats, liksom vid konserten f\u00f6r n\u00e4stan exakt \u00e5r sedan<\/strong>. F\u00f6r dem som var d\u00e4r \u00e4ven d\u00e5 blir det i m\u00e5ngt och mycket en repris, en god s\u00e5dan. F\u00f6r alla nytillkomna en h\u00e4rlig upplevelse.<\/p>\n<p>Inledningen <em>Suite Bologne, sats 6 <\/em>av Bo Lind \u00e4r glad, sprallig och medryckande. Dirigenten liksom studsar framme vid pulten. In kommer s\u00e5, framskuttande p\u00e5 scenen med sm\u00e5 hoppsa-steg, herr Taube som genast s\u00e4tter ig\u00e5ng med att med tydlig frasering i texten sjunga Olle Adolphsons <em>L\u00e5t oss g\u00e5, l\u00e5t oss g\u00e5 p\u00e5 lyktkaf\u00e9t.<\/em><\/p>\n<p>D\u00e4rp\u00e5 hyllar Sven-Bertil Norrk\u00f6pings symfoniorkester i allm\u00e4nhet och dirigenten Peter Nordahl i synnerhet. Peter Nordahl har arrangerat eller nykomponerat samtliga av kv\u00e4llens melodier.<\/p>\n<p>&nbsp;<\/p>\n<p><a title=\"Sven-Bertil Taube\" href=\"https:\/\/www.flickr.com\/photos\/kultursidan\/26174269585\/in\/album-72157666538740681\/\"><img loading=\"lazy\" decoding=\"async\" src=\"https:\/\/farm2.staticflickr.com\/1540\/26174269585_12d9349821.jpg\" alt=\"Sven-Bertil Taube\" width=\"500\" height=\"333\" \/><\/a><br \/>\n<em> R\u00f6tt ljus. St\u00e4mningen under konserten f\u00f6rst\u00e4rktes av en dynamisk och f\u00f6ljsam ljuss\u00e4ttning.<\/em><\/p>\n<p>&nbsp;<\/p>\n<p><strong>Tre saker \u00e4r b\u00e4st denna kv\u00e4ll. <\/strong>B\u00e4st \u00e4r Sven-Bertil Taubes s\u00e5ng. Liksom hans s\u00e4tt att recitera dikter, hans s\u00e4tt att dramatisera. Som till exempel vid recitationen av dikten <em>Apotheos<\/em> ur diktsamlingen Katharsis av Gunnar Bohman, allt till en bakgrundsmatta av nykomponerad musik av Peter Nordahl.<\/p>\n<p><strong>B\u00e4st \u00e4r ocks\u00e5 ljuss\u00e4ttningen, som blir en del av helheten.<\/strong> Ljuss\u00e4ttaren har verkligen f\u00f6rst\u00e5tt att ljuss\u00e4tta s\u00e5 att ljuset f\u00f6ljer med i musikens tong\u00e5ngar, sommarl\u00e4tt och ljust d\u00e4r det \u00e4r dur och mustigare f\u00e4rger d\u00e4r det \u00e4r mer eftert\u00e4nksamt och melankoliskt, ytterligare m\u00f6rkare d\u00e4r tonerna klingar i moll. Suver\u00e4nt av Joni Lohvansuu!<\/p>\n<p><strong>B\u00e4st (nr 3) \u00e4r de m\u00e5nga och l\u00e5nga anekdoterna som ber\u00e4ttas mellan s\u00e5ngstyckena.<\/strong> Det kan handla om n\u00e4r Sven-Bertil bodde i en fiskarstuga i Spanien och fick s\u00e4llskap av en hund som han kallade Solo. Den hunden var den f\u00f6rsta som fick h\u00f6ra s\u00e5ngen <em>Sk\u00e4rg\u00e5rdsbrevet<\/em> av Olle Adolphson.<\/p>\n<p>Eller historien om hur Olle Adolphson fick gitarrlektioner av Sven-Bertil sedan han sj\u00e4lv varit p\u00e5 gitarrlektion hos en l\u00e4rare i Malaga. Den l\u00e4raren undervisade ju tv\u00e5 elever, fast han visste bara om den ena, ber\u00e4ttar Sven-Bertil.<\/p>\n<p><strong>Han ber\u00e4ttar ocks\u00e5 om f\u00f6rsta g\u00e5ngen han var hemma i Carl-Fredrik Reutersw\u00e4rds v\u00e5ning och speciellt i dennes rum.<\/strong> \u201dDet var helt overkligt \u2013 allt var randigt. Golvet var randigt, v\u00e4ggarna randiga, taket randigt, s\u00e4ng\u00f6verkastet, gardinerna. I alla palettens f\u00e4rger, men randigt, randigt, randigt.\u201d<\/p>\n<p>&nbsp;<\/p>\n<p><a title=\"Sven-Bertil Taube och Peter Nordahl\" href=\"https:\/\/www.flickr.com\/photos\/kultursidan\/26081797912\/in\/album-72157666538740681\/\"><img loading=\"lazy\" decoding=\"async\" src=\"https:\/\/farm2.staticflickr.com\/1661\/26081797912_600efe8e1a.jpg\" alt=\"Sven-Bertil Taube och Peter Nordahl\" width=\"500\" height=\"333\" \/><\/a><br \/>\n<em>Stolt samarbete. Vid sidan av Sven-Bertil Taube st\u00e5r dirigenten Peter Nordahl som skapat orkesterarrangemangen, och \u00e4ven gjort n\u00e5gra nya tons\u00e4ttningar, till konserten och till b\u00e5da Hommage-skivorna.<\/em><\/p>\n<p>&nbsp;<\/p>\n<p><strong>Ni som l\u00e4st mina recensioner h\u00e4r hos Kultursidan.nu, vet att jag brukar s\u00f6ka \u201dfrys\u00f6gonblick\u201d.<\/strong> Jag f\u00e5r tre s\u00e5dana denna afton. Det f\u00f6rsta kommer vid <em>S\u00e5 l\u00e4nge skutan kan g\u00e5<\/em>, i ett fenomenalt och h\u00e4ftigt arrangemang. Det \u00e4r ocks\u00e5 denna som f\u00e5r kv\u00e4llens l\u00e4ngsta appl\u00e5d.<\/p>\n<p>G\u00e5shud och frysa blir det ocks\u00e5 vid <em>Trubbel <\/em>som reciteras p\u00e5 ett underbart s\u00e4tt och arrangemanget \u00e4r helt fantastiskt. Och sist men inte minst blir det ocks\u00e5 g\u00e5shud och frysa vid <em>Ge mig en dag<\/em> som \u00e4r n\u00e4stan som en b\u00f6n. Innerlig och Intim och Mycket vacker.<\/p>\n<p>Jag gillar ocks\u00e5 Olle Adolphsons <em>Monte Carlo.<\/em> Kanske inget frys\u00f6gonblick, men det \u00e4r en rolig, sm\u00e5tt vanvettig historia som blandar s\u00e5ng och recitation i ett snabbt och lite galet tempo.<\/p>\n<p><strong>Kv\u00e4llen n\u00e4rmar sig sitt slut och Sven-Bertil Taube och Norrk\u00f6pings symfoniorkester f\u00e5r st\u00e5ende ovationer.<\/strong> Naturligtvis blir det extranummer. Det \u00e4r Lisa Nilssons <em>Himlen runt h\u00f6rnet, <\/em>som Sven-Bertil gjorde s\u00e5dan succ\u00e9 med i TV-programmet \u201dS\u00e5 mycket b\u00e4ttre\u201d.<\/p>\n<p>Och s\u00e5 f\u00e5r vi h\u00f6ra den vackra <em>Ett sista glas <\/em>som Miriam Bryant just nu har s\u00e5dana framg\u00e5ngar med. Den har en fantastisk text skriven av Lars Forsell som slutar: \u201dJag g\u00e5r min v\u00e4g, men stanna ni\/ God natt, m\u00e5 gl\u00e4djen lysa er!\u201d<\/p>\n<p>\u00a9 <em>Text: Eva Lindblad<br \/>\n<\/em>\u00a9 <em>Foto: <\/em><em>Ann-Charlotte Sandelin<\/em><\/p>\n<p>BILDSPEL (FLASH) \u2013 KLICKA P\u00c5 BILDEN <em><br \/>\nALT\/MOBIL: SE BILDSPELET <a title=\"Bildspel\" href=\"https:\/\/www.flickr.com\/photos\/kultursidan\/sets\/72157666538740681\/show\/\" target=\"_blank\">H\u00c4R<\/a><\/em><br \/>\n<object width=\"400\" height=\"300\"><param name=\"flashvars\" value=\"offsite=true&amp;lang=en-us&amp;page_show_url=%2Fphotos%2Fkultursidan%2Fsets%2F72157666538740681%2Fshow%2F&amp;page_show_back_url=%2Fphotos%2Fkultursidan%2Fsets%2F72157666538740681%2F&amp;set_id=72157666538740681&amp;jump_to=\" \/><param name=\"movie\" value=\"https:\/\/www.flickr.com\/apps\/slideshow\/show.swf?v=1811922554\" \/><param name=\"allowFullScreen\" value=\"true\" \/><\/object><\/p>\n<blockquote>\n<h3><em>DE GEERHALLEN Norrk\u00f6ping<\/em><\/h3>\n<p>1 april 2016<em><br \/>\n<strong>Sven-Bertil Taube<br \/>\nHommage \u2013 en hyllning till v\u00e4nner<\/strong> <\/em><br \/>\n<em> Norrk\u00f6pings Symfoniorkester<\/em><br \/>\n<em> Dirigent: Peter Nordahl.<\/em><br \/>\n<em> Konsertm\u00e4stare: Mikael Wenhov<br \/>\nLjuss\u00e4ttning: Joni Lohvansuu<br \/>\n<\/em><\/p>\n<p style=\"padding-left: 30px;\"><em>L\u00c5TLISTA<\/em><br \/>\n<em> Suite Bologne, sats 6 (Bo Linder)<\/em><br \/>\n<em> L\u00e5t oss g\u00e5, l\u00e5t oss g\u00e5 till lyktkaf\u00e9t (Olle Adolphson)<\/em><br \/>\n<em> Apotheos (Peter Nordahl)<\/em><br \/>\n<em> Post Festum (Olle Adolphson)<\/em><br \/>\n<em> Sk\u00e4rg\u00e5rdsbrevet (Olle Adolphson)<\/em><br \/>\n<em> F\u00f6rlorad igen (Niklas Str\u00f6mstedt)<\/em><br \/>\n<em> S\u00e5 skimrande var aldrig havet (Evert Taube)<\/em><br \/>\n<em> Shanty (Ulf Bj\u00f6rlin)<\/em><br \/>\n<em> Monte Carlo (Olle Adolphson)<\/em><br \/>\n<em> Monte Carlo (Peter Nordahl)<\/em><br \/>\n<em> En fransman i Stockholm (Henri Salvador)<\/em><br \/>\n<em> Stockholmsmelodi (Evert Taube)<\/em><br \/>\n<em> S\u00e5 l\u00e4nge skutan kan g\u00e5 (Evert Taube)<\/em><br \/>\n<em> Om natten \u00e4r alla \u00e4nkor gr\u00e5 (Olle Adolphson)<\/em><br \/>\n<em> Visan \u00d6 (Olle Adolphson)<\/em><br \/>\n<em> Trubbel (Olle Adolphson)<\/em><br \/>\n<em> Nu har jag f\u00e5tt den jag vill ha (Olle Adolphson)<\/em><br \/>\n<em> Ge mig en dag (Olle Adolphson)<\/em><br \/>\n<em> Nu \u00e4r det gott att leva (Olle Adolphson)<\/em><\/p>\n<p style=\"padding-left: 30px;\"><em>Samtliga arrangemang av Peter Nordahl.<\/em><\/p>\n<\/blockquote>\n<p>L\u00c4NKAR<br \/>\nSven-Bertil Taube <a title=\"DN\" href=\"http:\/\/www.dn.se\/kultur-noje\/sven-bertil-taube-en-mastare-blickar-bakat\/%20\" target=\"_blank\">DN\u00a0<\/a><br \/>\nNorrk\u00f6pings Symfoniorkester <a title=\"SON\" href=\"http:\/\/www.norrkopingssymfoniorkester.se\" target=\"_blank\">hemsida<\/a> <a title=\"Facebook\" href=\"https:\/\/www.facebook.com\/norrkoping.symphony?fref=ts\" target=\"_blank\">Facebook<\/a><\/p>\n","protected":false},"excerpt":{"rendered":"<p>NORRK\u00d6PING B\u00e4st. B\u00e4st. B\u00e4st. Sven-Bertil Taubes s\u00e5ng. Sven-Bertil Taubes s\u00e4tt att recitera dikter. Och som han kan konsten att ber\u00e4tta. Tre frys\u00f6gonblick infann sig under fredagskv\u00e4llens konsert i fullsatta De Geerhallen. <a class=\"continue-reading-link\" href=\"https:\/\/www.kultursidan.nu\/?p=24623\">L\u00e4s mer <span class=\"meta-nav\">&rarr; <\/span><\/a><\/p>\n","protected":false},"author":1001006,"featured_media":0,"comment_status":"closed","ping_status":"open","sticky":false,"template":"","format":"standard","meta":{"_jetpack_memberships_contains_paid_content":false,"footnotes":""},"categories":[7],"tags":[13],"class_list":["post-24623","post","type-post","status-publish","format-standard","hentry","category-norrkoping","tag-musik"],"jetpack_featured_media_url":"","jetpack_sharing_enabled":true,"_links":{"self":[{"href":"https:\/\/www.kultursidan.nu\/index.php?rest_route=\/wp\/v2\/posts\/24623","targetHints":{"allow":["GET"]}}],"collection":[{"href":"https:\/\/www.kultursidan.nu\/index.php?rest_route=\/wp\/v2\/posts"}],"about":[{"href":"https:\/\/www.kultursidan.nu\/index.php?rest_route=\/wp\/v2\/types\/post"}],"author":[{"embeddable":true,"href":"https:\/\/www.kultursidan.nu\/index.php?rest_route=\/wp\/v2\/users\/1001006"}],"replies":[{"embeddable":true,"href":"https:\/\/www.kultursidan.nu\/index.php?rest_route=%2Fwp%2Fv2%2Fcomments&post=24623"}],"version-history":[{"count":0,"href":"https:\/\/www.kultursidan.nu\/index.php?rest_route=\/wp\/v2\/posts\/24623\/revisions"}],"wp:attachment":[{"href":"https:\/\/www.kultursidan.nu\/index.php?rest_route=%2Fwp%2Fv2%2Fmedia&parent=24623"}],"wp:term":[{"taxonomy":"category","embeddable":true,"href":"https:\/\/www.kultursidan.nu\/index.php?rest_route=%2Fwp%2Fv2%2Fcategories&post=24623"},{"taxonomy":"post_tag","embeddable":true,"href":"https:\/\/www.kultursidan.nu\/index.php?rest_route=%2Fwp%2Fv2%2Ftags&post=24623"}],"curies":[{"name":"wp","href":"https:\/\/api.w.org\/{rel}","templated":true}]}}