{"id":2475,"date":"2011-10-09T17:46:59","date_gmt":"2011-10-09T15:46:59","guid":{"rendered":"https:\/\/intelligent-friend-7861.standoutwp.com\/?p=2475"},"modified":"2016-02-22T12:22:47","modified_gmt":"2016-02-22T11:22:47","slug":"goran-t-karlsson-pa-galleri-dag-andersson","status":"publish","type":"post","link":"https:\/\/www.kultursidan.nu\/?p=2475","title":{"rendered":"G\u00f6ran T Karlsson p\u00e5 Galleri Dag Andersson"},"content":{"rendered":"<p><a title=\"2010\u20132011\" href=\"https:\/\/www.flickr.com\/photos\/kultursidan\/6226218877\/in\/album-72157627853059860\/\"><img loading=\"lazy\" decoding=\"async\" src=\"https:\/\/farm7.staticflickr.com\/6054\/6226218877_414235938c.jpg\" alt=\"2010\u20132011\" width=\"500\" height=\"318\" \/><\/a><br \/>\n<em>Stagnelius diktning fr\u00e5n 1800-talets romantiska period p\u00e5verkar\u00a0G\u00f6ran T Karlssons konstn\u00e4rskap<\/em><em> djupt. B\u00e4cken vid diktarens hem p\u00e5 \u00d6land \u00e4r b\u00e5de motiv och \u2013 p\u00e5 sitt s\u00e4tt \u2013 verktyg. F\u00e4rgvalet \u00e4r ocks\u00e5 poetens. <\/em><\/p>\n<p><iframe loading=\"lazy\" src=\"http:\/\/www.youtube.com\/embed\/heu_j02YDSs?hl=sv&amp;fs=1\" width=\"640\" height=\"390\" frameborder=\"0\" allowfullscreen=\"allowfullscreen\"><\/iframe><br \/>\n<em>Intervju med G\u00f6ran T Karlsson. 3:08 min.<\/em><\/p>\n<p>&nbsp;<\/p>\n<h1><span style=\"color: #ff0000;\">Poeten. B\u00e4cken. Konstn\u00e4ren som medium<\/span><\/h1>\n<p>&nbsp;<\/p>\n<p><strong>Genom. Det var inte i ett direkt m\u00f6te med Erik Johan Stagnelius diktning<\/strong> som konstn\u00e4ren G\u00f6ran T Karlsson fick den inspiration som satt sin signatur p\u00e5 hans verksamhet sedan snart femton \u00e5r. Det var genom.<\/p>\n<p>Mediet \u2013 eller snarare medierna \u2013 var en sk\u00e5despelerska, en litteraturvetare som doktorerat p\u00e5 romantiken och en ok\u00e4nd musiker. \u00c5ret var 1995. Platsen var pr\u00e4stsonen Stagnelius f\u00f6delseort p\u00e5 \u00d6land.<\/p>\n<p>\u2013 Av en slump hamnade jag p\u00e5 en diktuppl\u00e4sning i G\u00e4rdsl\u00f6sa kyrka, ber\u00e4ttar G\u00f6ran T Karlsson. D\u00e5 l\u00e4ste sk\u00e5despelerskan Agneta Ekmanner Stagnelius dikt <em>K\u00e4rleken<\/em>, som \u00e4r 57 verser l\u00e5ng.<\/p>\n<p>Vid hennes sida stod Horace Engdahl som under uppl\u00e4sningen br\u00f6t in och kommenterade och analyserade de senast l\u00e4sa verserna och f\u00f6rklarade mytologi och annat matnyttigt. \u00c5ret d\u00e4rp\u00e5, 1996, gav Horace Engdahl ut en liten bok om dikten.<\/p>\n<p>\u2013 Det var mitt f\u00f6rsta m\u00f6te med Stagnelius. Jag blev oerh\u00f6rt tagen av spr\u00e5ket och bildspr\u00e5ket som jag upplevde att det fanns i hans diktning och satt kvar l\u00e4nge i kyrkb\u00e4nken.<\/p>\n<p><strong>Det tog konstn\u00e4ren tv\u00e5 \u00e5r innan upplevelsen b\u00f6rjade \u00e5terverka i hans eget arbete.<\/strong> Diktarens bilder av solen och m\u00e5nen som reflekteras av vattnet blev en betydelsefull utg\u00e5ngspunkt.<\/p>\n<p>\u2013 Det \u00e4r ju s\u00e5dana begrepp man arbetar med som m\u00e5lare v\u00e4ldigt mycket. Det h\u00e4r med yta och djup och reflektion och speglingar, f\u00f6r att skildra n\u00e5gon typ av ogripbart rum.<\/p>\n<p>G\u00f6ran T Karlsson l\u00e4ste och hittade mer i Stagnelius poesi: k\u00e4rleken, landskapsskildringarna och f\u00e4rgspr\u00e5ket.<\/p>\n<p><strong>Utst\u00e4llningen p\u00e5 Galleri Dag Andersson speglar allt detta <\/strong>liksom det gjorde p\u00e5 den utst\u00e4llning med samma namn som hade \u00e4ran att inviga nystartade konsthallen Vandalorum i V\u00e4rnamo i v\u00e5ras.<\/p>\n<p>I n\u00e5gra tidiga verk fr\u00e5n \u00e5ren kring millennieskiftet l\u00e4t han bilder han tagit av vattnet, eller rentav bilder av bilder, m\u00f6ta vattnet. F\u00f6r det \u00e4r just Stagnelius b\u00e4ck invid G\u00e4rdsl\u00f6sa kyrka han anv\u00e4nt och anv\u00e4nder sig av. L\u00e5dor av plexiglas som kapslat in foton och vatten \u2013 konst och f\u00e5ngad natur i evig f\u00f6rening. F\u00e4rgerna \u00e4r konstn\u00e4rens tolkning av poetens bildspr\u00e5k \u2013 rodnadens rosa, blommornas smaragdgr\u00f6na b\u00e4dd, frihetens och himlens bl\u00e5 och nattens sv\u00e4rta.<\/p>\n<p>I ett stort akvarellprojekt delade han \u00e5r 2006 skapelseprocessen med b\u00e4cken. Han l\u00e4t naturens skaparkraft \u2013 vattnet \u2013 sk\u00f6lja \u00f6ver skymningens och k\u00e4rlekens rodnande f\u00e4rg som applicerats mer eller mindre p\u00e5 m\u00e5f\u00e5 p\u00e5 papperen under tre minuter. Mer tid beh\u00f6vs inte f\u00f6r en konception och akvarellerna blev havande med slumpens bilder.<\/p>\n<p><strong>S\u00e5 l\u00e5ngt det retrospektiva arbetet med Stagnelius.<\/strong> Den digitala utvecklingen och tillg\u00e4ngligheten har lett konstn\u00e4ren vidare. I samarbete med en ljus- och ljudtekniker med rejvpartyn som specialitet, har b\u00e4ckens speglingar och ljudet av det porlande vattnet fusionerats till nya bilder. \u00c5ter ett m\u00f6te d\u00e4r konstn\u00e4ren startat och avslutat processen men sl\u00e4ppt in en skapande kraft vars resultat han inte kunde f\u00f6rutse. Tv\u00e5 stora verk i galleriets fond flankeras av tv\u00e5 serier i mindre storlek. Jag ser dem som skissad landskapstopografi eller sj\u00f6kort \u2013 och kartor \u00e4r ju n\u00e5got som fascinerar. Eller som solkatter i ett bubblande vattendrag.<\/p>\n<p>Men konstn\u00e4ren har inte sl\u00e4ppt penseln. I rummet d\u00e4r f\u00f6nstren \u00f6ppnar sig mot ljuset har inspirationen fr\u00e5n det digitala arbetet \u00f6ppnat f\u00f6r \u00e5ter nya bilder, landskap, i svart, bl\u00e5tt, gr\u00f6nt och lite rosa. Olja p\u00e5 aluminium, skrapningar i f\u00e4rgen \u00f6ppnar f\u00f6r str\u00e5k av bl\u00e4nkande \u00e5tersken av det infallande ljuset.<\/p>\n<p><strong>Det eller de absolut senaste verket, i galleriets entr\u00e9, heter <em>Ing\u00e5ng<\/em>.<\/strong> En serie blyertsteckningar av ljudkonstn\u00e4ren John Cages verk med samma betydelse. N\u00e5gra sekunder i taget har tonerna \u00f6verf\u00f6rts till ny gestalt i ett bildspr\u00e5k besl\u00e4ktat med Stagnelius digitaliserade b\u00e4ck. Med konstn\u00e4ren som medium.<\/p>\n<p><em>Text, film och foto: Ann-Charlotte Sandelin<\/em><\/p>\n<p>&nbsp;<\/p>\n<ul>\n<li>\n<h3>GALLERI DAG ANDERSSON Norrk\u00f6ping<\/h3>\n<\/li>\n<li><em>8 oktober \u2013 13 november 2011<br \/>\n<\/em><strong>G\u00f6ran T Karlsson<br \/>\n<\/strong>B\u00c4CKEN<\/li>\n<\/ul>\n<p>&nbsp;<\/p>\n<p>L\u00c4NKAR<br \/>\nGalleri Dag Andersson <a title=\"Galleri Dag Andersson\" href=\"http:\/\/www.galleridagandersson.se\/\" target=\"_blank\">hemsida<\/a><br \/>\nErik Johan Stagnelius <a title=\"Stagnelius, wiki\" href=\"http:\/\/sv.wikipedia.org\/wiki\/Erik_Johan_Stagnelius\" target=\"_blank\">wikipedia<\/a><br \/>\nStagnelii v\u00e4nner <a title=\"Stagnellii v\u00e4nner\" href=\"http:\/\/www.stagnelius.se\/\" target=\"_blank\">hemsida<\/a><\/p>\n<p>BILDSPEL (FLASH) \u2013 KLICKA P\u00c5 BILDEN <em><br \/>\nALT\/MOBIL: SE BILDSPELET <a title=\"Bildspel\" href=\"https:\/\/www.flickr.com\/photos\/kultursidan\/sets\/72157627853059860\/show\/\" target=\"_blank\">H\u00c4R<\/a><\/em><br \/>\n<object width=\"400\" height=\"300\"><param name=\"flashvars\" value=\"offsite=true&amp;lang=en-us&amp;page_show_url=%2Fphotos%2Fkultursidan%2Fsets%2F72157627853059860%2Fshow%2F&amp;page_show_back_url=%2Fphotos%2Fkultursidan%2Fsets%2F72157627853059860%2F&amp;set_id=72157627853059860&amp;jump_to=\" \/><param name=\"movie\" value=\"https:\/\/www.flickr.com\/apps\/slideshow\/show.swf?v=1811922554\" \/><param name=\"allowFullScreen\" value=\"true\" \/><\/object><\/p>\n","protected":false},"excerpt":{"rendered":"<p>Stagnelius diktning fr\u00e5n 1800-talets tidiga romantiska period ligger till grund f\u00f6r utst\u00e4llningen B\u00e4cken. Konstn\u00e4ren \u00e5terkommer st\u00e4ndigt till vattnet och dess speglingar: inf\u00e5ngat vatten, medskapande vatten, digitalt bearbetat och skrapad f\u00e4rg p\u00e5 pl\u00e5t.  <a class=\"continue-reading-link\" href=\"https:\/\/www.kultursidan.nu\/?p=2475\">L\u00e4s mer <span class=\"meta-nav\">&rarr; <\/span><\/a><\/p>\n","protected":false},"author":1001006,"featured_media":0,"comment_status":"closed","ping_status":"open","sticky":false,"template":"","format":"standard","meta":{"_jetpack_memberships_contains_paid_content":false,"footnotes":""},"categories":[7],"tags":[14],"class_list":["post-2475","post","type-post","status-publish","format-standard","hentry","category-norrkoping","tag-konst"],"jetpack_featured_media_url":"","jetpack_sharing_enabled":true,"_links":{"self":[{"href":"https:\/\/www.kultursidan.nu\/index.php?rest_route=\/wp\/v2\/posts\/2475","targetHints":{"allow":["GET"]}}],"collection":[{"href":"https:\/\/www.kultursidan.nu\/index.php?rest_route=\/wp\/v2\/posts"}],"about":[{"href":"https:\/\/www.kultursidan.nu\/index.php?rest_route=\/wp\/v2\/types\/post"}],"author":[{"embeddable":true,"href":"https:\/\/www.kultursidan.nu\/index.php?rest_route=\/wp\/v2\/users\/1001006"}],"replies":[{"embeddable":true,"href":"https:\/\/www.kultursidan.nu\/index.php?rest_route=%2Fwp%2Fv2%2Fcomments&post=2475"}],"version-history":[{"count":0,"href":"https:\/\/www.kultursidan.nu\/index.php?rest_route=\/wp\/v2\/posts\/2475\/revisions"}],"wp:attachment":[{"href":"https:\/\/www.kultursidan.nu\/index.php?rest_route=%2Fwp%2Fv2%2Fmedia&parent=2475"}],"wp:term":[{"taxonomy":"category","embeddable":true,"href":"https:\/\/www.kultursidan.nu\/index.php?rest_route=%2Fwp%2Fv2%2Fcategories&post=2475"},{"taxonomy":"post_tag","embeddable":true,"href":"https:\/\/www.kultursidan.nu\/index.php?rest_route=%2Fwp%2Fv2%2Ftags&post=2475"}],"curies":[{"name":"wp","href":"https:\/\/api.w.org\/{rel}","templated":true}]}}