{"id":24798,"date":"2016-04-19T14:55:20","date_gmt":"2016-04-19T13:55:20","guid":{"rendered":"https:\/\/intelligent-friend-7861.standoutwp.com\/?p=24798"},"modified":"2016-04-19T14:55:20","modified_gmt":"2016-04-19T13:55:20","slug":"framtidsveckan-startar-med-paneldebatt","status":"publish","type":"post","link":"https:\/\/www.kultursidan.nu\/?p=24798","title":{"rendered":"Framtidsveckan startar med paneldebatt"},"content":{"rendered":"<p><img loading=\"lazy\" decoding=\"async\" class=\"alignnone size-medium wp-image-24799\" src=\"https:\/\/www.kultursidan.nu\/wp-content\/uploads\/2016\/04\/DSCF3437-567x378.jpg\" alt=\"Linn\u00e9a Nol\u00e9r och Elinor Forsberg\" width=\"567\" height=\"378\" srcset=\"https:\/\/www.kultursidan.nu\/wp-content\/uploads\/2016\/04\/DSCF3437-567x378.jpg 567w, https:\/\/www.kultursidan.nu\/wp-content\/uploads\/2016\/04\/DSCF3437-768x512.jpg 768w, https:\/\/www.kultursidan.nu\/wp-content\/uploads\/2016\/04\/DSCF3437-1024x682.jpg 1024w, https:\/\/www.kultursidan.nu\/wp-content\/uploads\/2016\/04\/DSCF3437-500x333.jpg 500w, https:\/\/www.kultursidan.nu\/wp-content\/uploads\/2016\/04\/DSCF3437-150x100.jpg 150w, https:\/\/www.kultursidan.nu\/wp-content\/uploads\/2016\/04\/DSCF3437.jpg 1280w\" sizes=\"auto, (max-width: 567px) 100vw, 567px\" \/><br \/>\n<em>Framtidens Hageby. Linn\u00e9a Nol\u00e9r arrangerar en paneldebatt om bilden av Hageby vid inledningen av Framtidsveckan.<\/em><\/p>\n<p>&nbsp;<\/p>\n<h1><span style=\"color: #ff0000;\">Vad kan kulturen g\u00f6ra f\u00f6r samh\u00e4llet p\u00e5 riktigt?<\/span><\/h1>\n<p>&nbsp;<\/p>\n<p><strong>Vem skapar bilden av Hageby?<\/strong> Direkt efter invigningen av Norrk\u00f6pings f\u00f6rsta <em>Framtidsvecka<\/em> p\u00e5 onsdag debatterar v\u00e4lk\u00e4nda profiler om kultur och integration. Sedan v\u00e4ntar en hel vecka av sm\u00e5 och stora arrangemang fr\u00e5n kl\u00e4dbytardag till visning av ekohus.<\/p>\n<p>Veckan tjuvstartade under vinterm\u00e5naderna med tre f\u00f6rel\u00e4sningar kring h\u00e5llbarhet ur olika perspektiv, industriellt, socialt och klimatm\u00e4ssigt med tanke p\u00e5 framtidens husbyggen.<\/p>\n<p>&nbsp;<\/p>\n<p><a title=\"Linn\u00e9a Nol\u00e9r och Elinor Forsberg\" href=\"https:\/\/www.flickr.com\/photos\/kultursidan\/26456774731\/in\/album-72157667258179356\/\"><img loading=\"lazy\" decoding=\"async\" src=\"https:\/\/farm2.staticflickr.com\/1663\/26456774731_10701c57cc.jpg\" alt=\"Linn\u00e9a Nol\u00e9r och Elinor Forsberg\" width=\"500\" height=\"333\" \/><\/a><br \/>\n<em> V\u00e4lkomna p\u00e5 onsdag. Elinor Forsberg samordnar hela Framtidsveckan medan Linn\u00e9a Nol\u00e9r arrangerar paneldebatten p\u00e5 Mirums scen.<\/em><\/p>\n<p>&nbsp;<\/p>\n<p><strong>Bakom Framtidsveckan st\u00e5r universitetsstudenten Elinor Forsberg som genomf\u00f6r sitt examensprojekt hos Studiefr\u00e4mjandet.<\/strong> Hon \u00e4r minst av allt ensam, skolor, f\u00f6reningar och Norrk\u00f6pings kommun siktar p\u00e5 framtiden.<\/p>\n<p>\u2013 Det \u00e4r j\u00e4tteroligt att r\u00e5dda det h\u00e4r. Jag hade stora visioner fr\u00e5n b\u00f6rjan. Nu har vi 45 aktiviteter och det \u00e4r \u00e4nnu mer \u00e4n jag t\u00e4nkt mig, uppskattar Elinor Forsberg.<\/p>\n<p>Hon vill s\u00e4rskilt n\u00e5 unga mellan 7 och 25 \u00e5r, de som kommer att leva i framtiden. Allts\u00e5 \u00e4r Hundungdom Norrk\u00f6ping med, liksom IFK Norrk\u00f6ping och Assyriska IF med, de erbjuder Nattfotboll. Erlaskolans elever visar sin utst\u00e4llning <em>Change 2051<\/em> om framtidens Norrk\u00f6ping och Jordens v\u00e4nner bjuder in till familjedag.<\/p>\n<p>Hyresbost\u00e4ders <em>V\u00e4rmeshow<\/em> v\u00e4nder sig framf\u00f6r allt till mellanstadieskolor medan R\u00f6da korsets ungdomsf\u00f6rbund bjuder in till workshopen <em>Dilemmaspelet<\/em>. Danskompaniets dansuppvisning <em>Scenario<\/em> som avslutar Framtidsveckan ger en teaser under invigningen.<\/p>\n<p><strong>Paneldebatten tar vid p\u00e5 scenen i Mirum direkt efter invigningen.<\/strong> Initiativtagare \u00e4r Linn\u00e9a Nol\u00e9r, ocks\u00e5 hon student. I hennes masterexamen ing\u00e5r \u00e4ven ett uppsatsarbete om kultur och integration.<\/p>\n<p>\u2013 Jag blev intresserad n\u00e4r jag s\u00e5g att en del \u00e4r intresserade av kulturpolitik f\u00f6r att de d\u00e4rigenom vill uppn\u00e5 ett annat syfte. Vad kan kulturen g\u00f6ra f\u00f6r att f\u00f6r\u00e4ndra samh\u00e4llet, f\u00f6r att det uth\u00e5lliga samh\u00e4llet ska fungera p\u00e5 riktigt, fr\u00e5gar Linn\u00e9a Nol\u00e9r som sett sitt val av examensarbete bli allt mer aktuellt. N\u00e4r man ser p\u00e5 samh\u00e4llet i dag s\u00e5 \u00e4r integration ett hett \u00e4mne.<\/p>\n<p>&nbsp;<\/p>\n<p><a title=\"Sahar Burhan\"><img loading=\"lazy\" decoding=\"async\" src=\"https:\/\/farm9.staticflickr.com\/8683\/16072181535_0b55ab4687.jpg\" alt=\"Sahar Burhan\" width=\"500\" height=\"333\" \/><\/a><br \/>\n<em>Konsten i Hageby. N\u00e4r Hageby bibliotek firade tv\u00e5\u00e5rsjubileum i december 2014 bidrog konstn\u00e4ren Sahar Burhan med ett verk som gav perspektiv p\u00e5 biblioteksbokhyllorna.<\/em><\/p>\n<p>&nbsp;<\/p>\n<p><strong>Paneldebatten ska vara konkret och fokusera p\u00e5 Hageby.<\/strong> Tillsammans med kollegan Julia Bostr\u00f6m, som \u00e4r moderator f\u00f6r samtalet, st\u00e4ller hon chefredakt\u00f6rerna Mats Willner, Norrk\u00f6pings Tidningar, och Widar Andersson, Folkbladet, till svars f\u00f6r bilden av Hageby \u2013 \u201dVem skapar den?\u201d \u00e4r fr\u00e5gan.<\/p>\n<p>\u2013 Kulturn\u00e4mndens ordf\u00f6rande Olle Vikm\u00e5ng bor i Hageby. Han vill lyfta upp en annan bild \u00e4n den negativa. s\u00e4ger Linn\u00e9a Nol\u00e9r som \u00e4ven bjudit in kommunalr\u00e5det Reidar Svedahl (L).<\/p>\n<p>Ellika Kyndel, tidigare chef f\u00f6r Hageby bibliotek, och konstn\u00e4ren Sahar Burhan deltar ocks\u00e5, tv\u00e5 personer som engagerat sig f\u00f6r Hageby.<\/p>\n<p><strong>Framtiden v\u00e4ntar sedan om h\u00f6rnet.<\/strong> Veckan inneh\u00e5ller det mesta, Elinor Forsberg har f\u00e5tt med Stadsodling Norrk\u00f6ping, Cityfiske och f\u00f6rst\u00e5s \u00e4ven Klimatfolket, som arrangerar klimatpub, p\u00e5 framtidst\u00e5get. Det blir f\u00f6rel\u00e4sning fr\u00e5n Sida p\u00e5 Studiefr\u00e4mjandet och en serie med TedX Talks om den senaste milj\u00f6- och framtidsforskningen p\u00e5 Visualiseringscenter C.<\/p>\n<p>Praktiskt milj\u00f6arbete kan vara kul och kreativt \u2013 testa \u201dremake\u201d att g\u00f6ra om och f\u00f6rnya gamla saker hos Erikshj\u00e4lpen eller h\u00e4lsa p\u00e5 hos Kooptj\u00e4nst p\u00e5 Gamla Skeppa. Framtiden b\u00f6rjar nu.<\/p>\n<p>\u00a9 <em>Text och foto: Ann-Charlotte Sandelin<br \/>\n<\/em><\/p>\n<blockquote>\n<h3><em>NORRK\u00d6PING<\/em><\/h3>\n<p>20\u201327 april 2016<em><br \/>\n<strong>Framtidsveckan<\/strong><\/em><br \/>\n<em>Arr: Studiefr\u00e4mjandet, projektledare: Elinor Forsberg<\/em><\/p>\n<p style=\"padding-left: 30px;\"><em>SCENEN Mirum<\/em><\/p>\n<p style=\"padding-left: 30px;\">20 april kl 17<em><br \/>\n<strong>Invigning<\/strong><br \/>\n<\/em><\/p>\n<p style=\"padding-left: 30px;\">20 april kl 18<em><br \/>\n<strong>Paneldebatt<\/strong><br \/>\nJulia Bostr\u00f6m: moderator<br \/>\nPanel: Mats Willner, Norrk\u00f6pings Tidningar, Widar Andersson, Folkbladet, Olle Vikm\u00e5ng, kulturn\u00e4mndens ordf\u00f6rande, Reidar Svedahl, kommunalr\u00e5d, Ellika Kyndel, tidigare chef f\u00f6r Hageby bibliotek, Sahar Burhan, konstn\u00e4r<br \/>\nProducent: Linn\u00e9a Nol\u00e9r<br \/>\n<\/em><\/p>\n<\/blockquote>\n<p>L\u00c4NKAR<br \/>\nFramtidsveckan <a href=\"https:\/\/www.facebook.com\/framtidsveckannorrkoping\/?fref=ts\" target=\"_blank\">Facebook<\/a> <a href=\"http:\/\/www.studieframjandet.se\/framtidsveckan\/norrkoping\/om_framtidsveckan\/\" target=\"_blank\">program<\/a><br \/>\nKlimats\u00e4kra framtidens byggprojekt <a href=\"https:\/\/www.kultursidan.nu\/?p=24430\" target=\"_blank\">reportage<\/a> Kultursidan.nu 18\/3 2016<br \/>\nM\u00e5nga faktorer p\u00e5verkar social h\u00e5llbarhet <a href=\"https:\/\/www.kultursidan.nu\/?p=24056\" target=\"_blank\">reportage<\/a> Kultursidan.nu 27\/2 2016<br \/>\nCirkul\u00e4r ekonomi kan bli en bra aff\u00e4r <a href=\"https:\/\/www.kultursidan.nu\/?p=23516\" target=\"_blank\">reportage<\/a> Kultursidan.nu 3\/2 2016<br \/>\nTrestegsraket mot Framtidsveckan <a href=\"https:\/\/www.kultursidan.nu\/?p=23391\" target=\"_blank\">reportage<\/a> Kultursidan.nu 28\/1 2016<\/p>\n","protected":false},"excerpt":{"rendered":"<p>NORRK\u00d6PING Vem skapar bilden av Hageby? Direkt efter invigningen av Norrk\u00f6pings f\u00f6rsta Framtidsvecka p\u00e5 onsdag debatterar v\u00e4lk\u00e4nda profiler kultur och integration. Sedan v\u00e4ntar en hel vecka av sm\u00e5 och stora arrangemang fr\u00e5n kl\u00e4dbytardag till visning av ekohus. <a class=\"continue-reading-link\" href=\"https:\/\/www.kultursidan.nu\/?p=24798\">L\u00e4s mer <span class=\"meta-nav\">&rarr; <\/span><\/a><\/p>\n","protected":false},"author":1001006,"featured_media":0,"comment_status":"closed","ping_status":"open","sticky":false,"template":"","format":"standard","meta":{"_jetpack_memberships_contains_paid_content":false,"footnotes":""},"categories":[7],"tags":[29,56],"class_list":["post-24798","post","type-post","status-publish","format-standard","hentry","category-norrkoping","tag-festival","tag-politik"],"jetpack_featured_media_url":"","jetpack_sharing_enabled":true,"_links":{"self":[{"href":"https:\/\/www.kultursidan.nu\/index.php?rest_route=\/wp\/v2\/posts\/24798","targetHints":{"allow":["GET"]}}],"collection":[{"href":"https:\/\/www.kultursidan.nu\/index.php?rest_route=\/wp\/v2\/posts"}],"about":[{"href":"https:\/\/www.kultursidan.nu\/index.php?rest_route=\/wp\/v2\/types\/post"}],"author":[{"embeddable":true,"href":"https:\/\/www.kultursidan.nu\/index.php?rest_route=\/wp\/v2\/users\/1001006"}],"replies":[{"embeddable":true,"href":"https:\/\/www.kultursidan.nu\/index.php?rest_route=%2Fwp%2Fv2%2Fcomments&post=24798"}],"version-history":[{"count":0,"href":"https:\/\/www.kultursidan.nu\/index.php?rest_route=\/wp\/v2\/posts\/24798\/revisions"}],"wp:attachment":[{"href":"https:\/\/www.kultursidan.nu\/index.php?rest_route=%2Fwp%2Fv2%2Fmedia&parent=24798"}],"wp:term":[{"taxonomy":"category","embeddable":true,"href":"https:\/\/www.kultursidan.nu\/index.php?rest_route=%2Fwp%2Fv2%2Fcategories&post=24798"},{"taxonomy":"post_tag","embeddable":true,"href":"https:\/\/www.kultursidan.nu\/index.php?rest_route=%2Fwp%2Fv2%2Ftags&post=24798"}],"curies":[{"name":"wp","href":"https:\/\/api.w.org\/{rel}","templated":true}]}}