{"id":24854,"date":"2016-04-21T19:09:45","date_gmt":"2016-04-21T18:09:45","guid":{"rendered":"https:\/\/intelligent-friend-7861.standoutwp.com\/?p=24854"},"modified":"2016-04-25T08:29:21","modified_gmt":"2016-04-25T07:29:21","slug":"robert-jubilerar-med-tff-och-soloalbum","status":"publish","type":"post","link":"https:\/\/www.kultursidan.nu\/?p=24854","title":{"rendered":"Robert jubilerar med TFF och soloalbum"},"content":{"rendered":"<p><img loading=\"lazy\" decoding=\"async\" class=\"alignnone size-medium wp-image-24855\" src=\"https:\/\/www.kultursidan.nu\/wp-content\/uploads\/2016\/04\/054-Robert-567x377.jpg\" alt=\"Robert Haglund\" width=\"567\" height=\"377\" srcset=\"https:\/\/www.kultursidan.nu\/wp-content\/uploads\/2016\/04\/054-Robert-567x377.jpg 567w, https:\/\/www.kultursidan.nu\/wp-content\/uploads\/2016\/04\/054-Robert-768x510.jpg 768w, https:\/\/www.kultursidan.nu\/wp-content\/uploads\/2016\/04\/054-Robert-1024x680.jpg 1024w, https:\/\/www.kultursidan.nu\/wp-content\/uploads\/2016\/04\/054-Robert-501x333.jpg 501w, https:\/\/www.kultursidan.nu\/wp-content\/uploads\/2016\/04\/054-Robert-150x100.jpg 150w, https:\/\/www.kultursidan.nu\/wp-content\/uploads\/2016\/04\/054-Robert.jpg 1280w\" sizes=\"auto, (max-width: 567px) 100vw, 567px\" \/><br \/>\n<em>Repetition p\u00e5g\u00e5r. F\u00f6r en m\u00e5nad sedan var The Fantastic Four i Norrk\u00f6ping f\u00f6r att repa med bandet. Robert Haglund vill inte l\u00e4mna n\u00e5got \u00e5t slumpen.<br \/>\n<\/em><\/p>\n<p>&nbsp;<\/p>\n<h1><span style=\"color: #ff0000;\">&#8221;Frank Sinatra \u00e4r en m\u00e4stare p\u00e5 att frasera&#8221;<\/span><\/h1>\n<p>&nbsp;<\/p>\n<p><strong>P\u00e5 l\u00f6rdag jubilerar The Fantastic Four i De Geerhallen \u2013 15 \u00e5r. <\/strong>Gruppens grundare Robert Haglund ber\u00e4ttar om v\u00e4gen dit. Snart sluter han cirkeln med skivan d\u00e4r han sjunger ton\u00e5rstidens h\u00e5rdrock p\u00e5 Frank Sinatras vis. Lyssna efter fraseringarna.<\/p>\n<p><strong>Robert Haglund jubilerar.<\/strong> 20 \u00e5r i branschen som professionell artist. 15 \u00e5r med The Fantastic Four. P\u00e5 l\u00f6rdag upptr\u00e4der den oklanderligt kl\u00e4dda och sk\u00f6nsjungande manskvartetten i De Geerhallen. Om ett par veckor sl\u00e4pper Robert Haglund sin soloskiva <em>I Wanna Be Somebody<\/em>.<\/p>\n<p>Det \u00e4r torsdag och klockan \u00e4r 13 n\u00e4r jag ringer upp. Han riggar sin mobil och sedan talar vi om de f\u00f6rsta stegen i karri\u00e4ren \u2013 hemma i Norrk\u00f6ping \u2013 ute i v\u00e4rlden \u2013 passerar musikalscenerna \u2013 och kommer fram till The Fantastic Four.<\/p>\n<p>&nbsp;<\/p>\n<p><a title=\"Robert Haglund i Norrk\u00f6ping\" href=\"https:\/\/www.flickr.com\/photos\/kultursidan\/25958889813\/in\/album-72157667406756215\/\"><img loading=\"lazy\" decoding=\"async\" src=\"https:\/\/farm2.staticflickr.com\/1643\/25958889813_f937c939c8.jpg\" alt=\"Robert Haglund i Norrk\u00f6ping\" width=\"334\" height=\"500\" \/><\/a><br \/>\n<em> Stils\u00e4ker. Robert Haglund tillbaka d\u00e4r allt b\u00f6rjade \u2013 i Norrk\u00f6ping.<\/em><\/p>\n<p>&nbsp;<\/p>\n<p><strong>\u2013 Jag spelade i olika band innan,<\/strong> s\u00e4ger killen som lyssnade p\u00e5 h\u00e5rdrock (Kiss!!!) under uppv\u00e4xten men fick i sig b\u00e5de Beatles (pappa) och Elvis (mamma).<\/p>\n<p>1996 deltog den beg\u00e5vade s\u00e5ngaren i <em>Sikta mot stj\u00e4rnorna<\/em> i TV4. \u00c5ret d\u00e4rp\u00e5 stod han p\u00e5 Palace scen tillsammans med andra unga lokala artister, som Bettan H\u00e4gg och Andreas Sneckenberg.<\/p>\n<p>\u2013 <em>En kv\u00e4ll p\u00e5 Broadway<\/em> hette det, f\u00f6rsta krogshowen i Norrk\u00f6ping enligt konceptet p\u00e5 Wallmans salonger. Vi sj\u00f6ng och langade fram maten.<\/p>\n<p><strong>V\u00e4rlden vidgades med musikalutbildning i Stockholm, shower i turistparadis och musikaljobb. <\/strong>Robert tycker det \u00e4r bra att han pr\u00f6vat det mesta inom olika musikgenrer och \u00e4ven teater och revy.<\/p>\n<p>\u2013 Det \u00e4r bra att testa mycket och sedan v\u00e4lja vad man vill g\u00f6ra i f\u00f6rsta hand.<\/p>\n<p>Musikaluppdragen var roliga men Robert ins\u00e5g att de var kortvariga, han var \u201dutbytbar som ett par l\u00e5ngkalsonger\u201d. Han s\u00f6kte efter n\u00e5got h\u00e5llbart och fann inspirationen n\u00e4r han s\u00e5g The Drifters p\u00e5 Mallorca.<\/p>\n<p>\u2013 De hade de den h\u00e4r stilen, det var v\u00e4l bara en kvar fr\u00e5n ursprungsbandet. Jag tyckte att det var en otroligt kul grej.<\/p>\n<p><strong>Robert kontaktade sina v\u00e4nner fr\u00e5n Kulturamatiden och de var p\u00e5.<\/strong> 2001 gjorde The Fantastic Four sitt f\u00f6rsta gig. 15 \u00e5r sedan. Nu ska det firas \u2013 med jubileumskonsert i De Geerhallen p\u00e5 l\u00f6rdag kv\u00e4ll!<\/p>\n<p>Jacob Hudd\u00e9n kontaktades f\u00f6r ett f\u00f6rsta bandrep redan p\u00e5 senvintern. V\u00e5r fotograf Sven \u00c5ke Molund h\u00e4ngde p\u00e5. Nu v\u00e4ntar fredagens genrep inf\u00f6r l\u00f6rdagens konsert.<\/p>\n<p>&nbsp;<\/p>\n<p><a title=\"Rep med bandet inf\u00f6r konserten\" href=\"https:\/\/www.flickr.com\/photos\/kultursidan\/26469487122\/in\/album-72157667406756215\/\"><img loading=\"lazy\" decoding=\"async\" src=\"https:\/\/farm2.staticflickr.com\/1566\/26469487122_460303f45f.jpg\" alt=\"Rep med bandet inf\u00f6r konserten\" width=\"500\" height=\"332\" \/><\/a><br \/>\n<em>Hj\u00e4rterum. Fr\u00e5n bandrepet i vintras.\u00a0Robert Haglund, Joakim Sand\u00e9n (trummor men h\u00e4r p\u00e5 klaviatur), TFF-kollegerna Niklas Lamby och Jonas Fritzon samt kapellm\u00e4stare Jacob Hudd\u00e9n.<\/em><\/p>\n<p>&nbsp;<\/p>\n<p><strong>\u2013 Jag har alltid gillat musiken, den \u00e4r tidl\u00f6s.<\/strong> 1950- och -60-talens musik \u00e4r l\u00e4ttsjungen, med enkla arrangemang, som Beatles.<\/p>\n<p>Robert sjunger <em>Close Your Eyes and I Kiss You, Tomorrow I Miss You<\/em> f\u00f6r mig i telefonen. Jag minns precis hur beatlarnas st\u00e4ms\u00e5ng attackerade l\u00e5ten direkt, mjukt uppifr\u00e5n och ned som i en dal och s\u00e5 upp igen.<\/p>\n<p>\u2013 Under de tidiga ton\u00e5ren utg\u00e5r man fr\u00e5n det som \u00e4r inne f\u00f6r stunden, sedan s\u00f6ker man sig bak\u00e5t, menar Robert Haglund.<\/p>\n<p>Det var idolen David Lee Roth, tidigare i Van Halen, som genom sin cover \u00f6ppnade musikens d\u00f6rrar till Frank Sinatra f\u00f6r Robert.<\/p>\n<p><strong>\u2013 Frank Sinatra fick mig att g\u00e5 i en annan riktning.<\/strong> Han \u00e4r en m\u00e4stare p\u00e5 att frasera och tolka en text, han var fantastisk p\u00e5 det.<\/p>\n<p>Robert reflekterar \u00f6ver brytningen mellan 1950-tal och ton\u00e5rsupprorets 1960-tal, d\u00e4r s\u00e5ngaren Elvis och sk\u00e5despelaren James Dean gick f\u00f6re, de som symboliserar evig ungdom f\u00f6r s\u00e5 m\u00e5nga.<\/p>\n<p>\u2013 Det som h\u00e4nde d\u00e5 \u00e4r n\u00e5got som bara sker en g\u00e5ng. Frank Sinatra var f\u00f6rst och han var bra men han var aldrig en ton\u00e5ring.<\/p>\n<p>&nbsp;<\/p>\n<p><a title=\"Robert Haglund\" href=\"https:\/\/www.flickr.com\/photos\/kultursidan\/26469485282\/in\/album-72157667406756215\/\"><img loading=\"lazy\" decoding=\"async\" src=\"https:\/\/farm2.staticflickr.com\/1469\/26469485282_c8f900267a.jpg\" alt=\"Robert Haglund\" width=\"500\" height=\"421\" \/><\/a><br \/>\n<em> Pausfika. Att Robert Haglund har f\u00e5tt barn har gett honom nya perspektiv p\u00e5 livet. <\/em><\/p>\n<p>&nbsp;<\/p>\n<p><strong>H\u00e4r har Robert stannat upp, vilar i genren, inte minst tillsammans med de andra i The Fantastic Four. <\/strong>Men han vill ocks\u00e5 \u00f6verskrida gr\u00e4nserna, i viss m\u00e5n med kollegerna i kvartetten. Och i h\u00f6gsta grad i solokarri\u00e4ren \u2013 &#8221;s\u00e5nt \u00e4r berikande f\u00f6r alla&#8221; \u2013 som just nu mest handlar om det nya albumet, ett sk\u00f6tebarn som han \u00e4gnat sig \u00e5t till och fr\u00e5n under fem \u00e5rs tid. Det handlar om crossover och samverkan.<\/p>\n<p>\u2013 Jag vill sl\u00e5 ihop Sinatras stil med mina favorith\u00e5rdrockare, s\u00e4ger han och ber\u00e4ttar att han ska tr\u00e4ffa Kiss-gitarristen Bruce Kulick p\u00e5 fredag.<\/p>\n<p>Allts\u00e5 timmarna innan Robert drar ner till Norrk\u00f6ping f\u00f6r genrepet inf\u00f6r jubileumskonserten i De Geerhallen.<\/p>\n<p>\u2013 T\u00e4nk, jag hade honom p\u00e5 affisch hemma p\u00e5 1980-talet. Nu har vi regelbunden kontakt sedan 3 \u00e5r. Han kommer till Stockholm i morgon.<\/p>\n<p><strong><em>I Wanna Be Somebody<\/em> \u00e4r titeln.<\/strong> Det blir en lite modernare jazzstil \u00e4n Sinatras storband. H\u00e4r \u00e4r Svante Thuresson en annan f\u00f6rebild (\u201dhan \u00e4r ocks\u00e5 \u00f6ppen f\u00f6r det mesta\u201d). H\u00e5rdrocksmusiker sitter med i n\u00e5gra l\u00e5tar, fast de allts\u00e5 spelar Sinatras stuk. De tycker det \u00e4r kul, rapporterar Robert.<\/p>\n<p>\u2013 Skivan kommer om tv\u00e5 tre veckor. Jag fick just prototypen, ska bara putsa p\u00e5 n\u00e5gra detaljer.<\/p>\n<p><strong>Vad betyder det att Robert Haglund blivit stadgad familjefar?<\/strong> I somras fick en ung telning vara med n\u00e4r pappa sj\u00f6ng med Thalias v\u00e4nner i Kn\u00e4ppingsborg.<\/p>\n<p>\u2013 Det var en v\u00e4ndning att bli pappa, det handlar om vad som \u00e4r viktigt i livet. Jag blir ocks\u00e5 medveten om att tiden g\u00e5r.<\/p>\n<p>Robert uppskattar att omgivningen sl\u00e4pper centreringen p\u00e5 jobbet. Nu fr\u00e5gar sl\u00e4kt och v\u00e4nner hur det \u00e4r med familjen i st\u00e4llet.<\/p>\n<p>\u2013 Men jag vill beh\u00e5lla barnasinnet.<\/p>\n<p>\u00a9 <em>Text: Ann-Charlotte Sandelin<br \/>\n<\/em>\u00a9 <em>Foto: <\/em><em>Sven \u00c5ke Molund och Mattias Lindh<\/em><\/p>\n<p>BILDSPEL (FLASH) \u2013 KLICKA P\u00c5 BILDEN <em><br \/>\nALT\/MOBIL: SE BILDSPELET <a title=\"Bildspel\" href=\"https:\/\/www.flickr.com\/photos\/kultursidan\/sets\/72157667406756215\/show\/\" target=\"_blank\">H\u00c4R<\/a><\/em><br \/>\n<object width=\"400\" height=\"300\"><param name=\"flashvars\" value=\"offsite=true&amp;lang=en-us&amp;page_show_url=%2Fphotos%2Fkultursidan%2Fsets%2F72157667406756215%2Fshow%2F&amp;page_show_back_url=%2Fphotos%2Fkultursidan%2Fsets%2F72157667406756215%2F&amp;set_id=72157667406756215&amp;jump_to=\" \/><param name=\"movie\" value=\"https:\/\/www.flickr.com\/apps\/slideshow\/show.swf?v=1811922554\" \/><param name=\"allowFullScreen\" value=\"true\" \/><\/object><\/p>\n<blockquote>\n<h3><em>DE GEERHALLEN Norrk\u00f6ping<\/em><\/h3>\n<p>23 april 2016 kl 19.30<em><br \/>\n<strong>The Fantastic Four 15 \u00e5r<br \/>\n<\/strong>Jubileumskonsert<strong><br \/>\n<\/strong><\/em><\/p><\/blockquote>\n<p>L\u00c4NKAR<br \/>\nRobert Haglund <a href=\"http:\/\/www.roberthaglund.com\" target=\"_blank\">hemsida<\/a> <a href=\"https:\/\/www.facebook.com\/Robert-Haglund-260530973980668\/?fref=ts\" target=\"_blank\">Facebook<\/a><br \/>\nFantastic Four <a href=\"http:\/\/thefantasticfour.se\" target=\"_blank\">hemsida<\/a> <a href=\"https:\/\/www.facebook.com\/The-Fantastic-Four-297823186903101\/?fref=ts\" target=\"_blank\">Facebook<\/a><\/p>\n","protected":false},"excerpt":{"rendered":"<p>NORRK\u00d6PING P\u00e5 l\u00f6rdag jubilerar The Fantastic Four i De Geerhallen. Gruppens grundare Robert Haglund ber\u00e4ttar om v\u00e4gen dit. Snart sluter han cirkeln med albumet d\u00e4r han sjunger ton\u00e5rstidens h\u00e5rdrock p\u00e5 Frank Sinatras vis. Lyssna efter fraseringarna. <a class=\"continue-reading-link\" href=\"https:\/\/www.kultursidan.nu\/?p=24854\">L\u00e4s mer <span class=\"meta-nav\">&rarr; <\/span><\/a><\/p>\n","protected":false},"author":1001006,"featured_media":0,"comment_status":"closed","ping_status":"open","sticky":false,"template":"","format":"standard","meta":{"_jetpack_memberships_contains_paid_content":false,"footnotes":""},"categories":[7],"tags":[13],"class_list":["post-24854","post","type-post","status-publish","format-standard","hentry","category-norrkoping","tag-musik"],"jetpack_featured_media_url":"","jetpack_sharing_enabled":true,"_links":{"self":[{"href":"https:\/\/www.kultursidan.nu\/index.php?rest_route=\/wp\/v2\/posts\/24854","targetHints":{"allow":["GET"]}}],"collection":[{"href":"https:\/\/www.kultursidan.nu\/index.php?rest_route=\/wp\/v2\/posts"}],"about":[{"href":"https:\/\/www.kultursidan.nu\/index.php?rest_route=\/wp\/v2\/types\/post"}],"author":[{"embeddable":true,"href":"https:\/\/www.kultursidan.nu\/index.php?rest_route=\/wp\/v2\/users\/1001006"}],"replies":[{"embeddable":true,"href":"https:\/\/www.kultursidan.nu\/index.php?rest_route=%2Fwp%2Fv2%2Fcomments&post=24854"}],"version-history":[{"count":0,"href":"https:\/\/www.kultursidan.nu\/index.php?rest_route=\/wp\/v2\/posts\/24854\/revisions"}],"wp:attachment":[{"href":"https:\/\/www.kultursidan.nu\/index.php?rest_route=%2Fwp%2Fv2%2Fmedia&parent=24854"}],"wp:term":[{"taxonomy":"category","embeddable":true,"href":"https:\/\/www.kultursidan.nu\/index.php?rest_route=%2Fwp%2Fv2%2Fcategories&post=24854"},{"taxonomy":"post_tag","embeddable":true,"href":"https:\/\/www.kultursidan.nu\/index.php?rest_route=%2Fwp%2Fv2%2Ftags&post=24854"}],"curies":[{"name":"wp","href":"https:\/\/api.w.org\/{rel}","templated":true}]}}