{"id":24860,"date":"2016-04-22T09:58:06","date_gmt":"2016-04-22T08:58:06","guid":{"rendered":"https:\/\/intelligent-friend-7861.standoutwp.com\/?p=24860"},"modified":"2016-04-22T10:50:58","modified_gmt":"2016-04-22T09:50:58","slug":"dans-och-debatt-invigde-framtidsveckan","status":"publish","type":"post","link":"https:\/\/www.kultursidan.nu\/?p=24860","title":{"rendered":"Dans och debatt invigde Framtidsveckan"},"content":{"rendered":"<p><img loading=\"lazy\" decoding=\"async\" class=\"alignnone size-medium wp-image-24861\" src=\"https:\/\/www.kultursidan.nu\/wp-content\/uploads\/2016\/04\/027-Panelen-567x377.jpg\" alt=\"Panelen\" width=\"567\" height=\"377\" srcset=\"https:\/\/www.kultursidan.nu\/wp-content\/uploads\/2016\/04\/027-Panelen-567x377.jpg 567w, https:\/\/www.kultursidan.nu\/wp-content\/uploads\/2016\/04\/027-Panelen-768x510.jpg 768w, https:\/\/www.kultursidan.nu\/wp-content\/uploads\/2016\/04\/027-Panelen-1024x680.jpg 1024w, https:\/\/www.kultursidan.nu\/wp-content\/uploads\/2016\/04\/027-Panelen-501x333.jpg 501w, https:\/\/www.kultursidan.nu\/wp-content\/uploads\/2016\/04\/027-Panelen-150x100.jpg 150w, https:\/\/www.kultursidan.nu\/wp-content\/uploads\/2016\/04\/027-Panelen.jpg 1280w\" sizes=\"auto, (max-width: 567px) 100vw, 567px\" \/><em>Hagebys f\u00f6rtj\u00e4nar ett b\u00e4ttre rykte. Paneldebatt i Mirum galleria under Framtidsveckan med Mats Willner, Peter L\u00f6fqvist, Reidar Svedahl, Widar Andersson, Ellika Kyndel, Olle Vikm\u00e5ng och Sahar Burhan. Moderator var Julia Bostr\u00f6m.<br \/>\n<\/em><\/p>\n<p>&nbsp;<\/p>\n<h1><span style=\"color: #ff0000;\">Hageby \u00e4r b\u00e4ttre \u00e4n sitt rykte<\/span><\/h1>\n<p>&nbsp;<\/p>\n<p><strong>Hagebys egen dansgrupp Legacy Family stod p\u00e5 scenen n\u00e4r Framtidsveckan invigdes i Mirum galleria i onsdags.<\/strong> Arrangerande Studief\u00f6rbundets distriktschef i \u00d6sterg\u00f6tland Peter Warma h\u00f6ll tal.<\/p>\n<p><strong>Efter invigningen f\u00f6ljde Framtidsveckans f\u00f6rsta evenemang, en paneldebatt om bilden av Hageby arrangerad av Linn\u00e9a Nol\u00e9r.<\/strong> P\u00e5 plats i panelen var chefredakt\u00f6rerna f\u00f6r Norrk\u00f6pings Tidningar, Mats Willner, och Folkbladet, Widar Andersson. Centrumchefen f\u00f6r Mirum galleria, Peter L\u00f6fqvist, kommunalr\u00e5det Reidar Svedahl (L), kulturn\u00e4mndens ordf\u00f6rande Olle Vikm\u00e5ng (S), f\u00f6rra chefen f\u00f6r Hageby bibliotek, Ellika Kyndel, och konstn\u00e4ren Sahar Burhan deltog ocks\u00e5. Julia Bostr\u00f6m h\u00f6ll ihop paneldebatten.<\/p>\n<p>&nbsp;<\/p>\n<p><a title=\"Mats Willner och Peter L\u00f6fqvist\" href=\"https:\/\/www.flickr.com\/photos\/kultursidan\/26298417980\/in\/album-72157665119292334\/\"><img loading=\"lazy\" decoding=\"async\" src=\"https:\/\/farm2.staticflickr.com\/1595\/26298417980_76e7bcfb9d.jpg\" alt=\"Mats Willner och Peter L\u00f6fqvist\" width=\"500\" height=\"332\" \/><\/a><br \/>\n<em>\u2013 Vi m\u00e5ste skriva om det som h\u00e4nder, sade Mats Willner, chefredakt\u00f6r f\u00f6r Norrk\u00f6pings Tidningar.<\/em><\/p>\n<p>&nbsp;<\/p>\n<p><strong>Peter L\u00f6fqvist p\u00e5pekade att stadsdelen \u00e4r stor<\/strong>. Hageby har cirka 10.000 inv\u00e5nare, av vilka de allra flesta trivs v\u00e4ldigt bra i omr\u00e5det.<\/p>\n<p>\u2013 Alla m\u00e5ste hj\u00e4lpas \u00e5t f\u00f6r att lyfta statusen, sade han ocks\u00e5.<\/p>\n<p><strong>En fr\u00e5ga var den negativa bild som ofta framkommer i media.<\/strong> H\u00e4nder n\u00e5got i Hageby s\u00e5 \u00e4r rubriken ocks\u00e5 \u201dHageby\u201d medan det i andra omr\u00e5den \u00e4r en annan framtoning.<\/p>\n<p>B\u00e5de Mats Willner och Widar Andersson betonade att medierna \u00e4r skyldiga att beskriva de h\u00e4ndelser som faktiskt sker. F\u00f6r att bredda synen bortom de braskande nyheterna efterlyste de ocks\u00e5 boende som kan vara kr\u00f6nik\u00f6rer och d\u00e5 beskriva sin syn p\u00e5 omr\u00e5det.<\/p>\n<p><strong>Alla var eniga om att samarbete och \u00f6ppenhet \u00e4r en viktig faktor.<\/strong> Peter L\u00f6fstedt ber\u00e4ttade om fastighets\u00e4garnas arbete och planer och Olle Vikm\u00e5ng talade om kulturens roll f\u00f6r att skapa engagemang.<\/p>\n<p>&nbsp;<\/p>\n<p><a title=\"Olle Vikm\u00e5ng\" href=\"https:\/\/www.flickr.com\/photos\/kultursidan\/26298369880\/in\/album-72157665119292334\/\"><img loading=\"lazy\" decoding=\"async\" src=\"https:\/\/farm2.staticflickr.com\/1640\/26298369880_051bb5da0f.jpg\" alt=\"Olle Vikm\u00e5ng\" width=\"500\" height=\"332\" \/><\/a><br \/>\n<em>\u2013 Kulturen skapar engagemang, h\u00e4vdade Olle Vikm\u00e5ng, ordf\u00f6rande f\u00f6r Kultur- och fritidsn\u00e4mnden. <\/em><\/p>\n<p>&nbsp;<\/p>\n<p><strong>Det var en lugn debatt som summeringsvis kan sammanfattas som konstruktiv och hoppfull.<\/strong> Hageby \u00e4r en b\u00e4ttre stadsdel \u00e4n vad vi ofta f\u00e5r k\u00e4nslan av i mediebruset. De allra flesta trivs och upplever inte n\u00e5gra problem. Ett antal h\u00e4ndelser f\u00e5r stort utrymme i media och skapar ett d\u00e5ligt rykte!<\/p>\n<p>N\u00e4r det blev dags, p\u00e5 \u00f6vertid, f\u00f6r publikens fr\u00e5gor s\u00e5 var satirtecknaren Saad Hajo en av dem som greppade fr\u00e5gemikrofonen!<\/p>\n<p>\u00a9 <em>Text och foto: Sven \u00c5ke Molund<br \/>\n<\/em><\/p>\n<blockquote>\n<h3><em>NORRK\u00d6PING<\/em><\/h3>\n<p>20\u201327 april 2016<em><br \/>\n<strong>Framtidsveckan<\/strong><\/em><br \/>\n<em>Arr: Studiefr\u00e4mjandet, projektledare: Elinor Forsberg<\/em><\/p>\n<p style=\"padding-left: 30px;\"><em>SCENEN Mirum<\/em><\/p>\n<p style=\"padding-left: 30px;\">20 april kl 17<em><br \/>\n<strong>Invigning<\/strong><\/em><\/p>\n<p style=\"padding-left: 30px;\">20 april kl 18<em><br \/>\n<strong>Paneldebatt<\/strong><br \/>\n<em>Julia Bostr\u00f6m: moderator<\/em><br \/>\n<em>Panel: Mats Willner, Norrk\u00f6pings Tidningar, Widar Andersson, Folkbladet, Olle Vikm\u00e5ng, kulturn\u00e4mndens ordf\u00f6rande, Reidar Svedahl, kommunalr\u00e5d, Ellika Kyndel, tidigare chef f\u00f6r Hageby bibliotek, Sahar Burhan, konstn\u00e4r<\/em><br \/>\n<em>Producent: Linn\u00e9a Nol\u00e9r<\/em><\/em><\/p>\n<\/blockquote>\n<p>BILDSPEL (FLASH) \u2013 KLICKA P\u00c5 BILDEN <em><br \/>\nALT\/MOBIL: SE BILDSPELET <a title=\"Bildspel\" href=\"https:\/\/www.flickr.com\/photos\/kultursidan\/sets\/72157665119292334\/show\/\" target=\"_blank\">H\u00c4R<\/a><\/em><\/p>\n<p><object width=\"400\" height=\"300\"><param name=\"flashvars\" value=\"offsite=true&amp;lang=en-us&amp;page_show_url=%2Fphotos%2Fkultursidan%2Fsets%2F72157665119292334%2Fshow%2F&amp;page_show_back_url=%2Fphotos%2Fkultursidan%2Fsets%2F72157665119292334%2F&amp;set_id=72157665119292334&amp;jump_to=\" \/><param name=\"movie\" value=\"https:\/\/www.flickr.com\/apps\/slideshow\/show.swf?v=1811922554\" \/><param name=\"allowFullScreen\" value=\"true\" \/><\/object><\/p>\n<p>L\u00c4NKAR<br \/>\nFramtidsveckan <a href=\"https:\/\/www.facebook.com\/framtidsveckannorrkoping\/?fref=ts\" target=\"_blank\">Facebook<\/a> <a href=\"http:\/\/www.studieframjandet.se\/framtidsveckan\/norrkoping\/om_framtidsveckan\/\" target=\"_blank\">program<\/a><br \/>\nFramtidsveckan startar med paneldebatt <a href=\"https:\/\/www.kultursidan.nu\/?p=24798\" target=\"_blank\">reportage<\/a> Kultursidan.nu 19\/4 2016<br \/>\nKlimats\u00e4kra framtidens byggprojekt <a href=\"https:\/\/www.kultursidan.nu\/?p=24430\" target=\"_blank\">reportage<\/a> Kultursidan.nu 18\/3 2016<br \/>\nM\u00e5nga faktorer p\u00e5verkar social h\u00e5llbarhet <a href=\"https:\/\/www.kultursidan.nu\/?p=24056\" target=\"_blank\">reportage<\/a> Kultursidan.nu 27\/2 2016<br \/>\nCirkul\u00e4r ekonomi kan bli en bra aff\u00e4r <a href=\"https:\/\/www.kultursidan.nu\/?p=23516\" target=\"_blank\">reportage<\/a> Kultursidan.nu 3\/2 2016<br \/>\nTrestegsraket mot Framtidsveckan <a href=\"https:\/\/www.kultursidan.nu\/?p=23391\" target=\"_blank\">reportage<\/a> Kultursidan.nu 28\/1 2016<\/p>\n","protected":false},"excerpt":{"rendered":"<p>NORRK\u00d6PING Hageby \u00e4r b\u00e4ttre \u00e4n sitt rykte. Hagebys egen dansgrupp Legacy Family stod p\u00e5 scenen n\u00e4r Framtidsveckan invigdes. Sedan f\u00f6ljde paneldebatt om bilden av Hageby. Vad skriver medierna om och varf\u00f6r. Samarbete och kultur \u00e4r viktigt. <a class=\"continue-reading-link\" href=\"https:\/\/www.kultursidan.nu\/?p=24860\">L\u00e4s mer <span class=\"meta-nav\">&rarr; <\/span><\/a><\/p>\n","protected":false},"author":1001006,"featured_media":0,"comment_status":"closed","ping_status":"open","sticky":false,"template":"","format":"standard","meta":{"_jetpack_memberships_contains_paid_content":false,"footnotes":""},"categories":[7],"tags":[29,56],"class_list":["post-24860","post","type-post","status-publish","format-standard","hentry","category-norrkoping","tag-festival","tag-politik"],"jetpack_featured_media_url":"","jetpack_sharing_enabled":true,"_links":{"self":[{"href":"https:\/\/www.kultursidan.nu\/index.php?rest_route=\/wp\/v2\/posts\/24860","targetHints":{"allow":["GET"]}}],"collection":[{"href":"https:\/\/www.kultursidan.nu\/index.php?rest_route=\/wp\/v2\/posts"}],"about":[{"href":"https:\/\/www.kultursidan.nu\/index.php?rest_route=\/wp\/v2\/types\/post"}],"author":[{"embeddable":true,"href":"https:\/\/www.kultursidan.nu\/index.php?rest_route=\/wp\/v2\/users\/1001006"}],"replies":[{"embeddable":true,"href":"https:\/\/www.kultursidan.nu\/index.php?rest_route=%2Fwp%2Fv2%2Fcomments&post=24860"}],"version-history":[{"count":0,"href":"https:\/\/www.kultursidan.nu\/index.php?rest_route=\/wp\/v2\/posts\/24860\/revisions"}],"wp:attachment":[{"href":"https:\/\/www.kultursidan.nu\/index.php?rest_route=%2Fwp%2Fv2%2Fmedia&parent=24860"}],"wp:term":[{"taxonomy":"category","embeddable":true,"href":"https:\/\/www.kultursidan.nu\/index.php?rest_route=%2Fwp%2Fv2%2Fcategories&post=24860"},{"taxonomy":"post_tag","embeddable":true,"href":"https:\/\/www.kultursidan.nu\/index.php?rest_route=%2Fwp%2Fv2%2Ftags&post=24860"}],"curies":[{"name":"wp","href":"https:\/\/api.w.org\/{rel}","templated":true}]}}