{"id":24884,"date":"2016-04-23T14:58:53","date_gmt":"2016-04-23T13:58:53","guid":{"rendered":"https:\/\/intelligent-friend-7861.standoutwp.com\/?p=24884"},"modified":"2016-04-23T14:58:53","modified_gmt":"2016-04-23T13:58:53","slug":"dansens-vecka-bjuder-upp-hela-lanet","status":"publish","type":"post","link":"https:\/\/www.kultursidan.nu\/?p=24884","title":{"rendered":"Dansens vecka bjuder upp hela l\u00e4net"},"content":{"rendered":"<p><img loading=\"lazy\" decoding=\"async\" class=\"alignnone size-medium wp-image-24885\" src=\"https:\/\/www.kultursidan.nu\/wp-content\/uploads\/2016\/04\/DSCF4106-567x378.jpg\" alt=\"Buggigt\" width=\"567\" height=\"378\" srcset=\"https:\/\/www.kultursidan.nu\/wp-content\/uploads\/2016\/04\/DSCF4106-567x378.jpg 567w, https:\/\/www.kultursidan.nu\/wp-content\/uploads\/2016\/04\/DSCF4106-768x512.jpg 768w, https:\/\/www.kultursidan.nu\/wp-content\/uploads\/2016\/04\/DSCF4106-1024x683.jpg 1024w, https:\/\/www.kultursidan.nu\/wp-content\/uploads\/2016\/04\/DSCF4106-500x333.jpg 500w, https:\/\/www.kultursidan.nu\/wp-content\/uploads\/2016\/04\/DSCF4106-150x100.jpg 150w\" sizes=\"auto, (max-width: 567px) 100vw, 567px\" \/><br \/>\n<em>Bugggigt. Norrk\u00f6pings sportdansare lockade m\u00e5nga att stanna till f\u00f6r att se p\u00e5 uppvisningen.<\/em><\/p>\n<p>&nbsp;<\/p>\n<h1><span style=\"color: #ff0000;\">&#8221;Jag blir glad av musiken och glad av att dansa&#8221;<\/span><\/h1>\n<p>&nbsp;<\/p>\n<p><strong>F\u00e5r jag lov? Dansens vecka bjuder upp i hela \u00d6sterg\u00f6tlands l\u00e4n.<\/strong> I sol och sn\u00e5lbl\u00e5st startade festivalen i centrala Norrk\u00f6ping p\u00e5 l\u00f6rdagen. Norrk\u00f6pings Sportdansare buggade i stadig fyrtakt medan Caporales San San S\u00edmon Suecia f\u00f6rberedde sig p\u00e5 sin tur.<\/p>\n<p>Dansens vecka bjuder allts\u00e5 upp i tio kommuner i hela l\u00e4net. Barndans, vuxendans, f\u00f6rest\u00e4llningar, prova p\u00e5 och dansfilm.<\/p>\n<p>&nbsp;<\/p>\n<p><a title=\"Carina Laine och Mathias Hansson\" href=\"https:\/\/www.flickr.com\/photos\/kultursidan\/26528275951\/in\/album-72157666920750700\/\"><img loading=\"lazy\" decoding=\"async\" src=\"https:\/\/farm2.staticflickr.com\/1605\/26528275951_4f5d1ee8fb.jpg\" alt=\"Carina Laine och Mathias Hansson\" width=\"500\" height=\"333\" \/><\/a><br \/>\n<em> Motion\u00e4rer. Carina Laine och Mathias Hansson fr\u00e5n Norrk\u00f6pings sportdansare vill locka fler att bugga, f\u00f6r n\u00f6jes skull eller f\u00f6r att b\u00f6rja t\u00e4vla.<\/em><\/p>\n<p>&nbsp;<\/p>\n<p><strong>Solen lyser i sn\u00e5lbl\u00e5sten och h\u00e5ller det utlovade regnet borta medan dansgrupperna tar tur mellan Spiralen och Spiralen tidigt p\u00e5 l\u00f6rdagseftermiddagen.<\/strong> Att synas \u00e4r att v\u00e4rva nya danspartners.<\/p>\n<p>\u2013 Vi g\u00f6r reklam f\u00f6r oss, s\u00e4ger Mathias Hansson fr\u00e5n Norrk\u00f6pings Sportdansare.<\/p>\n<p>B\u00e5de erfarna t\u00e4vlingsdansare och nyb\u00f6rjare deltar i uppvisningen som f\u00f6rhoppningsvis leder till till\u00f6kning i dansfamiljen.<\/p>\n<p>\u2013 Det ger gl\u00e4dje, en j\u00e4ttebra motionssport och alla kan vara med, framh\u00e5ller kollegan Carina Laine. Om man bara f\u00e5r prova p\u00e5 lite s\u00e5 man man fast sen.<\/p>\n<p>B\u00e5da \u00e4r kl\u00e4dda i Sportdansarnas getingf\u00e4rger \u2013 svart och gult. De k\u00e4nns igen sedan n\u00e4r de sv\u00e4nger i buggens virvlar.<\/p>\n<p><strong>Snart lyser det om dansg\u00e4nget fr\u00e5n <\/strong><strong>Caporales San San S\u00edmon Suecia.<\/strong> De st\u00e5r n\u00e4st p\u00e5 tur och t\u00e4nker b\u00e5de g\u00f6ra uppvisning och erbjuda workshop f\u00f6r hugade. Boliviansk dans \u00e4r en fest f\u00f6r \u00f6gat med glittrande fantasikl\u00e4der och snabba steg. Men just nu f\u00f6rbereder de sig, flickor och kvinnor fl\u00e4tar h\u00e5ret, ett par sm\u00e5flickor har kl\u00e4tt om i de korta kjolarna.<\/p>\n<p>\u2013 Jag blir glad av att lyssna p\u00e5 musiken och glad av att dansa, s\u00e4ger Erika Byr\u00e9n.<\/p>\n<p>Hon \u00e4r uppvuxen med den bolivianska dansen men k\u00e4nner m\u00e5nga tjejer som tar upp dansen i vuxen \u00e5lder. Den \u00e4r speciell med sin teknik f\u00f6r att snurra upp kjolarna.<\/p>\n<p>\u2013 Det har tagit tid f\u00f6r mig att l\u00e4ra mig. I b\u00f6rjan \u00e4r det sv\u00e5rt, man m\u00e5ste tr\u00e4na. Men s\u00e5 \u00e4r det med all dans, det g\u00e5r bara man har musiken i kroppen.<\/p>\n<p>&nbsp;<\/p>\n<p><a title=\"Erika Byr\u00e9n\" href=\"https:\/\/www.flickr.com\/photos\/kultursidan\/26528276451\/in\/album-72157666920750700\/\"><img loading=\"lazy\" decoding=\"async\" src=\"https:\/\/farm2.staticflickr.com\/1682\/26528276451_1aef663eda.jpg\" alt=\"Erika Byr\u00e9n\" width=\"500\" height=\"356\" \/><\/a><br \/>\n<em>Glitter. Bakom Erika Byr\u00e9n f\u00f6rbereder Caporales San San S\u00edmon Suecia sig f\u00f6r sin uppvisning. Dansarna b\u00e4r fantasifulla dr\u00e4kter med mycket paljetter. H\u00e5rets f\u00e4sts upp i tv\u00e5 stadiga fiskbensfl\u00e4tor.<\/em><\/p>\n<p>&nbsp;<\/p>\n<p><strong>Dansens vecka p\u00e5g\u00e5r i hela \u00d6sterg\u00f6tland fr\u00e5n l\u00f6rdag till fredag.<\/strong> Dansskolor och danskompanier visar upp sig. Ibland handlar det om att dansa med, som i passen med Friskis &amp; Svettis i S\u00f6derk\u00f6ping. I Finsp\u00e5ng ges <em>L\u00f6vkoja<\/em> en dansf\u00f6rest\u00e4llning f\u00f6r sm\u00e5 barn. Dansfilmen om hihoparna <em>Martha &amp; Niki <\/em>visas b\u00e5de i Finsp\u00e5ng och i Valdemarsvik. Valdemarsvik \u00e4r annars en stark ort f\u00f6r Zumba-tekniken.<\/p>\n<p><strong>I Norrk\u00f6ping finns flera dansskolor som f\u00f6rst\u00e5s vill locka till sig nya dansare inom alla genrer fr\u00e5n balett till hiphop.<\/strong> Bland studenter har Lindyhop, f\u00f6reg\u00e5ngaren till buggen, v\u00e4xt sig stor. Prova p\u00e5.<\/p>\n<p>Flera skickliga danskompanier, som House of Silfver och Legacy Family, g\u00f6r gemensam sak och k\u00f6r uppvisning ihop. L\u00e5ngt bortifr\u00e5n kommer dansarna fr\u00e5n Kenya som ger uppvisning tillsammans med kamrater fr\u00e5n De Geergymnasiets danslinje en f\u00f6rmiddag i mitten av veckan.<\/p>\n<p><strong>Dansens vecka avslutas den 29 april.<\/strong> D\u00e5 firas <em>Dansens dag<\/em> runt om i v\u00e4rlden som en hyllning till Noverres, en pionj\u00e4r inom balettkonsten.<\/p>\n<p>\u00a9 <em>Text och foto: Ann-Charlotte Sandelin<br \/>\n<\/em>\u00a9 <em>Foto: <\/em><em>Ann-Charlotte Sandelin<\/em><\/p>\n<blockquote>\n<h3><em>DANSENS VECKA \u00d6sterg\u00f6tland<\/em><\/h3>\n<p>23 \u2013 29 april 2016<br \/>\n<em>Arr: Dans i \u00d6st\/Region \u00d6sterg\u00f6tland samt dansarrang\u00f6rer i tio kummuner i \u00d6sterg\u00f6tland <\/em><\/p><\/blockquote>\n<p>L\u00c4NKAR<br \/>\nDans i \u00d6st, Region \u00d6sterg\u00f6tland Dans <a href=\"http:\/\/www.regionostergotland.se\/Regional-utveckling\/Kultur-och-natur\/Scenkonst\/Dans\/\" target=\"_blank\">hemsida<\/a> <a href=\"https:\/\/www.facebook.com\/Dans-i-%C3%96st-427467987348139\/?fref=ts\" target=\"_blank\">Facebook<\/a> <a href=\"https:\/\/wssext.regionostergotland.se\/regsam\/Kultur%20och%20kreativitet\/Verksamhet\/Dansens%20vecka%20program%202016.pdf\" target=\"_blank\">program<\/a><\/p>\n","protected":false},"excerpt":{"rendered":"<p>NORRK\u00d6PING F\u00e5r jag lov? Dansens vecka bjuder upp i hela \u00d6sterg\u00f6tlands l\u00e4n. I sol och sn\u00e5lbl\u00e5st startade festivalen i centrala Norrk\u00f6ping. Norrk\u00f6pings Sportdansare buggade i stadig fyrtakt medan Caporales San San S\u00edmon Suecia f\u00f6rberedde sig p\u00e5 sin tur. <a class=\"continue-reading-link\" href=\"https:\/\/www.kultursidan.nu\/?p=24884\">L\u00e4s mer <span class=\"meta-nav\">&rarr; <\/span><\/a><\/p>\n","protected":false},"author":1001006,"featured_media":0,"comment_status":"closed","ping_status":"open","sticky":false,"template":"","format":"standard","meta":{"_jetpack_memberships_contains_paid_content":false,"footnotes":""},"categories":[4,7,6,10],"tags":[41],"class_list":["post-24884","post","type-post","status-publish","format-standard","hentry","category-finspong","category-norrkoping","category-soderkoping","category-valdemarsvik","tag-dans"],"jetpack_featured_media_url":"","jetpack_sharing_enabled":true,"_links":{"self":[{"href":"https:\/\/www.kultursidan.nu\/index.php?rest_route=\/wp\/v2\/posts\/24884","targetHints":{"allow":["GET"]}}],"collection":[{"href":"https:\/\/www.kultursidan.nu\/index.php?rest_route=\/wp\/v2\/posts"}],"about":[{"href":"https:\/\/www.kultursidan.nu\/index.php?rest_route=\/wp\/v2\/types\/post"}],"author":[{"embeddable":true,"href":"https:\/\/www.kultursidan.nu\/index.php?rest_route=\/wp\/v2\/users\/1001006"}],"replies":[{"embeddable":true,"href":"https:\/\/www.kultursidan.nu\/index.php?rest_route=%2Fwp%2Fv2%2Fcomments&post=24884"}],"version-history":[{"count":0,"href":"https:\/\/www.kultursidan.nu\/index.php?rest_route=\/wp\/v2\/posts\/24884\/revisions"}],"wp:attachment":[{"href":"https:\/\/www.kultursidan.nu\/index.php?rest_route=%2Fwp%2Fv2%2Fmedia&parent=24884"}],"wp:term":[{"taxonomy":"category","embeddable":true,"href":"https:\/\/www.kultursidan.nu\/index.php?rest_route=%2Fwp%2Fv2%2Fcategories&post=24884"},{"taxonomy":"post_tag","embeddable":true,"href":"https:\/\/www.kultursidan.nu\/index.php?rest_route=%2Fwp%2Fv2%2Ftags&post=24884"}],"curies":[{"name":"wp","href":"https:\/\/api.w.org\/{rel}","templated":true}]}}