{"id":25007,"date":"2016-04-30T17:53:18","date_gmt":"2016-04-30T16:53:18","guid":{"rendered":"https:\/\/intelligent-friend-7861.standoutwp.com\/?p=25007"},"modified":"2016-04-30T17:53:18","modified_gmt":"2016-04-30T16:53:18","slug":"brotzmann-och-uuskyla-pa-antikvariatet-recension","status":"publish","type":"post","link":"https:\/\/www.kultursidan.nu\/?p=25007","title":{"rendered":"Br\u00f6tzmann och Uuskyla p\u00e5 Antikvariatet (recension)"},"content":{"rendered":"<p><img loading=\"lazy\" decoding=\"async\" class=\"alignnone size-medium wp-image-25008\" src=\"https:\/\/www.kultursidan.nu\/wp-content\/uploads\/2016\/04\/0013-Saxen-567x348.jpg\" alt=\"Peter Br\u00f6tzmann\" width=\"567\" height=\"348\" srcset=\"https:\/\/www.kultursidan.nu\/wp-content\/uploads\/2016\/04\/0013-Saxen-567x348.jpg 567w, https:\/\/www.kultursidan.nu\/wp-content\/uploads\/2016\/04\/0013-Saxen-768x471.jpg 768w, https:\/\/www.kultursidan.nu\/wp-content\/uploads\/2016\/04\/0013-Saxen-1024x628.jpg 1024w, https:\/\/www.kultursidan.nu\/wp-content\/uploads\/2016\/04\/0013-Saxen-543x333.jpg 543w, https:\/\/www.kultursidan.nu\/wp-content\/uploads\/2016\/04\/0013-Saxen-150x92.jpg 150w, https:\/\/www.kultursidan.nu\/wp-content\/uploads\/2016\/04\/0013-Saxen.jpg 1280w\" sizes=\"auto, (max-width: 567px) 100vw, 567px\" \/><br \/>\n<em>Intensitet. Peter Br\u00f6tzmann spelar med kraft, den r\u00e5a klangen \u00e4r br\u00f6tig, \u00e4nd\u00e5 flexibel och med vibrato p\u00e5 valda st\u00e4llen.<br \/>\n<\/em><\/p>\n<p>&nbsp;<\/p>\n<h1><span style=\"color: #ff0000;\">Brutalt och grymt expressivt<\/span><\/h1>\n<p>&nbsp;<\/p>\n<p><strong>Peter Br\u00f6tzmann, en av frijazzens st\u00f6rsta m\u00e4stare, kom med brutala utbrott p\u00e5 ett fullsatt Antikvariat <\/strong>efter inledning av nestorn Reijo Rantanen och F\u00f6reningen Annan musiks Lars Jonsson. Br\u00f6tzmann beh\u00e4rskar b\u00e5de saxofon och klarinett, spelar oftast mycket starkt med r\u00e5 klang som \u00e4nd\u00e5 \u00e4r flexibel och har visst vibrato p\u00e5 valda st\u00e4llen.<\/p>\n<p><strong>Jazzen \u00e4r f\u00f6rvisso fri men har \u00e4nd\u00e5 en viss, n\u00e4rmast poetisk, struktur som liknar centrallyrik<\/strong> \u2013 som den helt oefterh\u00e4rmelig liksom Br\u00f6tzmanns blyga, n\u00e4rmast skygga och excentriska persona.<\/p>\n<p>Den tyske konstn\u00e4ren har tidigare \u201cflirtat\u201d med h\u00e5rdrocken och visst fanns drag fr\u00e5n metal i torsdagens konsert, tufft och grymt expressivt var det till publikens stora upphetsning. Kanske har ocks\u00e5 Peter en mer filosofisk tanke med sin mycket k\u00e4rva stil \u00e4ven om han s\u00e4kert oftast l\u00e5ter instrumenten tala.<\/p>\n<p>Utan tvekan beh\u00e4rskar Peter de flesta stilar med b\u00e5de sax och klarinett b\u00e5de tekniskt och konstn\u00e4rligt \u2013 han kan spela svagt och n\u00e4rmast skirt n\u00e4r han \u201cm\u00e5ste\u201d, men oftast \u00e4r det \u201csm\u00e4ll p\u00e5\u201d med ett br\u00f6tigt sound.<\/p>\n<p>&nbsp;<\/p>\n<p><a title=\"0025 Paus\" href=\"https:\/\/www.flickr.com\/photos\/kultursidan\/26665535181\/in\/album-72157667571352762\/\"><img loading=\"lazy\" decoding=\"async\" src=\"https:\/\/farm2.staticflickr.com\/1553\/26665535181_6c10c4b31a.jpg\" alt=\"0025 Paus\" width=\"500\" height=\"332\" \/><\/a><br \/>\n<em>Suggestivt radarpar. Peeter Uuskyla och Peter Br\u00f6tzmann g\u00e4stade Antikvariatet med f\u00f6reningen Annan musiks v\u00e5rkonsert.<\/em><\/p>\n<p>&nbsp;<\/p>\n<p><strong>Peeter Uuskyla p\u00e5 trummor varvar perkussivt, lite torrt slagverk med en del vispar mer i cool-stil.<\/strong> Han \u00e4r mycket mer ut\u00e5triktad \u00e4n sin introverte kollega och de var ett suggestivt radarpar.<\/p>\n<p><strong>Tillsammans var de ett sv\u00e5rslaget par.<\/strong> Har man ett sinne f\u00f6r musik fj\u00e4rran fr\u00e5n mainstream m\u00e5ste man ge Peter Br\u00f6tzmann \u2013 som har spelat i m\u00e5nga konstellationer stora och sm\u00e5 under en l\u00e5ng karri\u00e4r \u2013 en chans!<\/p>\n<p>\u00a9 <em>Text: Lars Henriksson<br \/>\n<\/em>\u00a9 <em>Foto: <\/em><em>Sven \u00c5ke Molund<\/em><\/p>\n<p>BILDSPEL (FLASH) \u2013 KLICKA P\u00c5 BILDEN <em><br \/>\nALT\/MOBIL: SE BILDSPELET <a title=\"Bildspel\" href=\"https:\/\/www.flickr.com\/photos\/kultursidan\/sets\/72157667571352762\/show\/\" target=\"_blank\">H\u00c4R<\/a><\/em><br \/>\n<object width=\"400\" height=\"300\"><param name=\"flashvars\" value=\"offsite=true&amp;lang=en-us&amp;page_show_url=%2Fphotos%2Fkultursidan%2Fsets%2F72157667571352762%2Fshow%2F&amp;page_show_back_url=%2Fphotos%2Fkultursidan%2Fsets%2F72157667571352762%2F&amp;set_id=72157667571352762&amp;jump_to=\" \/><param name=\"movie\" value=\"https:\/\/www.flickr.com\/apps\/slideshow\/show.swf?v=1811922554\" \/><param name=\"allowFullScreen\" value=\"true\" \/><\/object><\/p>\n<blockquote>\n<h3><em>ANTIKVARIATET Norrk\u00f6ping<\/em><\/h3>\n<p>28 april 2016<em><br \/>\n<strong>Saxofon och slagverk med Peter Br\u00f6tzmann och Peeter Uuskyla<\/strong><br \/>\nArr: F\u00f6reningen Annan musik och Antikvariatets v\u00e4nner<\/em><\/p><\/blockquote>\n<p>L\u00c4NKAR<br \/>\nPeter Br\u00f6tzmann <a href=\"http:\/\/www.peterbroetzmann.com\" target=\"_blank\">hemsida<\/a><br \/>\nPeeter Uuskyla <a href=\"https:\/\/www.facebook.com\/Peeter-Uuskyla-227806273905770\/\" target=\"_blank\">Facebook<\/a><br \/>\nLars Henriksson \u2013 Operalaven <a href=\"http:\/\/www.operalaven.se\/\" target=\"_blank\">hemsida<\/a><br \/>\nF\u00f6reningen Annan musik <a href=\"http:\/\/annanmusik.se\/php\/\" target=\"_blank\">hemsida<\/a> <a href=\"https:\/\/www.facebook.com\/Annan-Musik-311183571942\/?fref=ts\" target=\"_blank\">Facebook<\/a><br \/>\nAntikvariatet <a href=\"https:\/\/www.facebook.com\/pages\/Antikvariatet-i-Norrk%C3%B6ping\/155880004456321\" target=\"_blank\">Facebook<\/a>\u00a0 <a href=\"https:\/\/www.facebook.com\/events\/1780737188816055\/\" target=\"_blank\">FB-evenemang<\/a><\/p>\n","protected":false},"excerpt":{"rendered":"<p>NORRK\u00d6PING Tufft och grymt expressivt. Tyske saxofonisten Peer Br\u00f6tzmann spelar starkt med r\u00e5 klang medan svenske slagverkaren Peeter Uuskyla har en torrare stil. F\u00f6reningen Annan musiks v\u00e5rkonsert fyllde Antikvariatet till bristningsgr\u00e4nsen. <a class=\"continue-reading-link\" href=\"https:\/\/www.kultursidan.nu\/?p=25007\">L\u00e4s mer <span class=\"meta-nav\">&rarr; <\/span><\/a><\/p>\n","protected":false},"author":1001006,"featured_media":0,"comment_status":"closed","ping_status":"open","sticky":false,"template":"","format":"standard","meta":{"_jetpack_memberships_contains_paid_content":false,"footnotes":""},"categories":[7],"tags":[13],"class_list":["post-25007","post","type-post","status-publish","format-standard","hentry","category-norrkoping","tag-musik"],"jetpack_featured_media_url":"","jetpack_sharing_enabled":true,"_links":{"self":[{"href":"https:\/\/www.kultursidan.nu\/index.php?rest_route=\/wp\/v2\/posts\/25007","targetHints":{"allow":["GET"]}}],"collection":[{"href":"https:\/\/www.kultursidan.nu\/index.php?rest_route=\/wp\/v2\/posts"}],"about":[{"href":"https:\/\/www.kultursidan.nu\/index.php?rest_route=\/wp\/v2\/types\/post"}],"author":[{"embeddable":true,"href":"https:\/\/www.kultursidan.nu\/index.php?rest_route=\/wp\/v2\/users\/1001006"}],"replies":[{"embeddable":true,"href":"https:\/\/www.kultursidan.nu\/index.php?rest_route=%2Fwp%2Fv2%2Fcomments&post=25007"}],"version-history":[{"count":0,"href":"https:\/\/www.kultursidan.nu\/index.php?rest_route=\/wp\/v2\/posts\/25007\/revisions"}],"wp:attachment":[{"href":"https:\/\/www.kultursidan.nu\/index.php?rest_route=%2Fwp%2Fv2%2Fmedia&parent=25007"}],"wp:term":[{"taxonomy":"category","embeddable":true,"href":"https:\/\/www.kultursidan.nu\/index.php?rest_route=%2Fwp%2Fv2%2Fcategories&post=25007"},{"taxonomy":"post_tag","embeddable":true,"href":"https:\/\/www.kultursidan.nu\/index.php?rest_route=%2Fwp%2Fv2%2Ftags&post=25007"}],"curies":[{"name":"wp","href":"https:\/\/api.w.org\/{rel}","templated":true}]}}