{"id":25022,"date":"2016-05-03T08:14:52","date_gmt":"2016-05-03T07:14:52","guid":{"rendered":"https:\/\/intelligent-friend-7861.standoutwp.com\/?p=25022"},"modified":"2016-05-03T08:38:11","modified_gmt":"2016-05-03T07:38:11","slug":"stolta-forberedelser-infor-arets-pride","status":"publish","type":"post","link":"https:\/\/www.kultursidan.nu\/?p=25022","title":{"rendered":"Stolta f\u00f6rberedelser inf\u00f6r \u00e5rets Pride"},"content":{"rendered":"<p><img loading=\"lazy\" decoding=\"async\" class=\"alignnone size-medium wp-image-25023\" src=\"https:\/\/www.kultursidan.nu\/wp-content\/uploads\/2016\/05\/DSCF4272-567x378.jpg\" alt=\"Maja Engstr\u00f6m\" width=\"567\" height=\"378\" srcset=\"https:\/\/www.kultursidan.nu\/wp-content\/uploads\/2016\/05\/DSCF4272-567x378.jpg 567w, https:\/\/www.kultursidan.nu\/wp-content\/uploads\/2016\/05\/DSCF4272-768x512.jpg 768w, https:\/\/www.kultursidan.nu\/wp-content\/uploads\/2016\/05\/DSCF4272-1024x682.jpg 1024w, https:\/\/www.kultursidan.nu\/wp-content\/uploads\/2016\/05\/DSCF4272-500x333.jpg 500w, https:\/\/www.kultursidan.nu\/wp-content\/uploads\/2016\/05\/DSCF4272-150x100.jpg 150w, https:\/\/www.kultursidan.nu\/wp-content\/uploads\/2016\/05\/DSCF4272.jpg 1280w\" sizes=\"auto, (max-width: 567px) 100vw, 567px\" \/><br \/>\n<em>\u2013 Var femte sju\u00e5ring vill bli smalare. Vad t\u00e4nker ni om det? Maja Engstr\u00f6ms pre-Pride-f\u00f6rel\u00e4sning engagerade. Normsn\u00e4v reklam som v\u00e4nder sig till vuxna drabbar \u00e4ven barn med sitt budskap.<\/em><\/p>\n<p>&nbsp;<\/p>\n<h1><span style=\"color: #ff0000;\">&#8221;G\u00e5 med i Prideparaden f\u00f6r solidaritet&#8221;<\/span><\/h1>\n<p>&nbsp;<\/p>\n<p><strong>P\u00e5 fredag startar Pride.<\/strong> Men uppv\u00e4rmningen har redan b\u00f6rjat. Med f\u00f6rel\u00e4sningar, pyssel och schlager-k\u00f6r. I parkerna i centrala Norrk\u00f6ping st\u00e5r hbtq-personer staty med sina ber\u00e4ttelser och ber norrk\u00f6pingsborna att g\u00e5 med i Prideparaden p\u00e5 l\u00f6rdag.<\/p>\n<p>&nbsp;<\/p>\n<p><a title=\"DSCF4280\" href=\"https:\/\/www.flickr.com\/photos\/kultursidan\/26514238220\/in\/album-72157667671046872\/\"><img loading=\"lazy\" decoding=\"async\" src=\"https:\/\/farm8.staticflickr.com\/7197\/26514238220_58e30e6d00.jpg\" alt=\"DSCF4280\" width=\"500\" height=\"333\" \/><\/a><br \/>\n<em>F\u00f6rel\u00e4sning. Kunskapsbygge har alltid varit en viktig del av Norrk\u00f6ping Pride.<\/em><\/p>\n<p>&nbsp;<\/p>\n<p><strong>Pride i Norrk\u00f6ping har alltid blandat festen med kunskapsbygge och kultur.<\/strong> N\u00e4r nu Pride v\u00e4rmer upp inf\u00f6r den kommande festivalen blir det smakprov p\u00e5 lite av varje med Svenska kyrkans hj\u00e4lp. Det \u00e4r n\u00e4mligen hos Diakonicentrum som mesta uppv\u00e4rmningen sker, som att Schlagerk\u00f6ren \u00f6var inf\u00f6r <em>Schlagerm\u00e4ssan<\/em> i S:t Johannes kyrka p\u00e5 l\u00f6rdag.<\/p>\n<p><strong>\u2013 Fyra bilder \u2013 en ska bort. Vilken? <\/strong>P\u00e5 m\u00e5ndagen f\u00f6rel\u00e4ste Maja Engstr\u00f6m fr\u00e5n Frisk &amp; Fri, Riksf\u00f6reningen mot \u00e4tst\u00f6rningar, om \u201d\u00c4tst\u00f6rning, genus och hbtq\u201d p\u00e5 Diakonicentrum. Och vad har \u00e4tst\u00f6rningar att g\u00f6ra med hbtq (homosexuella, bisexuella samt trans- och queerpersoner)? Jo, \u00e4tst\u00f6rningar sl\u00e5r extra h\u00e5rt med hbtq-personer med en annan k\u00f6nsidentitet eller sexuell l\u00e4ggning \u00e4n majoriteten. Det f\u00f6rsta k\u00e4nsliga personer med l\u00e5g kroppsuppfattning kan g\u00f6ra \u00e4r att ta kontroll \u00f6ver maten.<\/p>\n<p>\u2013 Hbtq-personer har ofta d\u00e5lig erfarenhet av v\u00e5rdkontakt och myndigheter. D\u00e4rf\u00f6r drar de sig extra mycket f\u00f6r att be om hj\u00e4lp, f\u00f6rklarade Maja Engstr\u00f6m.<\/p>\n<p>Publiken var liten men intresserad, flera arbetar just inom v\u00e5rden och tog till sig av statistik och r\u00e5d om bem\u00f6tande. \u201dUtg\u00e5 inte fr\u00e5n att alla \u00e4r heteronormativa\u201d. Och svaret p\u00e5 Majas inledande fr\u00e5ga om de fyra portr\u00e4tten:<\/p>\n<p>\u2013 Jo bilden p\u00e5 mig ska bort, f\u00f6r jag lever och \u00e4r frisk. De andra \u00e4r d\u00f6da.<\/p>\n<p>&nbsp;<\/p>\n<p><a title=\"DSCF4283\" href=\"https:\/\/www.flickr.com\/photos\/kultursidan\/26181293894\/in\/album-72157667671046872\/\"><img loading=\"lazy\" decoding=\"async\" src=\"https:\/\/farm8.staticflickr.com\/7391\/26181293894_628bc1ecd8.jpg\" alt=\"DSCF4283\" width=\"500\" height=\"333\" \/><\/a><br \/>\n<em>Regnb\u00e5gsf\u00e4rgat pyssel. Under Pride blir det flera tillf\u00e4llen att tr\u00e4ffas, fika och pyssla i gott s\u00e4llskap. H\u00e4r p\u00e5 Diakonicentrum i m\u00e5ndags.<\/em><\/p>\n<p>&nbsp;<\/p>\n<p><strong>Pride p\u00e5g\u00e5r 6\u20138 maj, en festival i regnb\u00e5gens f\u00e4rger p\u00e5 flera h\u00e5ll i Norrk\u00f6ping.<\/strong> Den som vill kan \u00e4gna sig \u00e5t pyssel och kreativitet, p\u00e5 Diakonicentrum, Stadsmuseet och i kvarteret Hallarna. F\u00f6rel\u00e4sningar p\u00e5 ABF Bergslagsg\u00e5rden och RFSL tar upp diskrimineringslagen och sv\u00e5righeter med att avvika fr\u00e5n normen p\u00e5 mindre orter.<\/p>\n<p>\u2013 Norrk\u00f6ping Pride vill vara en frizon fr\u00e5n homofobi, transfobi, bifobi, sexism, rasism, ableism (diskriminering av personer med olika slags funktionshinder) etcetera, f\u00f6rklarar Desire\u00e9 Ljungcrantz som ing\u00e5r i Prides styrelse.<\/p>\n<p><strong>Konst och kultur \u00e4r en viktig del av Pride.<\/strong> Konstn\u00e4ren Hanna L\u00f6\u00f6v visar utst\u00e4llningen <em>Fiskens fittkonster<\/em> med m\u00e5let att ta bort tabun och skam p\u00e5 ABF Bergslagsg\u00e5rden. P\u00e5 Galleri Kronan visas utst\u00e4llningen <em>En fr\u00e5ga om tolkning. Livet allts\u00e5\u2026<\/em> d\u00e4r fem konstn\u00e4rer tolkat lika m\u00e5nga \u00e4ldre hbtq-personers livsber\u00e4ttelser.<\/p>\n<p>Arbetets museum st\u00e4ller fr\u00e5gan <em>Gay Enough?<\/em> \u2013 en film om asyls\u00f6kande hbtq-personers m\u00f6te med svenska myndigheter. Cnema visar filmerna <em>In the Turn<\/em> och <em>Freeheld<\/em>. Allt detta och mycket mer.<\/p>\n<p>&nbsp;<\/p>\n<p><a title=\"IMG_0177\" href=\"https:\/\/www.flickr.com\/photos\/kultursidan\/26181293844\/in\/album-72157667671046872\/\"><img loading=\"lazy\" decoding=\"async\" src=\"https:\/\/farm8.staticflickr.com\/7308\/26181293844_8eed68395f.jpg\" alt=\"IMG_0177\" width=\"500\" height=\"489\" \/><\/a><br \/>\n<em> St\u00e5r staty. Lukas \u00e4r en av de hbtq-personer som genom stora portr\u00e4tt uppmanar norrk\u00f6pingsborna att g\u00e5 med i Prideparaden p\u00e5 l\u00f6rdag.<\/em><\/p>\n<p>&nbsp;<\/p>\n<p><strong>Prideparaden g\u00e5r genom staden p\u00e5 l\u00f6rdag.<\/strong> Slagverkarna i Feministas Acidas kommer tillbaka i \u00e5r med sina trummor. En l\u00e5ng rad organisationer, fr\u00e5n R\u00e4ddningstj\u00e4nsten till L\u00e4rarprogrammet st\u00e4ller upp. R\u00e4kna med att Svenska Cosplayf\u00f6reningen kommer att v\u00e4cka uppm\u00e4rksamhet n\u00e4r de kommer utkl\u00e4dda liksom Norrk\u00f6pings och Link\u00f6pings Rollerderby, vars medlemmar inte g\u00e5r i paraden utan rullar fram.<\/p>\n<p>Har du sett pappfigurer i full storlek ute i parker och p\u00e5 torg i centrala Norrk\u00f6ping? Det \u00e4r hbtq-personer som ber\u00e4ttar om vad hoten fr\u00e5n alltf\u00f6r str\u00e4nga normer under uppv\u00e4xten och i dagens samh\u00e4lle inneb\u00e4r. De ber den som l\u00e4ser deras ber\u00e4ttelse att g\u00e5 med i paraden eller st\u00e5 bredvid och se p\u00e5 f\u00f6r att visa solidaritet.<\/p>\n<p><strong>\u2013 M\u00e5let \u00e4r att Norrk\u00f6ping ska bli en \u00f6ppnare stad,<\/strong> en plats d\u00e4r en kan k\u00e4nna sig trygg och vara den som en vill vara, avslutar Desir\u00e9e Ljungqrantz.<\/p>\n<p>\u00a9 <em>Text och foto: Ann-Charlotte Sandelin<br \/>\n<\/em>\u00a9 <em>Foto: <\/em><em>Ann-Charlotte Sandelin och Hjalmar Sandelin M\u00e5rdh<\/em><\/p>\n<p>BILDSPEL (FLASH) \u2013 KLICKA P\u00c5 BILDEN <em><br \/>\nALT\/MOBIL: SE BILDSPELET <a title=\"Bildspel\" href=\"https:\/\/www.flickr.com\/photos\/kultursidan\/sets\/72157667671046872\/show\/\" target=\"_blank\">H\u00c4R<\/a><\/em><br \/>\n<object width=\"400\" height=\"300\"><param name=\"flashvars\" value=\"offsite=true&amp;lang=en-us&amp;page_show_url=%2Fphotos%2Fkultursidan%2Fsets%2F72157667671046872%2Fshow%2F&amp;page_show_back_url=%2Fphotos%2Fkultursidan%2Fsets%2F72157667671046872%2F&amp;set_id=72157667671046872&amp;jump_to=\" \/><param name=\"movie\" value=\"https:\/\/www.flickr.com\/apps\/slideshow\/show.swf?v=1811922554\" \/><param name=\"allowFullScreen\" value=\"true\" \/><\/object><\/p>\n<blockquote>\n<h3><em>NORRK\u00d6PING<\/em><\/h3>\n<p>6 \u2013 8 maj 2016<em><br \/>\n<strong>Pride<\/strong><\/em><\/p>\n<p>7 maj 11.30<br \/>\n<em><strong>Prideparaden<\/strong><br \/>\nSamling Gamla busstationen<br \/>\nMarschv\u00e4g: Drottninggatan\u2013Hamngatan\u2013Gamla R\u00e5dstugugatan\u2013Repslagargatan\u2013Dalsgatan\u2013Nygatan\u2013Kungsgatan\u2013Vattengatan\u2013Smedjegatan\u2013Bredgatan\u2013Arbis.<br \/>\n<\/em><\/p>\n<p style=\"padding-left: 30px;\"><em>PLATSER F\u00d6R PRIDE<br \/>\nABF Bergslagsg\u00e5rden<br \/>\nArbetets museum<br \/>\nArbis<br \/>\nCnema<br \/>\nDiakonicentrum<br \/>\nDynamo<br \/>\nGalleri Kronan<br \/>\n<\/em><em>Hallarna<br \/>\n<\/em><em>Klockarg\u00e5rden<br \/>\n<\/em><em>K\u00e5ken v\u00e5n 6, Universitetet<br \/>\nNorrk\u00f6pings Konstmuseum<br \/>\nNorrk\u00f6pings stadsmuseum<br \/>\n<\/em><em>Primate Lounge<br \/>\nRFSL, Kungsgatan 62<br \/>\nS:t Johannes kyrka<br \/>\nTeater Br\u00e5ddgatan 34<\/em><\/p>\n<\/blockquote>\n<p>L\u00c4NKAR<br \/>\nPride <a href=\"http:\/\/norrkopingpride.se\" target=\"_blank\">hemsida<\/a> <a href=\"https:\/\/www.facebook.com\/norrkopingpride\/?fref=ts\" target=\"_blank\">Facebook<\/a><\/p>\n","protected":false},"excerpt":{"rendered":"<p>NORRK\u00d6PING P\u00e5 fredag startar Pride. Men uppv\u00e4rmningen har redan b\u00f6rjat. Med f\u00f6rel\u00e4sningar, pyssel och schlager-k\u00f6r. I parkerna i centrala Norrk\u00f6ping st\u00e5r hbtq-personer staty med sina ber\u00e4ttelser och ber norrk\u00f6pingsborna att g\u00e5 med i Prideparaden. <a class=\"continue-reading-link\" href=\"https:\/\/www.kultursidan.nu\/?p=25022\">L\u00e4s mer <span class=\"meta-nav\">&rarr; <\/span><\/a><\/p>\n","protected":false},"author":1001006,"featured_media":0,"comment_status":"closed","ping_status":"open","sticky":false,"template":"","format":"standard","meta":{"_jetpack_memberships_contains_paid_content":false,"footnotes":""},"categories":[7],"tags":[29],"class_list":["post-25022","post","type-post","status-publish","format-standard","hentry","category-norrkoping","tag-festival"],"jetpack_featured_media_url":"","jetpack_sharing_enabled":true,"_links":{"self":[{"href":"https:\/\/www.kultursidan.nu\/index.php?rest_route=\/wp\/v2\/posts\/25022","targetHints":{"allow":["GET"]}}],"collection":[{"href":"https:\/\/www.kultursidan.nu\/index.php?rest_route=\/wp\/v2\/posts"}],"about":[{"href":"https:\/\/www.kultursidan.nu\/index.php?rest_route=\/wp\/v2\/types\/post"}],"author":[{"embeddable":true,"href":"https:\/\/www.kultursidan.nu\/index.php?rest_route=\/wp\/v2\/users\/1001006"}],"replies":[{"embeddable":true,"href":"https:\/\/www.kultursidan.nu\/index.php?rest_route=%2Fwp%2Fv2%2Fcomments&post=25022"}],"version-history":[{"count":0,"href":"https:\/\/www.kultursidan.nu\/index.php?rest_route=\/wp\/v2\/posts\/25022\/revisions"}],"wp:attachment":[{"href":"https:\/\/www.kultursidan.nu\/index.php?rest_route=%2Fwp%2Fv2%2Fmedia&parent=25022"}],"wp:term":[{"taxonomy":"category","embeddable":true,"href":"https:\/\/www.kultursidan.nu\/index.php?rest_route=%2Fwp%2Fv2%2Fcategories&post=25022"},{"taxonomy":"post_tag","embeddable":true,"href":"https:\/\/www.kultursidan.nu\/index.php?rest_route=%2Fwp%2Fv2%2Ftags&post=25022"}],"curies":[{"name":"wp","href":"https:\/\/api.w.org\/{rel}","templated":true}]}}