{"id":25089,"date":"2016-05-07T19:31:29","date_gmt":"2016-05-07T18:31:29","guid":{"rendered":"https:\/\/intelligent-friend-7861.standoutwp.com\/?p=25089"},"modified":"2016-05-10T11:04:29","modified_gmt":"2016-05-10T10:04:29","slug":"rekordstor-prideparad-slog-ut-i-full-blom","status":"publish","type":"post","link":"https:\/\/www.kultursidan.nu\/?p=25089","title":{"rendered":"Rekordstor Prideparad slog ut i full blom"},"content":{"rendered":"<p><img loading=\"lazy\" decoding=\"async\" class=\"alignnone size-medium wp-image-25090\" src=\"https:\/\/www.kultursidan.nu\/wp-content\/uploads\/2016\/05\/DSCF4628-567x378.jpg\" alt=\"Prideparaden\" width=\"567\" height=\"378\" srcset=\"https:\/\/www.kultursidan.nu\/wp-content\/uploads\/2016\/05\/DSCF4628-567x378.jpg 567w, https:\/\/www.kultursidan.nu\/wp-content\/uploads\/2016\/05\/DSCF4628-768x512.jpg 768w, https:\/\/www.kultursidan.nu\/wp-content\/uploads\/2016\/05\/DSCF4628-1024x682.jpg 1024w, https:\/\/www.kultursidan.nu\/wp-content\/uploads\/2016\/05\/DSCF4628-500x333.jpg 500w, https:\/\/www.kultursidan.nu\/wp-content\/uploads\/2016\/05\/DSCF4628-150x100.jpg 150w, https:\/\/www.kultursidan.nu\/wp-content\/uploads\/2016\/05\/DSCF4628.jpg 1280w\" sizes=\"auto, (max-width: 567px) 100vw, 567px\" \/><br \/>\n<em>Happy Pride! Rekordm\u00e5nga gick i \u00e5rets Prideparad i Norrk\u00f6ping. De h\u00e4r p\u00e5minde om att\u00a0 fortfarande finns m\u00e5nga som inte kan eller f\u00e5r g\u00e5 med \u2013 i Sverige och i v\u00e4rlden.<\/em><\/p>\n<p>&nbsp;<\/p>\n<h1><span style=\"color: #ff0000;\">&#8221;Vi gillar parader oavsett k\u00f6n!&#8221;<\/span><\/h1>\n<p>&nbsp;<\/p>\n<p><strong>&#8221;Happy Pride&#8221; \u2013 <em>Euforia<\/em> och starka k\u00e4nslor.<\/strong> Prideparaden slog ut i full blom i l\u00f6rdagens f\u00f6rsommarv\u00e4rme. Aldrig har s\u00e5 m\u00e5nga g\u00e5tt med i paraden som i \u00e5r \u2013 uppemot 3.000 personer.<\/p>\n<p>\u2013 H\u00e4rligt att se alla generationer som m\u00f6ts h\u00e4r, sade arrang\u00f6ren Rickard Eriksson. Det k\u00e4nns som att hela stan st\u00e4ller upp f\u00f6r Pride.<\/p>\n<p>Arrang\u00f6rerna som r\u00e4knat in 22 anm\u00e4lda organisationer fick p\u00e5 \u00f6vertid in ytterligare en \u2013 Hagagymnasiets elevk\u00e5r.<\/p>\n<p>\u2013 De ville visa att de inte st\u00e5r f\u00f6r flaggbr\u00e4nningen som varit p\u00e5 skolorna, f\u00f6rklarade Rickard Eriksson.<\/p>\n<p>&nbsp;<\/p>\n<p><a title=\"Feministas Acidas\" href=\"https:\/\/www.flickr.com\/photos\/kultursidan\/26805125991\/in\/album-72157667996537026\/\"><img loading=\"lazy\" decoding=\"async\" src=\"https:\/\/farm8.staticflickr.com\/7759\/26805125991_a4bdac48cd.jpg\" alt=\"Feministas Acidas\" width=\"500\" height=\"333\" \/><\/a><br \/>\n<em>Slagfast fest. Feministas Acidas attacktrumslagare h\u00f6jde st\u00e4mningen i sin del av det l\u00e5nga t\u00e5get.<\/em><\/p>\n<p>&nbsp;<\/p>\n<p><strong>M\u00e5nga stod vid sidan av, v\u00e4ntade p\u00e5 paraden som skulle dra fram.<\/strong> Norrk\u00f6pingsprofilen Berit Malmqvist stod p\u00e5 Gamla R\u00e5dstugugatan tillsammans med Inger och Nils S\u00f6derberg.<\/p>\n<p>\u2013 Jag tycker det h\u00e4r \u00e4r en bra grej. Jag tycker alla har r\u00e4tt att vara som de \u00e4r och jag tycker det verkar som att fler och fler m\u00e4nniskor som inser det, sade Berit Malmqvist.<\/p>\n<p>\u2013 Vi gillar parader oavsett k\u00f6n!, slog Inger S\u00f6derberg fast.<\/p>\n<p><strong>M\u00e5nga gick med i t\u00e5get.<\/strong> Utom Bolivia Kommitt\u00e9ns tjejer som dansade hela v\u00e4gen fr\u00e5n Gamla busstationen till Arbis, p\u00e5 slingrande v\u00e4gar f\u00f6rbi Holmentorget, Nygatan och Kungsgatan. Roller derbyklubbarna i Norrk\u00f6ping och Link\u00f6ping dansade inte, promenerade inte utan rullade fram.<\/p>\n<p>Festst\u00e4mningen h\u00f6jdes av attacktrumslagarna i Feministas Acidas, av s\u00e5pbubblorna som n\u00e5gon spred och av de utkl\u00e4dda cosplayspelarna. Carina Milde, en av Norrk\u00f6ping Prides tidigare ordf\u00f6rande ropar &#8221;Happy Pride!&#8221; till mig.<\/p>\n<p><strong>Antra Agrena och Rudolf \u00c5gren fr\u00e5n Riga st\u00e5r vid Holmentorget med rosor i h\u00e4nderna.<\/strong><\/p>\n<p>\u2013 Vi fick dem av n\u00e5gon som gick i t\u00e5get.<\/p>\n<p>Antra Agrena tycker att paraden \u00e4r vacker. I Riga m\u00f6ts Prideparaden av stenar och slag, ber\u00e4ttar hon.<\/p>\n<p>\u2013 Jag blir ledsen n\u00e4r jag t\u00e4nker p\u00e5 hur olika det \u00e4r.<\/p>\n<p>&nbsp;<\/p>\n<p><a title=\"Queer landsbygd\" href=\"https:\/\/www.flickr.com\/photos\/kultursidan\/26805125611\/in\/album-72157667996537026\/\"><img loading=\"lazy\" decoding=\"async\" src=\"https:\/\/farm8.staticflickr.com\/7438\/26805125611_fd99bb4b2b.jpg\" alt=\"Queer landsbygd\" width=\"500\" height=\"370\" \/><\/a><br \/>\n<em>Queer landsbygd. Ett av Prides samtal under festivalen har handlat just om hur det \u00e4r att vara hbtq-person p\u00e5 mindre orter.<\/em><\/p>\n<p>&nbsp;<\/p>\n<p><strong>Sista ledet har inte ens n\u00e5tt Dalgatan n\u00e4r fr\u00e4msta ledet sv\u00e4nger in p\u00e5 Nygatan.<\/strong> H\u00e4r ska t\u00e5get samsas med bussar och sp\u00e5rvagnar som prydda med regnb\u00e5gsf\u00e4rgade vimplar tar med sig Pride ut i hela Norrk\u00f6ping.<\/p>\n<p>Kungsgatan. Paraden korsar Bergsbron och roller derbyg\u00e4ngets egen musikmaskin pumpar fram Loreens <em>Euphoria<\/em>.<\/p>\n<p><strong>P\u00e5 Skvallertorget st\u00e5r Birgitta Wid\u00e9n och torkar bort en t\u00e5r.<\/strong><\/p>\n<p>\u2013 Jag blir alldeles gr\u00e5tf\u00e4rdig. All k\u00e4rlek \u00e4r fantastisk, s\u00e4ger hon som absolut inte vill g\u00e5 i t\u00e5get.<\/p>\n<p>\u2013 Jag vill ju se och uppleva det! Man m\u00e5ste vara gjord av sten om man inte blir ber\u00f6rd. D\u00e5 vet man ingenting om allt som ligger bakom. De i v\u00e5rt t\u00e5g h\u00e4r m\u00e5ste tala f\u00f6r de som inte kan eller f\u00e5r. Det \u00e4r viktigt att h\u00e5lla historien vid liv.<\/p>\n<p>Hon brukar ocks\u00e5 se Stockholms Prideparad och har ett tips: T\u00e4nk p\u00e5 de \u00e4ldre. D\u00e4r har de en vagn f\u00f6r \u201dold ladies\u201d.<\/p>\n<p>\u00a9 <em>Text: Ann-Charlotte Sandelin<br \/>\n<\/em>\u00a9 <em>Foto: <\/em><em>Ann-Charlotte Sandelin, Michael Strandhed och Sven \u00c5ke Molund<\/em><\/p>\n<p>BILDSPEL (FLASH) \u2013 KLICKA P\u00c5 BILDEN <em><br \/>\nALT\/MOBIL: SE BILDSPELET <a title=\"Bildspel\" href=\"https:\/\/www.flickr.com\/photos\/kultursidan\/sets\/72157667996537026\/show\/\" target=\"_blank\">H\u00c4R<\/a><\/em><br \/>\n<object width=\"400\" height=\"300\"><param name=\"flashvars\" value=\"offsite=true&amp;lang=en-us&amp;page_show_url=%2Fphotos%2Fkultursidan%2Fsets%2F72157667996537026%2Fshow%2F&amp;page_show_back_url=%2Fphotos%2Fkultursidan%2Fsets%2F72157667996537026%2F&amp;set_id=72157667996537026&amp;jump_to=\" \/><param name=\"movie\" value=\"https:\/\/www.flickr.com\/apps\/slideshow\/show.swf?v=1811922554\" \/><param name=\"allowFullScreen\" value=\"true\" \/><\/object><\/p>\n<blockquote>\n<h3><em>NORRK\u00d6PING<\/em><\/h3>\n<p>7 maj 2016<em><br \/>\n<strong>Prideparaden<br \/>\n<\/strong>Samling Gamla busstationen<br \/>\nMarschv\u00e4g: Drottninggatan\u2013Hamngatan\u2013Gamla R\u00e5dstugugatan\u2013Repslagargatan\u2013Dalsgatan\u2013Nygatan\u2013Kungsgatan\u2013Vattengatan\u2013Smedjegatan\u2013Bredgatan\u2013Arbis.<\/em><br \/>\n<em> Arr: Norrk\u00f6ping Pride<\/em><\/p><\/blockquote>\n<p>L\u00c4NKAR<br \/>\nPride <a href=\"http:\/\/norrkopingpride.se\" target=\"_blank\">hemsida<\/a> <a href=\"https:\/\/www.facebook.com\/norrkopingpride\/?fref=ts\" target=\"_blank\">Facebook<\/a><br \/>\nKonstn\u00e4rer tolkar (hbtq-)livet p\u00e5 Kronan <a href=\"https:\/\/www.kultursidan.nu\/?p=25080\" target=\"_blank\">reportage<\/a> Kultursidan.nu 7\/5 2016<br \/>\nStolta f\u00f6rberedelser inf\u00f6r \u00e5rets Pride <a href=\"https:\/\/www.kultursidan.nu\/?p=25022\" target=\"_blank\">reportage<\/a> Kultursidan.nu 3\/5 2016<\/p>\n","protected":false},"excerpt":{"rendered":"<p>NORRK\u00d6PING Eufori och starka k\u00e4nslor. Uppemot 3.000 gick med i 2016 \u00e5rs Prideparad. Unga, medel\u00e5lders och barnfamiljer. I sista stund sl\u00f6t Hagagymnasiets elevk\u00e5r upp f\u00f6r att visa att skolans elever st\u00e5r f\u00f6r upp f\u00f6r Pride. M\u00e5nga stod vid sidan av f\u00f6r att se och st\u00f6tta. <a class=\"continue-reading-link\" href=\"https:\/\/www.kultursidan.nu\/?p=25089\">L\u00e4s mer <span class=\"meta-nav\">&rarr; <\/span><\/a><\/p>\n","protected":false},"author":1001006,"featured_media":0,"comment_status":"closed","ping_status":"open","sticky":false,"template":"","format":"standard","meta":{"_jetpack_memberships_contains_paid_content":false,"footnotes":""},"categories":[7],"tags":[29],"class_list":["post-25089","post","type-post","status-publish","format-standard","hentry","category-norrkoping","tag-festival"],"jetpack_featured_media_url":"","jetpack_sharing_enabled":true,"_links":{"self":[{"href":"https:\/\/www.kultursidan.nu\/index.php?rest_route=\/wp\/v2\/posts\/25089","targetHints":{"allow":["GET"]}}],"collection":[{"href":"https:\/\/www.kultursidan.nu\/index.php?rest_route=\/wp\/v2\/posts"}],"about":[{"href":"https:\/\/www.kultursidan.nu\/index.php?rest_route=\/wp\/v2\/types\/post"}],"author":[{"embeddable":true,"href":"https:\/\/www.kultursidan.nu\/index.php?rest_route=\/wp\/v2\/users\/1001006"}],"replies":[{"embeddable":true,"href":"https:\/\/www.kultursidan.nu\/index.php?rest_route=%2Fwp%2Fv2%2Fcomments&post=25089"}],"version-history":[{"count":0,"href":"https:\/\/www.kultursidan.nu\/index.php?rest_route=\/wp\/v2\/posts\/25089\/revisions"}],"wp:attachment":[{"href":"https:\/\/www.kultursidan.nu\/index.php?rest_route=%2Fwp%2Fv2%2Fmedia&parent=25089"}],"wp:term":[{"taxonomy":"category","embeddable":true,"href":"https:\/\/www.kultursidan.nu\/index.php?rest_route=%2Fwp%2Fv2%2Fcategories&post=25089"},{"taxonomy":"post_tag","embeddable":true,"href":"https:\/\/www.kultursidan.nu\/index.php?rest_route=%2Fwp%2Fv2%2Ftags&post=25089"}],"curies":[{"name":"wp","href":"https:\/\/api.w.org\/{rel}","templated":true}]}}