{"id":25216,"date":"2016-05-17T16:45:20","date_gmt":"2016-05-17T15:45:20","guid":{"rendered":"https:\/\/intelligent-friend-7861.standoutwp.com\/?p=25216"},"modified":"2016-05-17T17:02:04","modified_gmt":"2016-05-17T16:02:04","slug":"fangelseporten-oppnade-for-johnny-cash","status":"publish","type":"post","link":"https:\/\/www.kultursidan.nu\/?p=25216","title":{"rendered":"F\u00e4ngelseporten \u00f6ppnade f\u00f6r Johnny Cash"},"content":{"rendered":"<p><img loading=\"lazy\" decoding=\"async\" class=\"alignnone size-medium wp-image-25217\" src=\"https:\/\/www.kultursidan.nu\/wp-content\/uploads\/2016\/05\/Cash-6-567x378.jpg\" alt=\"Johnny Cash och Lasse Lindfors\" width=\"567\" height=\"378\" srcset=\"https:\/\/www.kultursidan.nu\/wp-content\/uploads\/2016\/05\/Cash-6-567x378.jpg 567w, https:\/\/www.kultursidan.nu\/wp-content\/uploads\/2016\/05\/Cash-6-768x512.jpg 768w, https:\/\/www.kultursidan.nu\/wp-content\/uploads\/2016\/05\/Cash-6-1024x683.jpg 1024w, https:\/\/www.kultursidan.nu\/wp-content\/uploads\/2016\/05\/Cash-6-499x333.jpg 499w, https:\/\/www.kultursidan.nu\/wp-content\/uploads\/2016\/05\/Cash-6-150x100.jpg 150w, https:\/\/www.kultursidan.nu\/wp-content\/uploads\/2016\/05\/Cash-6.jpg 1280w\" sizes=\"auto, (max-width: 567px) 100vw, 567px\" \/><br \/>\n<em>M\u00e4n i svart. Johnny Cash, i allt \u00e4ldre upplaga, st\u00e5r utanf\u00f6r varje celld\u00f6rr utom en, d\u00e4r st\u00e5r Lasse Lindfors sj\u00e4lv.<br \/>\n<\/em><\/p>\n<p>&nbsp;<\/p>\n<h1><span style=\"color: #ff0000;\">Munspelet kom inte med till \u00d6ster\u00e5ker<\/span><\/h1>\n<p>&nbsp;<\/p>\n<p><strong>Johnny Cash liv i fyra celler.<\/strong> Kaj Kindvall invigde f\u00f6rsommarens utst\u00e4llning p\u00e5 Gamla f\u00e4ngelset i l\u00f6rdags. Cashs v\u00e4n Lasse Lindfors \u00e5terkommer med konserter och f\u00f6rel\u00e4sningar genom utst\u00e4llningsperioden. Dessutom ger violinisten Johan Dalene konsert.<\/p>\n<p><strong>\u201dTiden \u00e4r m\u00e4nniskornas f\u00e4ngelse\u201d sade Olav Rasch, konstn\u00e4rlig ledare f\u00f6r Norrk\u00f6pings Teaterkompani, vid invigningen av Johnny Cashutst\u00e4llning i l\u00f6rdags.<\/strong> Jag tror det ursprungliga grekiska citatet var \u201dtiden \u00e4r m\u00e4nniskornas l\u00e4rare\u201d men det passade bra i sammanhanget.<\/p>\n<p>&nbsp;<\/p>\n<p><a title=\"Kaj Kindvall invigninstalar\" href=\"https:\/\/www.flickr.com\/photos\/kultursidan\/26799693860\/in\/dateposted-public\/\"><img loading=\"lazy\" decoding=\"async\" src=\"https:\/\/farm8.staticflickr.com\/7158\/26799693860_e0dd87deaa.jpg\" alt=\"Kaj Kindvall invigninstalar\" width=\"500\" height=\"333\" \/><\/a><br \/>\n<em>Popsn\u00f6re. Invigningstalaren Kaj Kindvall ber\u00e4ttade om sin uppt\u00e4ckt av en m\u00f6rk och lite mystisk r\u00f6st.<\/em><\/p>\n<p>&nbsp;<\/p>\n<p><strong>Invigaren Kaj Kindvall, den gamle Tracksmannen, ber\u00e4ttade om sin ungdom som popsn\u00f6re d\u00e5 han slukade engelsk och amerikansk musik fr\u00e5n 1950- och 60-talen.<\/strong> I en period spelade han mycket tidig, svart soul-musik, \u00e4ven en del country, men det mesta var \u201dslimmat\u201d. Dock lade han m\u00e4rke till en m\u00f6rk, lite mystisk r\u00f6st som sj\u00f6ng <em>Ring of Fire<\/em>, ingen f\u00f6rstod d\u00e5 vad l\u00e5ten betydde men efter det var Kaj Kindvall fast f\u00f6r Cash.<\/p>\n<p>De i r\u00e4tt mening legendariska Cashkonserterna <em>Live fr\u00e5n Folsom Prison<\/em> och <em>San Quentin Blues<\/em> blev Kindvalls n\u00e4sta \u201danhalter\u201d. Vid ett bes\u00f6k p\u00e5 San Quentin tog han ocks\u00e5 m\u00e5nga bilder, \u00e4ven om han (f\u00f6rst\u00e5s) inte fick.<\/p>\n<p><strong>1970 gav \u201dThe Man in Black\u201d sin ber\u00f6mda konsert p\u00e5 svenska \u00d6ster\u00e5ker-anstalten.<\/strong> Ett instrument saknades p\u00e5 konserten, en detalj Cash inte alltid anv\u00e4nde, munspelet. Det hade han gett bort till ett d\u00e5 16-\u00e5rigt fan, n\u00e4mligen Lasse Lindfors. Johnny och Lasse kom att bli v\u00e4nner och f\u00f6ljdes delvis \u00e5t under resten av Cash\u2019 liv.<\/p>\n<p>&nbsp;<\/p>\n<p><a title=\"Johnny Cash \u2013 He was a friend of mine\" href=\"https:\/\/www.flickr.com\/photos\/kultursidan\/27005099771\/in\/album-72157668430991936\/\"><img loading=\"lazy\" decoding=\"async\" src=\"https:\/\/farm8.staticflickr.com\/7735\/27005099771_b9f6054e02.jpg\" alt=\"Johnny Cash \u2013 He was a friend of mine\" width=\"500\" height=\"333\" \/><\/a><br \/>\n<em>Cellsam utst\u00e4llning. Var och en av de fyra f\u00e4ngelsecellerna ber\u00e4ttar om en period av Johnny Cash liv.<\/em><\/p>\n<p>&nbsp;<\/p>\n<p><strong>Lasse \u201dCash\u201d Lindfors har i samarbete med scenografen Andrew Jones fr\u00e5n Norrk\u00f6pings Teaterkompani skapat en utst\u00e4llning i fyra rum om countrylegenden.<\/strong> \u201dFr\u00e5n f\u00f6delse till skilsm\u00e4ssa\u201d, \u201dFr\u00e5n June Carter till Highwaymen 1967 till 1990\u201d, \u201dLasse Lindfors och hans relation till Johnny Cash 1969 till nu\u201d och slutligen \u201dFr\u00e5n Det Nya Testamentet 1990 till d\u00f6den till 2003\u201d.<\/p>\n<p>Lasse Lindfors har samlat en betydande m\u00e4ngd \u201dmemorabilia\u201d och liknar sj\u00e4lv en ganska sen upplaga av den st\u00e4ndigt svartkl\u00e4dde mannen. Lasse kommer att genomf\u00f6ra b\u00e5de konserter och f\u00f6redrag under utst\u00e4llningsperioden.<\/p>\n<p><strong>En klassisk violinkonsert, Johan Dalene, ska ocks\u00e5 uppf\u00f6ras p\u00e5 den reformerade straffanstalten nu p\u00e5 s\u00f6ndag 22 maj.<\/strong> Passande nog repeterar Norrk\u00f6pings Teaterkompani <em>Brott och Straff<\/em> av Dostojevskij med premi\u00e4r efter sommaren.<\/p>\n<p>\u00a9 <em>Text: Lars Henriksson<br \/>\n<\/em>\u00a9 <em>Foto: <\/em><em>Josefina Dernsj\u00f6<\/em><\/p>\n<p>BILDSPEL (FLASH) \u2013 KLICKA P\u00c5 BILDEN <em><br \/>\nALT\/MOBIL: SE BILDSPELET <a title=\"Bildspel\" href=\"https:\/\/www.flickr.com\/photos\/kultursidan\/sets\/72157668430991936\/show\/\" target=\"_blank\">H\u00c4R<\/a><\/em><br \/>\n<object width=\"400\" height=\"300\"><param name=\"flashvars\" value=\"offsite=true&amp;lang=en-us&amp;page_show_url=%2Fphotos%2Fkultursidan%2Fsets%2F72157668430991936%2Fshow%2F&amp;page_show_back_url=%2Fphotos%2Fkultursidan%2Fsets%2F72157668430991936%2F&amp;set_id=72157668430991936&amp;jump_to=\" \/><param name=\"movie\" value=\"https:\/\/www.flickr.com\/apps\/slideshow\/show.swf?v=1811922554\" \/><param name=\"allowFullScreen\" value=\"true\" \/><\/object><\/p>\n<blockquote>\n<h3><em>GAMLA F\u00c4NGELSET Norrk\u00f6ping<\/em><\/h3>\n<p>14 maj \u2013 6 juni 2016\u2028<em><br \/>\n<strong>Johnny Cash \u2013 He Was A Friend Of Mine<br \/>\n<\/strong>Utst\u00e4llning<br \/>\nProd: Norrk\u00f6pings Teaterkompani i samarbete med Riksbyggen \u00d6st<\/em><\/p>\n<p style=\"padding-left: 30px;\"><em>PROGRAM<\/em><\/p>\n<p style=\"padding-left: 30px;\">14 maj kl 14<em><br \/>\n<strong>Vernissage<br \/>\n<\/strong>Kaj Kindvall inviger <\/em><\/p>\n<p style=\"padding-left: 30px;\">14 maj, 19 maj, 4 juni <em><strong><br \/>\nJohnny Cash-konserter<\/strong><br \/>\nLasse Lindfors, Goce Lamevski &amp; Paulina Ander\u00f6<\/em><\/p>\n<p style=\"padding-left: 30px;\">15 maj, 29 maj <em><strong><br \/>\nF\u00f6rel\u00e4sningar med Lasse Lindfors<\/strong> <\/em><\/p>\n<p style=\"padding-left: 30px;\">22 maj <em><strong><br \/>\nViolinkonsert med Johan Dalene<\/strong><br \/>\nMusik av Paganini, Bach, Caesar Franck<\/em><\/p>\n<\/blockquote>\n<p>L\u00c4NKAR<br \/>\nJohnny Cash <a href=\"https:\/\/sv.wikipedia.org\/wiki\/Johnny_Cash\" target=\"_blank\">Wikipedia<\/a><br \/>\nNorrk\u00f6pings teaterkompani <a href=\"http:\/\/www.norrkopingsteaterkompani.com\/\" target=\"_blank\">hemsida<\/a> <a href=\"https:\/\/www.facebook.com\/Norrk%C3%B6pings-Teaterkompani-203463023025467\/?fref=ts\" target=\"_blank\">Facebook<\/a> <a href=\"https:\/\/www.facebook.com\/events\/785038098264162\/\" target=\"_blank\">FB-evenemang<br \/>\n<\/a> Lasse och Johnny Cash innanf\u00f6r murarna <a href=\"https:\/\/www.kultursidan.nu\/?p=25124\" target=\"_blank\">reportage<\/a> Kultursidan.nu 9\/5 2016<br \/>\nJohan Dalene uppslukas av musiken <a href=\"https:\/\/www.kultursidan.nu\/?p=24539\" target=\"_blank\">reportage<\/a> Kultursidan.nu 25\/3 2016<br \/>\nLars \u201dCash\u201d Lindfors \u00f6ppnade med Little Gerhard p\u00e5 Antikvariatet <a href=\"https:\/\/www.kultursidan.nu\/?p=4765\" target=\"_blank\">reportage<\/a> Kultursidan.nu 3\/2 2012<\/p>\n","protected":false},"excerpt":{"rendered":"<p>NORRK\u00d6PING Johnny Cashs liv i fyra celler. Kaj Kindvall invigde f\u00f6rsommarens utst\u00e4llning p\u00e5 Gamla f\u00e4ngelset. Cashs v\u00e4n Lasse Lindfors \u00e5terkommer med konserter och f\u00f6rel\u00e4sningar. Dessutom ger violinisten Johan Dalene konsert. <a class=\"continue-reading-link\" href=\"https:\/\/www.kultursidan.nu\/?p=25216\">L\u00e4s mer <span class=\"meta-nav\">&rarr; <\/span><\/a><\/p>\n","protected":false},"author":1001006,"featured_media":0,"comment_status":"closed","ping_status":"open","sticky":false,"template":"","format":"standard","meta":{"_jetpack_memberships_contains_paid_content":false,"footnotes":""},"categories":[7],"tags":[47],"class_list":["post-25216","post","type-post","status-publish","format-standard","hentry","category-norrkoping","tag-utstallning"],"jetpack_featured_media_url":"","jetpack_sharing_enabled":true,"_links":{"self":[{"href":"https:\/\/www.kultursidan.nu\/index.php?rest_route=\/wp\/v2\/posts\/25216","targetHints":{"allow":["GET"]}}],"collection":[{"href":"https:\/\/www.kultursidan.nu\/index.php?rest_route=\/wp\/v2\/posts"}],"about":[{"href":"https:\/\/www.kultursidan.nu\/index.php?rest_route=\/wp\/v2\/types\/post"}],"author":[{"embeddable":true,"href":"https:\/\/www.kultursidan.nu\/index.php?rest_route=\/wp\/v2\/users\/1001006"}],"replies":[{"embeddable":true,"href":"https:\/\/www.kultursidan.nu\/index.php?rest_route=%2Fwp%2Fv2%2Fcomments&post=25216"}],"version-history":[{"count":0,"href":"https:\/\/www.kultursidan.nu\/index.php?rest_route=\/wp\/v2\/posts\/25216\/revisions"}],"wp:attachment":[{"href":"https:\/\/www.kultursidan.nu\/index.php?rest_route=%2Fwp%2Fv2%2Fmedia&parent=25216"}],"wp:term":[{"taxonomy":"category","embeddable":true,"href":"https:\/\/www.kultursidan.nu\/index.php?rest_route=%2Fwp%2Fv2%2Fcategories&post=25216"},{"taxonomy":"post_tag","embeddable":true,"href":"https:\/\/www.kultursidan.nu\/index.php?rest_route=%2Fwp%2Fv2%2Ftags&post=25216"}],"curies":[{"name":"wp","href":"https:\/\/api.w.org\/{rel}","templated":true}]}}