{"id":25359,"date":"2016-05-25T11:08:25","date_gmt":"2016-05-25T10:08:25","guid":{"rendered":"https:\/\/intelligent-friend-7861.standoutwp.com\/?p=25359"},"modified":"2016-05-25T16:42:20","modified_gmt":"2016-05-25T15:42:20","slug":"fmgs-nya-skolmusikal-blir-s-m-a-r-t","status":"publish","type":"post","link":"https:\/\/www.kultursidan.nu\/?p=25359","title":{"rendered":"FMG:s nya skolmusikal blir S-M-A-R-T"},"content":{"rendered":"<p><img loading=\"lazy\" decoding=\"async\" class=\"alignnone size-medium wp-image-25366\" src=\"https:\/\/www.kultursidan.nu\/wp-content\/uploads\/2016\/05\/Actor-567x377.jpg\" alt=\"Actor\" width=\"567\" height=\"377\" srcset=\"https:\/\/www.kultursidan.nu\/wp-content\/uploads\/2016\/05\/Actor-567x377.jpg 567w, https:\/\/www.kultursidan.nu\/wp-content\/uploads\/2016\/05\/Actor-768x510.jpg 768w, https:\/\/www.kultursidan.nu\/wp-content\/uploads\/2016\/05\/Actor-1024x680.jpg 1024w, https:\/\/www.kultursidan.nu\/wp-content\/uploads\/2016\/05\/Actor-501x333.jpg 501w, https:\/\/www.kultursidan.nu\/wp-content\/uploads\/2016\/05\/Actor-150x100.jpg 150w, https:\/\/www.kultursidan.nu\/wp-content\/uploads\/2016\/05\/Actor.jpg 1280w\" sizes=\"auto, (max-width: 567px) 100vw, 567px\" \/><br \/>\n<em>Laddat. Film- och musikgymnasiets tv\u00e5or repeterar nyskrivna musikalen S-M-A-R-T som har premi\u00e4r p\u00e5 Lilla teatern p\u00e5 fredag.<br \/>\n<\/em><\/p>\n<p>&nbsp;<\/p>\n<h1><span style=\"color: #ff0000;\">\u201dArtificiell intelligens ligger i tiden\u201d<\/span><\/h1>\n<p>&nbsp;<\/p>\n<p><strong>Stordatorn heter AILA.<\/strong> Skolan ska \u00e4n en g\u00e5ng reformeras, den h\u00e4r g\u00e5ngen ska ny teknik g\u00f6ra underverk med eleverna. Om nu alla \u00e4r med p\u00e5 noterna\u2026 Film- och musikgymnasiets elever repeterar nyskrivna musikalen <em>S-M-A-R-T<\/em> p\u00e5 nya Lilla teatern.<\/p>\n<p><em>S-M-A-R-T<\/em> \u00e4r l\u00e4rarna Nettan Lekstr\u00f6ms och Lasse Peterssons femte musikalsamarbete. Malin Andersson \u00e4r en av eleverna p\u00e5 Scen och artists \u00e5rskurs tv\u00e5 som st\u00e5r p\u00e5 scenen.<\/p>\n<p><strong>Lilla teatern har f\u00e5tt ett nytt hem.<\/strong> Nykterhetsr\u00f6relsen har flyttat in p\u00e5 Matteusg\u00e5rden p\u00e5 Norra Promenaden. Entr\u00e9hallen \u00e4r stor som ett torg och p\u00e5 den gula tegelv\u00e4ggen h\u00e4nger den slitna neonskylten.<\/p>\n<p>V\u00e4ggarna inne i h\u00f6rsalen pr\u00e4glas av r\u00f6tt tegel. Vanliga enkla stolar st\u00e5r i m\u00e5nga rader, f\u00f6rutom tv\u00e5 rader med breda f\u00e5t\u00f6ljer som v\u00e4l fr\u00e4mst \u00e4r t\u00e4nkta f\u00f6r operakonn\u00e4ss\u00f6rerna som redan b\u00f6rjat hitta tillbaka efter flytten.<\/p>\n<p>&nbsp;<\/p>\n<p><a title=\"Lasse Petersson\" href=\"https:\/\/www.flickr.com\/photos\/kultursidan\/26628898514\/in\/album-72157666341355693\/\"><img loading=\"lazy\" decoding=\"async\" src=\"https:\/\/c3.staticflickr.com\/8\/7346\/26628898514_1a469e2d77.jpg\" alt=\"Lasse Petersson\" width=\"332\" height=\"500\" \/><\/a><br \/>\n<em>Komposit\u00f6r. Musikl\u00e4raren Lasse Petersson har skrivit sin femte musikal f\u00f6r Scen &amp; artists tv\u00e5or.<\/em><\/p>\n<p>&nbsp;<\/p>\n<p><strong>Men nu ska det handla om <em>S-M-A-R-T<\/em>, den nya musikalen som skrivits speciellt f\u00f6r \u00e5rets tv\u00e5or p\u00e5 Film- och musikgymnasiet.<\/strong> Ensemblen har inte mycket mer \u00e4n hunnit bekanta sig med scenen (hmm, h\u00f6gre takh\u00f6jd \u00e4n p\u00e5 gamla Lillan).<\/p>\n<p>Fram till nu har de repeterat p\u00e5 skolan en dag varje vecka sedan v\u00e5rterminens start. Under en intensiv vecka sys scenerna ihop och finputsas. Allt ska sitta till premi\u00e4ren p\u00e5 fredag och helgens f\u00f6rest\u00e4llningar.<\/p>\n<p><strong>\u2013 Artificiell intelligens ligger i tiden, s\u00e4ger musikl\u00e4raren Lasse Petersson.<\/strong> Den nya Millennieboken av David Lagercrantz handlar precis om det h\u00e4r.<\/p>\n<p>Det \u00e4r han som st\u00e5r f\u00f6r musiken till hans och teaterl\u00e4raren Nettan Lekstr\u00f6ms femte musikal <em>S-M-A-R-T<\/em>. De har l\u00e4rt sig hur de ska g\u00e5 tillv\u00e4ga. Fr\u00e5n att k\u00e4nna av med eleverna vad de tycker \u00e4r viktigt, sedan skriva synopsis och till sist l\u00e5ta texter och ljudfiler vandra \u00f6ver e-posten.<\/p>\n<p>&nbsp;<\/p>\n<p><a title=\"Malin Andersson\" href=\"https:\/\/www.flickr.com\/photos\/kultursidan\/26628898414\/in\/album-72157666341355693\/\"><img loading=\"lazy\" decoding=\"async\" src=\"https:\/\/c7.staticflickr.com\/8\/7718\/26628898414_ce3b4e6b9f.jpg\" alt=\"Malin Andersson\" width=\"500\" height=\"333\" \/><\/a><br \/>\n<em>Reflektion. Malin Andersson spelar Lumeria som \u00e4r en fundersam typ.<\/em><\/p>\n<p>&nbsp;<\/p>\n<p><strong>\u2013 Ja, vad h\u00e4nder med all media?<\/strong> T\u00e4nk om datorerna och tekniken tar \u00f6ver, funderar eleven Malin Andersson som l\u00e4mnar scenen en stund medan Nettan Lekstr\u00f6m jobbar vidare med \u00f6vriga i ensemblen.<\/p>\n<p>Hennes rollfigur heter Lumeria, en filosoferande person som funderar \u00f6ver hur m\u00e4nniskor \u00e4r. Lumeria h\u00f6r till de fyra elever som protesterar mot den nya experimentskolan d\u00e4r datorn tar makten.<\/p>\n<p>\u2013 Nettan har sett ut roller som hon tycker passar oss, s\u00e4ger Malin.<\/p>\n<p><strong>Malin Andersson tycker b\u00e5de om framtidsmusikalens handling<\/strong> och att den ger en hel del frihet till artisterna p\u00e5 scenen.<\/p>\n<p>\u2013 Vi ska vara vitkl\u00e4dda, sedan f\u00e5r vi ha p\u00e5 oss precis vad vi vill. Vi vet inte hur det ser ut om 50 \u00e5r utan f\u00e5r fantisera. Killar kanske har kjol och l\u00e4ppstift f\u00f6r det \u00e4r s\u00e5dant som det redan finns lite av i dag, resonerar hon.<\/p>\n<p>&nbsp;<\/p>\n<p><a title=\"Repetition\" href=\"https:\/\/www.flickr.com\/photos\/kultursidan\/27166650781\/in\/album-72157666341355693\/\"><img loading=\"lazy\" decoding=\"async\" src=\"https:\/\/c6.staticflickr.com\/8\/7618\/27166650781_9aed01650c.jpg\" alt=\"Repetition\" width=\"500\" height=\"332\" \/><\/a><br \/>\n<em>Ensemble. Artisterna st\u00e5r p\u00e5 scenen n\u00e4stan hela tiden under f\u00f6rest\u00e4llningens g\u00e5ng.<\/em><\/p>\n<p>&nbsp;<\/p>\n<p><strong><em>S-M-A-R-T <\/em>\u00e4r huvudsakligen en kollektivf\u00f6rest\u00e4llning.<\/strong> Merparten av de utvalda eleverna \u00e4r f\u00f6r det nya skolprojektet Aitopia, men fyra \u00e4r emot att l\u00e5ta minsta tanke styras av stordatorn AILA<\/p>\n<p>Det kollektiva pr\u00e4glar musiken som Lasse Petersson menar har \u201dmusikalstuk\u201d. Det \u00e4r fr\u00e4mst l\u00e5tar f\u00f6r hela ensemblen i st\u00e4llet f\u00f6r solol\u00e5tar och duetter. I geng\u00e4ld l\u00e5ter han delar av l\u00e5tar vandra mellan olika akt\u00f6rsgrupper.<\/p>\n<p>\u2013 D\u00e4r \u00e4r en tango och en marsch. Annars f\u00f6rs\u00f6ker jag skriva bra musikall\u00e5tar, lite retro. Det \u00e4r kul och kidsen verkar ju k\u00f6pa det. Men en \u00e4r lite nyare i stilen, \u00e5t Aviciih\u00e5llet, avsl\u00f6jar Lasse.<\/p>\n<p><strong>N\u00e4sta l\u00e4s\u00e5r sker en del f\u00f6r\u00e4ndringar p\u00e5 Film- och musikgymnasiet. <\/strong>Det gemensamma f\u00f6rsta\u00e5ret f\u00f6r film- respektive musikelever f\u00f6rsvinner och eleverna v\u00e4ljer Musik respektive Film &amp; visuell design direkt. Tv\u00e5 nya profiler startar i h\u00f6st: Skrivande och Ljud- &amp; musikproduktion. Scen &amp; artist forts\u00e4tter som tidigare.<\/p>\n<p>\u00a9 <em>Text: Ann-Charlotte Sandelin<br \/>\n<\/em>\u00a9 <em>Foto: Sven \u00c5ke Molund och <\/em><em>Ann-Charlotte Sandelin<\/em><\/p>\n<p>BILDSPEL (FLASH) \u2013 KLICKA P\u00c5 BILDEN <em><br \/>\nALT\/MOBIL: SE BILDSPELET <a title=\"Bildspel\" href=\"https:\/\/www.flickr.com\/photos\/kultursidan\/sets\/72157666341355693\/show\/\" target=\"_blank\">H\u00c4R<\/a><\/em><br \/>\n<object width=\"400\" height=\"300\"><\/object><\/p>\n<blockquote>\n<h3><em>LILLA TEATERN, MATTEUSG\u00c5RDEN Norrk\u00f6ping<\/em><\/h3>\n<p>27 \u2013 29 maj 2016<em><br \/>\n<strong>S-M-A-R-T<\/strong><\/em><br \/>\n<em> Musikal<\/em><br \/>\n<em> Manus och regi: Nettan Lekstr\u00f6m<\/em><br \/>\n<em>Musik: Lasse Petersson<\/em><br \/>\n<em>Ensemble: Scen &amp;\u00a0Artisteleverna \u00e5k 2<\/em><\/p><\/blockquote>\n<p>L\u00c4NKAR<br \/>\nFilm- och musikgymnasiet <a href=\"http:\/\/www.filmomusikgymnasiet.se\" target=\"_blank\">hemsida<\/a> <a href=\"http:\/\/www.filmomusikgymnasiet.se\/musikalen-s-m-a-r-t\/\" target=\"_blank\">S-M-A-R-T<\/a><\/p>\n","protected":false},"excerpt":{"rendered":"<p>NORRK\u00d6PING Stordatorn heter AILA. Skolan ska \u00e4n en g\u00e5ng reformeras, den h\u00e4r g\u00e5ngen ska ny teknik g\u00f6ra underverk med eleverna. Om nu alla \u00e4r med p\u00e5 noterna\u2026 Film- och musikgymnasiets elever repeterar nyskrivna musikalen S-M-A-R-T p\u00e5 nya Lilla teatern. <a class=\"continue-reading-link\" href=\"https:\/\/www.kultursidan.nu\/?p=25359\">L\u00e4s mer <span class=\"meta-nav\">&rarr; <\/span><\/a><\/p>\n","protected":false},"author":1001006,"featured_media":0,"comment_status":"closed","ping_status":"open","sticky":false,"template":"","format":"standard","meta":{"_jetpack_memberships_contains_paid_content":false,"footnotes":""},"categories":[7],"tags":[31,12],"class_list":["post-25359","post","type-post","status-publish","format-standard","hentry","category-norrkoping","tag-musikal","tag-teater"],"jetpack_featured_media_url":"","jetpack_sharing_enabled":true,"_links":{"self":[{"href":"https:\/\/www.kultursidan.nu\/index.php?rest_route=\/wp\/v2\/posts\/25359","targetHints":{"allow":["GET"]}}],"collection":[{"href":"https:\/\/www.kultursidan.nu\/index.php?rest_route=\/wp\/v2\/posts"}],"about":[{"href":"https:\/\/www.kultursidan.nu\/index.php?rest_route=\/wp\/v2\/types\/post"}],"author":[{"embeddable":true,"href":"https:\/\/www.kultursidan.nu\/index.php?rest_route=\/wp\/v2\/users\/1001006"}],"replies":[{"embeddable":true,"href":"https:\/\/www.kultursidan.nu\/index.php?rest_route=%2Fwp%2Fv2%2Fcomments&post=25359"}],"version-history":[{"count":0,"href":"https:\/\/www.kultursidan.nu\/index.php?rest_route=\/wp\/v2\/posts\/25359\/revisions"}],"wp:attachment":[{"href":"https:\/\/www.kultursidan.nu\/index.php?rest_route=%2Fwp%2Fv2%2Fmedia&parent=25359"}],"wp:term":[{"taxonomy":"category","embeddable":true,"href":"https:\/\/www.kultursidan.nu\/index.php?rest_route=%2Fwp%2Fv2%2Fcategories&post=25359"},{"taxonomy":"post_tag","embeddable":true,"href":"https:\/\/www.kultursidan.nu\/index.php?rest_route=%2Fwp%2Fv2%2Ftags&post=25359"}],"curies":[{"name":"wp","href":"https:\/\/api.w.org\/{rel}","templated":true}]}}