{"id":25363,"date":"2016-05-25T17:24:47","date_gmt":"2016-05-25T16:24:47","guid":{"rendered":"https:\/\/intelligent-friend-7861.standoutwp.com\/?p=25363"},"modified":"2016-05-25T17:39:19","modified_gmt":"2016-05-25T16:39:19","slug":"intim-fangelsekonsert-med-johan-dalene-recension","status":"publish","type":"post","link":"https:\/\/www.kultursidan.nu\/?p=25363","title":{"rendered":"Intim f\u00e4ngelsekonsert med Johan Dalene (recension)"},"content":{"rendered":"<p><img loading=\"lazy\" decoding=\"async\" class=\"alignnone size-medium wp-image-25370\" src=\"https:\/\/www.kultursidan.nu\/wp-content\/uploads\/2016\/05\/DSCF5115-567x378.jpg\" alt=\"Johan Dalene\" width=\"567\" height=\"378\" srcset=\"https:\/\/www.kultursidan.nu\/wp-content\/uploads\/2016\/05\/DSCF5115-567x378.jpg 567w, https:\/\/www.kultursidan.nu\/wp-content\/uploads\/2016\/05\/DSCF5115-768x512.jpg 768w, https:\/\/www.kultursidan.nu\/wp-content\/uploads\/2016\/05\/DSCF5115-1024x682.jpg 1024w, https:\/\/www.kultursidan.nu\/wp-content\/uploads\/2016\/05\/DSCF5115-500x333.jpg 500w, https:\/\/www.kultursidan.nu\/wp-content\/uploads\/2016\/05\/DSCF5115-150x100.jpg 150w, https:\/\/www.kultursidan.nu\/wp-content\/uploads\/2016\/05\/DSCF5115.jpg 1280w\" sizes=\"auto, (max-width: 567px) 100vw, 567px\" \/><em><br \/>\nInne i musiken. \u00c4ven n\u00e4r \u00f6gonen \u00e4r \u00f6ppna \u00e4r publiken det sista Johan Dalene t\u00e4nker p\u00e5. All koncentration g\u00e5r in\u00e5t, f\u00f6r att hitta k\u00e4nslorna som ska ut genom instrumentet.<br \/>\n<\/em><\/p>\n<p>&nbsp;<\/p>\n<h1><span style=\"color: #ff0000;\">\u201dPassa p\u00e5 att lyssna p\u00e5 honom nu\u201d<\/span><\/h1>\n<p>&nbsp;<\/p>\n<p><strong>Jag tror det \u00e4r sista g\u00e5ngen vi kommer honom s\u00e5 n\u00e4ra. <\/strong>S\u00f6ndagens konsert i Anstaltskyrkan i gamla f\u00e4ngelset i Norrk\u00f6ping var en exklusiv tillst\u00e4llning. Johan Dalenes violinspel \u00e4r b\u00e5de sensitivt och stabilt, han g\u00e5r djupt in i musiken.<\/p>\n<p>Johan Dalene gav konsert med musik av Grieg, Paganini, Caesar Franck, Bach och Ravel, med och utan pianoackompanjemang av sin mor Inger Dalene.<\/p>\n<p>&nbsp;<\/p>\n<p><a title=\"Stig Jacobsson\" href=\"https:\/\/www.flickr.com\/photos\/kultursidan\/26634732804\/in\/album-72157668778732056\/\"><img loading=\"lazy\" decoding=\"async\" src=\"https:\/\/c5.staticflickr.com\/8\/7758\/26634732804_3b15cc161c.jpg\" alt=\"Stig Jacobsson\" width=\"500\" height=\"333\" \/><\/a><br \/>\n<em>Kunnig. Stig Jacobsson presenterar musikaliska fakta som vi inte kan hitta p\u00e5 n\u00e4tet. Rolig och personlig \u00e4r han ocks\u00e5.<\/em><\/p>\n<p>&nbsp;<\/p>\n<p><strong>\u2013 Passa p\u00e5 att lyssna p\u00e5 honom s\u00e5 mycket det g\u00e5r.<\/strong> F\u00f6r nu g\u00e5r han ut nian och sen vet vi inte vart han tar v\u00e4gen i v\u00e4rlden, uppmanade Stig Jacobsson som f\u00f6rst\u00e5s inledde presentationen med att snabbt dra h\u00f6jdpunkterna i Johan Dalenes CV och puffa f\u00f6r 15-\u00e5ringens kommande solistdebut med Norrk\u00f6pings symfoniorkester i september.<\/p>\n<p>Det har han ju r\u00e4tt i, Johan Dalenes solistkarri\u00e4r tar sin b\u00f6rjan med Tjajkovskijkonserten med SON. \u00c4ven om han l\u00e4r forts\u00e4tta sina studier under m\u00e5nga \u00e5r fram\u00f6ver s\u00e5 kommer han att ge konserter, med sm\u00e5 och stora orkestrar. Helt s\u00e4kert kommer han ocks\u00e5 att forts\u00e4tta med kammarmusik, som han gillar. Och n\u00e5gon g\u00e5ng d\u00e5 och d\u00e5, men alltmer s\u00e4llan, g\u00e4stspela \u00e4ven i hemstaden Norrk\u00f6ping.<\/p>\n<p><strong>Men kommer vi att komma honom s\u00e5 n\u00e4ra igen?<\/strong> Johan stod mitt p\u00e5 den den upph\u00f6jda scenen mellan fr\u00e4msta kyrkb\u00e4nken och anstaltskyrkans speciella kompaktversion av predikstol och altare. Kammarpianot med stol f\u00f6r mamma Inger Dalene rymdes precis bredvid.<\/p>\n<p>Nej, jag talar inte om antalet meter. Jag t\u00e4nker p\u00e5 den \u00f6ppna och lugna killen som v\u00e5gar sluta \u00f6gonen inf\u00f6r publiken, han l\u00e5ter oss se n\u00e4r musiken h\u00e4nder inom honom. Han g\u00e5r \u00f6gonblickligen in i sitt spel, det \u00e4r sensitivt, men ocks\u00e5 stabilt. Jag tror han g\u00e5r in i sin egen v\u00e4rld och l\u00e5ter oss stanna utanf\u00f6r, titta, lyssna.<\/p>\n<p>&nbsp;<\/p>\n<p><a title=\"Olov Rasch\" href=\"https:\/\/www.flickr.com\/photos\/kultursidan\/27172510271\/in\/album-72157668778732056\/\"><img loading=\"lazy\" decoding=\"async\" src=\"https:\/\/c8.staticflickr.com\/8\/7318\/27172510271_b774ab2e8d.jpg\" alt=\"Olov Rasch\" width=\"500\" height=\"333\" \/><\/a><br \/>\n<em>Kvalitet. Olov Rasch l\u00e5ter inte n\u00e5gra genregr\u00e4nser hindra Norrk\u00f6pings Teaterkompanis engagemang. \u00d6ppen port-projekten, tv\u00e5 \u00e5r i rad, skapar helheter.<\/em><\/p>\n<p>&nbsp;<\/p>\n<p><strong>Norrk\u00f6pings Teaterkompanis konstn\u00e4rlige ledare Olov Rasch l\u00e5ter inte \u00f6gonblicket g\u00e5 sig ur h\u00e4nderna.<\/strong> H\u00e4r g\u00f6rs omtag p\u00e5 f\u00f6rra \u00e5rets f\u00e4ngelseprojekt \u00d6ppen port, nu med fokus p\u00e5 countryartisten Johnny Cash. Skickligt lyfter han in Johan Dalene i helheten.<\/p>\n<p>\u2013 Vi \u00e4r inst\u00e4ngda tillsammans, sade Olov Rasch och p\u00e5minde om att f\u00f6rra \u00e5rets ledord var Unga dr\u00f6mmar. D\u00e5 spelade vi Tjechovs <em>Tre systrar<\/em>, de som saknade f\u00f6rm\u00e5ga att realisera sina unga dr\u00f6mmar. Ikv\u00e4ll l\u00e5ter vi musiken, k\u00e4nslornas konstart, rena och lyfta v\u00e5ra tankar och dr\u00f6mmar.<\/p>\n<p><strong>Stig Jacobsson introducerar konserten, stycke f\u00f6r stycke.<\/strong> Johan Dalene ska spela f\u00f6rsta satsen ur Griegs <em>Sonate F-dur<\/em>. Grieg var mycket ung n\u00e4r han skrev stycket f\u00f6r Ole Bull, den norske virtuosen.<\/p>\n<p>Introts festst\u00e4mning \u00f6verg\u00e5r i nationalromantiska tong\u00e5ngar. Violinen interfolierar med pianot. Det h\u00f6rs att f\u00f6rv\u00e4ntningarna p\u00e5 Bull var h\u00f6ga, nyansrikedomen f\u00e5r det n\u00e4stan att l\u00e5ta som ett samtal f\u00f6r tv\u00e5 fioler och ett piano.<\/p>\n<p><strong>Allt som sagts om Anstaltskyrkans akustik st\u00e4mmer.<\/strong> D\u00e4r finns en rymd, men varken eko eller torrhet. Bara det sitter \u00e5h\u00f6rare i kyrkb\u00e4nkarna, och det g\u00f6r det denna kv\u00e4ll, utom allra l\u00e4ngst l\u00e4ngst fram, s\u00e5 l\u00e5ter det perfekt. M\u00f6jligen ska konserterna inte vara f\u00f6r l\u00e5nga, kyrkb\u00e4nkarna \u00e4r inte anpassade f\u00f6r det.<\/p>\n<p>&nbsp;<\/p>\n<p><a title=\"Johan Dalene\" href=\"https:\/\/www.flickr.com\/photos\/kultursidan\/26966370770\/in\/album-72157668778732056\/\"><img loading=\"lazy\" decoding=\"async\" src=\"https:\/\/c3.staticflickr.com\/8\/7453\/26966370770_380cdf6b6b.jpg\" alt=\"Johan Dalene\" width=\"500\" height=\"336\" \/><\/a><br \/>\n<em> Begr\u00e4nsat utrymme. Scenen \u00e4r den smala g\u00e5ngen mellan kyrkb\u00e4nkar och altare.<\/em><\/p>\n<p>&nbsp;<\/p>\n<p><strong>Det finns en torr bakgrund till Paganinis rykte om underjordiska f\u00f6rbindelser.<\/strong> 1800-talets store violinist och komposit\u00f6r drog sig tillbaka och \u00f6vade p\u00e5 sina sv\u00e5ra stycken i flera m\u00e5nader.<\/p>\n<p>\u2013 Det dr\u00f6jde \u00e5r innan andra violinister v\u00e5gade sig p\u00e5 de h\u00e4r teknikerna. Men han t\u00f6rs, s\u00e4ger Stig Jacobsson och pekar med tummen \u00e5t Johans h\u00e5ll.<\/p>\n<p>Nu \u00e4r det inte akrobatiska \u00f6vningar som kr\u00e4vs i solostycket <em>Caprice nr 4<\/em>. Efter en dr\u00f6jande inledning g\u00e5r stycket \u00f6ver i dansanta tag, ofta p\u00e5 dubbla str\u00e4ngar som att han ackompanjerar sig sj\u00e4lv. Det g\u00e5r inte s\u00e5 fort som jag t\u00e4nkt mig ett stycke av Paganini, Johan Dalene l\u00e4gger mer av k\u00e4nsla i de kraftfulla str\u00e5kdragen.<\/p>\n<p><strong>Hela familjen Dalene kr\u00e4vs f\u00f6r Caesar Francks <em>Violinsonat i A-dur.<\/em> <\/strong>Pappa Torstein v\u00e4nder blad. Mamma Inger l\u00e4gger klanger p\u00e5 pianot och Johan flyger med violinen ovanf\u00f6r.<\/p>\n<p>S\u00e5 h\u00e4r vackert ska inte en 15-\u00e5ring kunna spela! Johan Dalenes spel ger uttryck f\u00f6r starka k\u00e4nslor men stabiliteten s\u00e4tter stopp f\u00f6r varje uns av insmickrande sentimentalitet. Tekniken finns d\u00e4r f\u00f6r att uttrycka de k\u00e4nslor som ryms i musiken, vi ser dem speglas i hans ansikte. Ofta blundar Johan, g\u00e5r in\u00e5t, gl\u00f6mmer oss som stannar i den yttre musiken.<\/p>\n<p>Det gl\u00e4nser i \u00f6gat. L\u00e5t oss s\u00e4ga att det \u00e4r speglingen av den r\u00f6da flodlampa som lyser upp violinisten, som om solnedg\u00e5ngen dr\u00f6jer kvar.<\/p>\n<p>Det svalnar med Allemanden ur Bachs <em>Partita<\/em>, f\u00f6ljd av lekfull Giga. Undan g\u00e5r det ocks\u00e5.<\/p>\n<p>&nbsp;<\/p>\n<p><a title=\"Johan Dalene\" href=\"https:\/\/www.flickr.com\/photos\/kultursidan\/27172510151\/in\/album-72157668778732056\/\"><img loading=\"lazy\" decoding=\"async\" src=\"https:\/\/c8.staticflickr.com\/8\/7442\/27172510151_77ef73eb61.jpg\" alt=\"Johan Dalene\" width=\"372\" height=\"500\" \/><\/a><br \/>\n<em> Pizzicato. Kraftfulla kn\u00e4ppningar med b\u00e5da h\u00e4nderna i Ravels Tzigane.<\/em><\/p>\n<p>&nbsp;<\/p>\n<p><strong>Ravels <em>Tzigane<\/em> har allt!<\/strong> Komposit\u00f6ren var inspirerad av romska tong\u00e5ngar men ocks\u00e5 av Paganini. Johan skruvar n\u00e5gra extra tag p\u00e5 str\u00e5kens tagel, f\u00f6r att \u00f6ka ljudstyrkan.<\/p>\n<p>Dj\u00e4rva str\u00e5ktag, gl\u00f6dande attacker f\u00f6ljda av dr\u00f6jande vemod. Pianot tillrar in, porlar. Johan plockar p\u00e5 str\u00e4ngarna. Med b\u00e5da h\u00e4nderna!<\/p>\n<p>Intensiteten g\u00e5r tidvis i n\u00e4rheten av beh\u00e4rskat rus och n\u00e4r str\u00e5ken hoppat (ja, vad skriver man?) klart uppst\u00e5r jubel, ovationer. Publikens k\u00e4rlek.<\/p>\n<p>Som bel\u00f6nas med ett extranummer, undersk\u00f6na <em>Cantabile<\/em> av Paganini.<\/p>\n<p><strong>Jag tror att det var sista g\u00e5ngen jag kom honom s\u00e5 n\u00e4ra.<\/strong> Jag hoppas att jag har fel.<\/p>\n<p>\u00a9 <em>Text och foto: Ann-Charlotte Sandelin<\/em><\/p>\n<p>BILDSPEL (FLASH) \u2013 KLICKA P\u00c5 BILDEN <em><br \/>\nALT\/MOBIL: SE BILDSPELET <a title=\"Bildspel\" href=\"https:\/\/www.flickr.com\/photos\/kultursidan\/sets\/72157668778732056\/show\/\" target=\"_blank\">H\u00c4R<\/a><\/em><br \/>\n<object width=\"400\" height=\"300\"><param name=\"flashvars\" value=\"offsite=true&amp;lang=en-us&amp;page_show_url=%2Fphotos%2Fkultursidan%2Fsets%2F72157668778732056%2Fshow%2F&amp;page_show_back_url=%2Fphotos%2Fkultursidan%2Fsets%2F72157668778732056%2F&amp;set_id=72157668778732056&amp;jump_to=\" \/><param name=\"movie\" value=\"https:\/\/www.flickr.com\/apps\/slideshow\/show.swf?v=1811922554\" \/><param name=\"allowFullScreen\" value=\"true\" \/><\/object><\/p>\n<blockquote>\n<h3><em>GAMLA F\u00c4NGELSET Norrk\u00f6ping<\/em><\/h3>\n<p>14 maj \u2013 6 juni 2016\u2028<em><br \/>\n<strong>Johnny Cash \u2013 He Was A Friend Of Mine<\/strong><strong><br \/>\n<\/strong><em>Utst\u00e4llning<\/em><br \/>\n<em>Prod: Norrk\u00f6pings Teaterkompani i samarbete med Riksbyggen \u00d6st<\/em><\/em><\/p>\n<p><em>ANSTALTSKYRKAN Norrk\u00f6ping<\/em><\/p>\n<p>22 maj 2016<em><br \/>\n<strong>Johan Dalene, violin<\/strong><\/em><br \/>\n<em> <strong>Inger Dalene, piano<\/strong><\/em><br \/>\n<em> Konsert<\/em><\/p>\n<p style=\"padding-left: 30px;\"><em>PROGRAM<br \/>\n<strong>E. Grieg<\/strong> Sonate F-dur nr 1, sats 1<\/em><br \/>\n<em> <strong>N. Paganini<\/strong> Caprice nr 4<\/em><br \/>\n<em> <strong>C. Franck<\/strong> Violinsonat A-dur:<\/em><br \/>\n<em> \u00a0\u00a0\u00a0\u00a0 I: Allegretto ben moderato<\/em><br \/>\n<em> \u00a0\u00a0 II: Allegro<\/em><br \/>\n<strong>J.S. Bach<\/strong> ur Partita nr 2 d-moll Allemande och Giga<br \/>\n<strong>Ravel<\/strong> Tzigane<\/p>\n<p style=\"padding-left: 30px;\">Extranummer<br \/>\n<strong>N Paganini<\/strong> Cantabile<\/p>\n<p><em>\u00c5TERST\u00c5ENDE PROGRAM<\/em><\/p>\n<p style=\"padding-left: 30px;\">29 maj <strong><em><br \/>\n<strong>F\u00f6rel\u00e4sning med Lasse Lindfors<\/strong><\/em><\/strong><\/p>\n<p style=\"padding-left: 30px;\">4 juni <strong><em><br \/>\n<strong>Johnny Cash-konsert<\/strong><\/em><\/strong><em><br \/>\n<em>Lasse Lindfors, Goce Lamevski &amp; Paulina Ander\u00f6<\/em><\/em><\/p>\n<\/blockquote>\n<p>L\u00c4NKAR<br \/>\nNorrk\u00f6pings teaterkompani <a href=\"http:\/\/www.norrkopingsteaterkompani.com\/\" target=\"_blank\">hemsida<\/a> <a href=\"https:\/\/www.facebook.com\/Norrk%C3%B6pings-Teaterkompani-203463023025467\/?fref=ts\" target=\"_blank\">Facebook<\/a> <a href=\"https:\/\/www.facebook.com\/events\/785038098264162\/\" target=\"_blank\">FB-evenemang<\/a><a href=\"https:\/\/www.facebook.com\/events\/785038098264162\/\"><br \/>\n<\/a>Cashkonsert fylld av b\u00e5de liv och l\u00e5tar <a href=\"https:\/\/www.kultursidan.nu\/?p=25285\" target=\"_blank\">recension<\/a> Kultursidan.nu 20\/5 2016F\u00e4ngelseporten \u00f6ppnade f\u00f6r Johnny Cash <a href=\"https:\/\/www.kultursidan.nu\/?p=25216\" target=\"_blank\">reportage<\/a> Kultursidan.nu 17\/5 2016<br \/>\nLasse och Johnny Cash innanf\u00f6r murarna <a href=\"https:\/\/www.kultursidan.nu\/?p=25124\" target=\"_blank\">reportage<\/a> Kultursidan.nu 9\/5 2016<br \/>\nJohan Dalene uppslukas av musiken <a href=\"https:\/\/www.kultursidan.nu\/?p=24539\" target=\"_blank\">reportage<\/a> Kultursidan.nu 25\/3 2016<\/p>\n","protected":false},"excerpt":{"rendered":"<p>NORRK\u00d6PING Jag tror det \u00e4r sista g\u00e5ngen vi kommer honom s\u00e5 n\u00e4ra. S\u00f6ndagens konsert i Anstaltskyrkan i gamla f\u00e4ngelset i Norrk\u00f6ping var en exklusiv tillst\u00e4llning. Johan Dalenes violinspel \u00e4r b\u00e5de sensitivt och stabilt, han g\u00e5r djupt in i musiken. <a class=\"continue-reading-link\" href=\"https:\/\/www.kultursidan.nu\/?p=25363\">L\u00e4s mer <span class=\"meta-nav\">&rarr; <\/span><\/a><\/p>\n","protected":false},"author":1001006,"featured_media":0,"comment_status":"closed","ping_status":"open","sticky":false,"template":"","format":"standard","meta":{"_jetpack_memberships_contains_paid_content":false,"footnotes":""},"categories":[7],"tags":[13],"class_list":["post-25363","post","type-post","status-publish","format-standard","hentry","category-norrkoping","tag-musik"],"jetpack_featured_media_url":"","jetpack_sharing_enabled":true,"_links":{"self":[{"href":"https:\/\/www.kultursidan.nu\/index.php?rest_route=\/wp\/v2\/posts\/25363","targetHints":{"allow":["GET"]}}],"collection":[{"href":"https:\/\/www.kultursidan.nu\/index.php?rest_route=\/wp\/v2\/posts"}],"about":[{"href":"https:\/\/www.kultursidan.nu\/index.php?rest_route=\/wp\/v2\/types\/post"}],"author":[{"embeddable":true,"href":"https:\/\/www.kultursidan.nu\/index.php?rest_route=\/wp\/v2\/users\/1001006"}],"replies":[{"embeddable":true,"href":"https:\/\/www.kultursidan.nu\/index.php?rest_route=%2Fwp%2Fv2%2Fcomments&post=25363"}],"version-history":[{"count":0,"href":"https:\/\/www.kultursidan.nu\/index.php?rest_route=\/wp\/v2\/posts\/25363\/revisions"}],"wp:attachment":[{"href":"https:\/\/www.kultursidan.nu\/index.php?rest_route=%2Fwp%2Fv2%2Fmedia&parent=25363"}],"wp:term":[{"taxonomy":"category","embeddable":true,"href":"https:\/\/www.kultursidan.nu\/index.php?rest_route=%2Fwp%2Fv2%2Fcategories&post=25363"},{"taxonomy":"post_tag","embeddable":true,"href":"https:\/\/www.kultursidan.nu\/index.php?rest_route=%2Fwp%2Fv2%2Ftags&post=25363"}],"curies":[{"name":"wp","href":"https:\/\/api.w.org\/{rel}","templated":true}]}}