{"id":25383,"date":"2016-05-26T10:56:04","date_gmt":"2016-05-26T09:56:04","guid":{"rendered":"https:\/\/intelligent-friend-7861.standoutwp.com\/?p=25383"},"modified":"2016-08-04T16:38:29","modified_gmt":"2016-08-04T15:38:29","slug":"mycket-teaternoje-aven-sommaren-2016","status":"publish","type":"post","link":"https:\/\/www.kultursidan.nu\/?p=25383","title":{"rendered":"Mycket teatern\u00f6je \u00e4ven sommaren 2016"},"content":{"rendered":"<p><img loading=\"lazy\" decoding=\"async\" class=\"alignnone size-medium wp-image-25384\" src=\"https:\/\/www.kultursidan.nu\/wp-content\/uploads\/2016\/05\/DSCF5248-567x378.jpg\" alt=\"Jeppe p\u00e5 Berget\" width=\"567\" height=\"378\" srcset=\"https:\/\/www.kultursidan.nu\/wp-content\/uploads\/2016\/05\/DSCF5248-567x378.jpg 567w, https:\/\/www.kultursidan.nu\/wp-content\/uploads\/2016\/05\/DSCF5248-768x512.jpg 768w, https:\/\/www.kultursidan.nu\/wp-content\/uploads\/2016\/05\/DSCF5248-1024x682.jpg 1024w, https:\/\/www.kultursidan.nu\/wp-content\/uploads\/2016\/05\/DSCF5248-500x333.jpg 500w, https:\/\/www.kultursidan.nu\/wp-content\/uploads\/2016\/05\/DSCF5248-150x100.jpg 150w, https:\/\/www.kultursidan.nu\/wp-content\/uploads\/2016\/05\/DSCF5248.jpg 1280w\" sizes=\"auto, (max-width: 567px) 100vw, 567px\" \/><em><br \/>\nN\u00f6je f\u00f6r alla klasser. Klassikern om suputen Jeppe p\u00e5 Berget som blir baron f\u00f6r en dag, f\u00f6r att roa den riktige baronen, spelas i G\u00e4stabudssalen p\u00e5 L\u00f6fstad slott.<br \/>\n<\/em><\/p>\n<p>&nbsp;<\/p>\n<h1><span style=\"color: #ff0000;\">Familjeteater med och utan musik<\/span><\/h1>\n<p>&nbsp;<\/p>\n<p><strong>\u201dDu nalkas ljuva sommar\u2026\u201d och med sommaren dyker de upp \u2013 sommarteatrarna.<\/strong> Amat\u00f6rer, s\u00e5 v\u00e4l som professionella st\u00e5r p\u00e5 scenen. Utbudet \u00e4r v\u00e4lbekant, en blandning av buskis, musikalisk familjeteater, kr\u00f6nikespel, klassiker och lite nytt. Som en stor p\u00e5se gott och blandat.<\/p>\n<p><strong>F\u00f6rst ut \u00e4r Sommarteatern i G\u00e4stabudssalen p\u00e5 L\u00f6fstad slott.<\/strong> G\u00f6ran Sarring s\u00e4tter upp Ludvig Holbergs klassiska satir <em>Jeppe p\u00e5 berget<\/em> med Cla\u00ebs Weinar i titelrollen.<\/p>\n<p><strong>Chopp Event flyttar till F\u00e4rgarg\u00e5rdens lummiga gr\u00f6nska<\/strong> med familjef\u00f6rest\u00e4llningen <em>Pettson och Findus<\/em>, baserad p\u00e5 Sven Nordqvists b\u00f6cker. Det \u00e4r s\u00e5 att Pettson irriteras av Findus tidiga morgonvanor. Varje morgon v\u00e4cks han redan klockan fyra. Kanske borde han s\u00e4ga \u00e5t Findus att flytta?<\/p>\n<p>H\u00e4r rinner \u00e4ven <em>Sn\u00e5lvatten och<\/em> <em>J\u00e4kelskap <\/em>till, allts\u00e5 buskis f\u00f6r den lite \u00e4ldre publiken.<\/p>\n<p>&nbsp;<\/p>\n<p><a title=\"Anki Wastesson och John Hedman\" href=\"https:\/\/www.flickr.com\/photos\/kultursidan\/19375761046\/in\/album-72157668907702035\/\"><img loading=\"lazy\" decoding=\"async\" src=\"https:\/\/c7.staticflickr.com\/1\/426\/19375761046_cb5ecf1240.jpg\" alt=\"Anki Wastesson och John Hedman\" width=\"500\" height=\"333\" \/><\/a><br \/>\n<em>Kuttrasju. Anki Wastesson och John Hedman kommer tillbaka n\u00e4r Kalbo kultur s\u00e4tter upp S\u00f6derk\u00e5kar i Kn\u00e4ppingsborg.<\/em><\/p>\n<p>&nbsp;<\/p>\n<p><strong>Kvar i Kn\u00e4ppingsborg, utan t\u00e4lt, blir Kalbo kultur<\/strong> som h\u00e5ller Gideon Wahlbergs fana h\u00f6gt med klassikern <em>S\u00f6derk\u00e5kar<\/em>.<\/p>\n<p><strong>Marcus Fyrberg g\u00e4stspelade i Gubbens tr\u00e4dg\u00e5rd f\u00f6rra \u00e5ret.<\/strong> Nu bygger han <em>Gubbens hotell<\/em>! \u00c5tminstone ett sommarmusikaliskt s\u00e5dant.<\/p>\n<p><strong>Vikbolandsspelet och Ark\u00f6sunds friluftsteater \u00e5terkommer b\u00e5da i sommar<\/strong>. Det blir hemskrivna <em>Piller &amp; Paskakviller<\/em> i \u00d6stra Husby och buskis, <em>Hemv\u00e4rn och P\u00e5ssjuka <\/em>p\u00e5 toppen av Ark\u00f6sund.<\/p>\n<p><strong>Mer familjeteater:<\/strong> Teater Sythercopie spelar <em>Rasmus p\u00e5 luffen<\/em> i S\u00f6derk\u00f6ping. Svart\u00e5 Soffteater tar <strong>R\u00f6dluvan &amp; Vargen<\/strong> med sig till Kolm\u00e5rden, var annars? Shakespeare p\u00e5 Gr\u00e4sg\u00e5rden spelar inte bara kr\u00f6nikespelet <em>Henrik IV<\/em>, nyskrivna <em>Filippa<\/em> tar med barn fr\u00e5n 6 \u00e5r p\u00e5 ett vandrings\u00e4ventyr. Och i Gamla Link\u00f6ping ges <em>Svingelskogen<\/em> f\u00f6r hela familjen.<\/p>\n<p>Med mera n\u00f6je i sommar. H\u00e4r \u00e4r listan p\u00e5 v\u00e5ra tips f\u00f6r Teatersommaren 2016.<\/p>\n<p>\u00a9 <em>Text: Eva Lindblad och Ann-Charlotte Sandelin<br \/>\n<\/em>\u00a9 <em>Foto: <\/em><em>Ann-Charlotte Sandelin<\/em><\/p>\n<blockquote>\n<h3><em>NORRK\u00d6PING<\/em><\/h3>\n<p>27 maj \u2013 23 juni<em><br \/>\n<strong>Jeppe p\u00e5 Berget<\/strong>\u00a0komedi av Ludvig Holberg\u00a0<\/em><a href=\"https:\/\/www.kultursidan.nu\/?p=25336\" target=\"_blank\"><em>reportage<\/em><\/a> <em><a href=\"https:\/\/www.kultursidan.nu\/?p=25438\" target=\"_blank\">recension<\/a><br \/>\nG\u00e4stabudssalen, L\u00f6fstad slott<br \/>\nArr: Sarring kulturproduktion\u00a0<\/em><a href=\"http:\/\/sarring.se\/sommarteater\/\" target=\"_blank\"><em>hemsida<\/em><\/a><\/p>\n<p>4 \u2013 22 juni, 29 juli \u2013 12 augusti<em><br \/>\n<strong>Pettson &amp; Findus\u00a0<\/strong>familjeteater med s\u00e5ng, musik och dans <a href=\"https:\/\/www.kultursidan.nu\/?p=25479\" target=\"_blank\">reportage<\/a>\u00a0 <a href=\"https:\/\/www.kultursidan.nu\/?p=25549\" target=\"_blank\">recension<\/a><br \/>\nF\u00e4rgarg\u00e5rden<br \/>\nArr: Chopp Event\u00a0<a href=\"http:\/\/www.choppevent.se\/\" target=\"_blank\">hemsida<\/a> <a href=\"https:\/\/www.facebook.com\/groups\/222309853820\/\" target=\"_blank\">Facebook<\/a><\/em><\/p>\n<p>12 juni \u2013 21 augusti<br \/>\n<em><strong>Kanel och Kanin 1 o. 2, Sol-\u00c4gget, Molly Blom<\/strong><\/em><em> f\u00f6r barnfamiljer <a href=\"https:\/\/www.kultursidan.nu\/?p=25613\" target=\"_blank\">reportage<\/a><br \/>\nSpelas i Vasaparken, Folkparken, Hageby m.fl. parker<br \/>\nArr: Teater Pelikanen<br \/>\n<\/em><\/p>\n<p>12 \u2013 19 juni, 29 juli \u2013 27 augusti<em><br \/>\n<strong>Sn\u00e5lvatten &amp; J\u00e4kelskap\u00a0<\/strong>buskis av Stefan och Krister <a href=\"https:\/\/www.kultursidan.nu\/?p=25581\" target=\"_blank\">reportage<\/a> <a href=\"https:\/\/www.kultursidan.nu\/?p=25659\" target=\"_blank\">recension<\/a><br \/>\nF\u00e4rgarg\u00e5rden<br \/>\nArr: Chopp Event\u00a0<a href=\"http:\/\/www.choppevent.se\/\" target=\"_blank\">hemsida<\/a> <a href=\"https:\/\/www.facebook.com\/groups\/222309853820\/\" target=\"_blank\">Facebook<\/a><br \/>\n<\/em><\/p>\n<p>1 juli \u2013 16 juli<em><br \/>\n<strong>S\u00f6derk\u00e5kar<\/strong>\u00a0folklustspel av Gideon Wahlberg <a href=\"https:\/\/www.kultursidan.nu\/?p=25809\" target=\"_blank\">reportage<\/a> <a href=\"https:\/\/www.kultursidan.nu\/?p=25990\" target=\"_blank\">recension<\/a><br \/>\nTeatertorget, Kn\u00e4ppingsborg<br \/>\nArr: Kalbo Kultur\u00a0<\/em><a href=\"http:\/\/www.kalbokultur.se\/\" target=\"_blank\"><em>hemsida<\/em><\/a><em>\u00a0\u00a0<a href=\"https:\/\/www.facebook.com\/pages\/Kalbokultur\/408701035977440?fref=ts\" target=\"_blank\">Facebook<\/a><\/em><\/p>\n<p>3 \u2013 10 juli<em><br \/>\n<strong>Piller och Paskaviller<\/strong>\u00a0en sjuk f\u00f6rest\u00e4llning i tv\u00e5 akter <a href=\"https:\/\/www.kultursidan.nu\/?p=25867\" target=\"_blank\">reportage<\/a>\u00a0 <a href=\"https:\/\/www.kultursidan.nu\/?p=26054\" target=\"_blank\">recension<\/a><br \/>\n<\/em><em>Apptekparken, \u00d6stra Husby<br \/>\nArr: F\u00f6reningen Vikbolandsspelet <a href=\"http:\/\/www.vikbolandsspelet.se\" target=\"_blank\">hemsida<\/a> <a href=\"https:\/\/www.facebook.com\/vikbolandsspelet\/?fref=ts\" target=\"_blank\">Facebook<\/a><\/em><\/p>\n<p>4 juli \u2013 2 augusti<em><br \/>\n<strong>Gubbens hotell<\/strong>\u00a0sommarl\u00e4tt musikal av och med Marcus Fyrberg <a href=\"https:\/\/www.kultursidan.nu\/?p=25909\" target=\"_blank\">reportage<\/a> <a href=\"https:\/\/www.kultursidan.nu\/?p=26102\" target=\"_blank\">recension<\/a><br \/>\nGubbens tr\u00e4dg\u00e5rd<br \/>\nArr: Marcus Fyrberg <\/em><\/p>\n<p>12 juli \u2013 22 juli<em><br \/>\n<strong>Hemv\u00e4rn &amp; P\u00e5ssjuka\u00a0<\/strong>buskis av Nils Biger Persson<br \/>\nKvarnberget, ARK\u00d6SUND <a href=\"https:\/\/www.kultursidan.nu\/?p=26182\" target=\"_blank\">recension<\/a><br \/>\nArr: Ark\u00f6sundsteatern\u00a0<a href=\"http:\/\/www.arkosundsteatern.com\" target=\"_blank\">hemsida<\/a><br \/>\n<\/em><\/p>\n<p>2 \u2013 10 augusti<br \/>\n<strong><em>R\u00f6dluvan och Vargen<\/em><\/strong><em> familjef\u00f6rest\u00e4llning fr\u00e5n 6 \u00e5r<br \/>\nFirst Camp, KOLM\u00c5RDEN <a href=\"https:\/\/www.kultursidan.nu\/?p=26334\" target=\"_blank\">reportage<\/a> <a href=\"https:\/\/www.kultursidan.nu\/?p=26390\" target=\"_blank\">recension<\/a><br \/>\nArr: Svart\u00e5 Soffteater\u00a0 <a href=\"http:\/\/www.soffteater.se\" target=\"_blank\">hemsida<\/a> <a href=\"https:\/\/www.facebook.com\/svartasoffteater\/?fref=ts\" target=\"_blank\">Facebook<\/a><\/em><em> i samarbete med N\u00f6jesfamiljen <\/em><a href=\"https:\/\/www.facebook.com\/www.nojesfamiljen.n.nu\/\" target=\"_blank\"><em>Facebook<\/em><\/a><\/p>\n<h3><em>S\u00d6DERK\u00d6PING<\/em><\/h3>\n<p>29 juni \u2013 16 juli<em><br \/>\n<strong>Rasmus p\u00e5 luffen<\/strong>\u00a0av Mats Hudd\u00e9n efter Astrid Lindgren <a href=\"https:\/\/www.kultursidan.nu\/?p=25768\" target=\"_blank\">reportage<\/a> <a href=\"https:\/\/www.kultursidan.nu\/?p=25938\" target=\"_blank\">recension<\/a><strong><br \/>\n<\/strong>Wallbergska g\u00e5rden<br \/>\nArr: Teater Sythercopie\u00a0<\/em><a href=\"http:\/\/www.teatersythercopie.se\/\" target=\"_blank\"><em>hemsida<\/em><\/a> <a href=\"https:\/\/www.facebook.com\/Teater-Sythercopie-118511924904082\/?fref=ts\" target=\"_blank\"><em>F<\/em><em>acebook<\/em><\/a><\/p>\n<p>25 maj och 26 \u2013 28 augusti<em><br \/>\n<strong>Promenadteater<\/strong>\u00a0historiska h\u00e4ndelser om det som har h\u00e4nt (eller kan ha h\u00e4nt)<br \/>\nArr: Teater Sythercopie\u00a0<a href=\"http:\/\/www.teatersythercopie.se\/\" target=\"_blank\"><em>hemsida<\/em><\/a> <a href=\"https:\/\/www.facebook.com\/Teater-Sythercopie-118511924904082\/?fref=ts\" target=\"_blank\"><em>F<\/em><em>acebook<\/em><\/a><br \/>\n<\/em><\/p>\n<p>31 juli<br \/>\n<strong><em>Gerda \u2013 en s\u00e5ngsaga<\/em><\/strong><em> av Bosse Wastesson och Gudrik Hansen<br \/>\nHusby s\u00e4teri <a href=\"https:\/\/www.kultursidan.nu\/?p=26263\" target=\"_blank\">reportage<\/a> <a href=\"https:\/\/www.kultursidan.nu\/?p=26345\" target=\"_blank\">recension<\/a><br \/>\nArr: Bosse Wastesson <a href=\"https:\/\/www.facebook.com\/events\/1724079274547124\/\" target=\"_blank\">Facebook<\/a><\/em><\/p>\n<p>27 augusti kl 13.00<em><br \/>\n<strong>1302 \u00e5rs kr\u00f6ningsceremoni<\/strong>\u00a0av Ola L\u00f6nnqvist<br \/>\nS:t Laurentii kyrka<br \/>\n<\/em><em> Arr: Teater Sythercopie\u00a0<\/em><a href=\"http:\/\/www.teatersythercopie.se\/\" target=\"_blank\"><em>hemsida<\/em><\/a> <a href=\"https:\/\/www.facebook.com\/Teater-Sythercopie-118511924904082\/?fref=ts\" target=\"_blank\"><em>F<\/em><em>acebook<\/em><\/a><\/p>\n<h3><em>NEDSLAG I \u00d6STERG\u00d6TLAND<br \/>\n<\/em><\/h3>\n<\/blockquote>\n<blockquote><p><em>LINK\u00d6PING<\/em><\/p>\n<p style=\"padding-left: 30px;\">22 maj \u2013 14 augusti<em><br \/>\n<strong>Svingelskogen<\/strong>\u00a0familjemusikal av Monica Forsberg<br \/>\nFriluftsmuseet, Gamla Link\u00f6ping, LINK\u00d6PING<br \/>\nArr: NBV \u00d6sterg\u00f6tland och Friluftsteatern<\/em><em>\u00a0<\/em><a href=\"http:\/\/www.friluftsteatern.se\" target=\"_blank\"><em>hemsida<\/em><\/a><em><br \/>\n<\/em><\/p>\n<p style=\"padding-left: 30px;\">18 juni och 2 juli<em><br \/>\n<strong>Ett andetag fr\u00e5n d\u00f6den\u00a0<\/strong>sommarg\u00e4stspel av mordg\u00e5ta\u00a0 <a href=\"https:\/\/www.kultursidan.nu\/?p=21943\" target=\"_blank\">recension<\/a><br \/>\nEken\u00e4s slott, LINK\u00d6PING<br \/>\nArr: Comedy Art Theatre<\/em><em>\u00a0<\/em><a href=\"http:\/\/www.sommarteater.nu\/se\/mordgator\/ett_andetag._ekenaes_slott_sommaren_16\" target=\"_blank\"><em>hemsida<\/em><\/a><em><br \/>\n<\/em><\/p>\n<p><em>MOTALA<\/em><\/p><\/blockquote>\n<blockquote>\n<p style=\"padding-left: 30px;\">25 juni \u2013 7 augusti<em><br \/>\n<strong>Men d\u00e5 ringde Towa Carsson<\/strong>\u00a0hippier\u00f6relsen dramatiseras<br \/>\nMariebergsparken, Folkets Park, MOTALA<br \/>\nArr: Uffe Holmertz Sommarteater\u00a0<\/em><a href=\"http:\/\/www.uffeholmertz.com\" target=\"_blank\"><em>hemsida<\/em><\/a><em>\u00a0 <\/em><a href=\"https:\/\/www.facebook.com\/groups\/1190925250932149\/?fref=ts\" target=\"_blank\"><em>Fac<\/em><em>ebook<\/em><\/a><\/p>\n<p><em>VADSTENA<\/em><\/p>\n<p style=\"padding-left: 30px;\">18 juni \u2013 31 juli<em><br \/>\n<strong>Filippa<\/strong>\u00a0dramatiserad \u00e4ventyrsvandringsteater\u00a0fr\u00e5n 6 \u00e5r <a href=\"https:\/\/www.kultursidan.nu\/?p=25749\" target=\"_blank\">recension<\/a><br \/>\nP\u00e5 och i n\u00e4rheten av Gr\u00e4sg\u00e5rden, VADSTENA<br \/>\n<\/em><em>Arr: Shakespeare p\u00e5 Gr\u00e4sg\u00e5rden\u00a0<\/em><em><a href=\"http:\/\/shpg.se\/\" target=\"_blank\"><em>hemsida <\/em><\/a><a href=\"https:\/\/www.facebook.com\/Shakespearepagrasgarden\/?fref=ts\" target=\"_blank\"><em>Facebook<\/em><\/a><\/em><\/p>\n<p style=\"padding-left: 30px;\">2 juli \u2013 31 juli<br \/>\n<em><strong>Henrik IV <\/strong>kr\u00f6nikespel av William Shakespeare <a href=\"https:\/\/www.kultursidan.nu\/?p=25835\" target=\"_blank\">reportage<\/a>\u00a0 <a href=\"https:\/\/www.kultursidan.nu\/?p=26128\" target=\"_blank\">recension<\/a><br \/>\nGr\u00e4sg\u00e5rden, VADSTENA<br \/>\nArr: Shakespeare p\u00e5 Gr\u00e4sg\u00e5rden\u00a0<\/em><a href=\"http:\/\/shpg.se\/\" target=\"_blank\"><em>hemsida <\/em><\/a><a href=\"https:\/\/www.facebook.com\/Shakespearepagrasgarden\/?fref=ts\" target=\"_blank\"><em>Facebook<\/em><\/a><\/p>\n<p style=\"padding-left: 30px;\">5 \u2013 21 juli<br \/>\n<em><strong>M\u00e4rta \u2013 gift S\u00f6derberg <\/strong>den allvarsammaste leken <a href=\"https:\/\/www.kultursidan.nu\/?p=25954\" target=\"_blank\">reportage<\/a>\u00a0 <a href=\"https:\/\/www.kultursidan.nu\/?p=26145\" target=\"_blank\">recension<\/a><br \/>\nManus och regi: Dag Norg\u00e5rd<br \/>\nVadstena nya teater, VADSTENA<br \/>\nArr: Vadstena nya teater<br \/>\n<\/em><a href=\"http:\/\/vadstenanyateater.se\/gallery\/marta-gift-soderberg\/\" target=\"_blank\"><em>hemsida<\/em><\/a> <a href=\"https:\/\/www.facebook.com\/VadstenaNyaTeater\" target=\"_blank\"><em>Facebook<\/em><\/a><\/p>\n<p style=\"padding-left: 30px;\">22 juli \u2013 10 augusti<br \/>\n<em><strong>K\u00e4r och galen<\/strong> 1700-talsoperor \u2013 <strong>Nina<\/strong> av Giovanni Paisiello &amp; <strong>Comala<\/strong> av Pietro Morandi <a href=\"https:\/\/www.kultursidan.nu\/?p=26221\" target=\"_blank\">reportage<\/a> <a href=\"https:\/\/www.kultursidan.nu\/?p=26296\" target=\"_blank\">recension<\/a><br \/>\nVadstena Slott, VADSTENA<br \/>\nArr: Vadstena-Akademien<br \/>\nhemsida Facebook<\/em><\/p>\n<\/blockquote>\n","protected":false},"excerpt":{"rendered":"<p>NORRK\u00d6PING\/\u00d6STERG\u00d6TLAND Som en stor p\u00e5se gott och blandat. Teatersommaren bjuder p\u00e5 en v\u00e4lbekant blandning av buskis, familjeteater med och utan musik, kr\u00f6nikespel, klassiker och lite nytt. Chopp Event flyttar till F\u00e4garg\u00e5rden, Gubbens tr\u00e4dg\u00e5rd blir hotell\u2026 <a class=\"continue-reading-link\" href=\"https:\/\/www.kultursidan.nu\/?p=25383\">L\u00e4s mer <span class=\"meta-nav\">&rarr; <\/span><\/a><\/p>\n","protected":false},"author":1001006,"featured_media":0,"comment_status":"closed","ping_status":"open","sticky":false,"template":"","format":"standard","meta":{"_jetpack_memberships_contains_paid_content":false,"footnotes":""},"categories":[55,7,1,6,72],"tags":[],"class_list":["post-25383","post","type-post","status-publish","format-standard","hentry","category-linkoping","category-norrkoping","category-okategoriserade","category-soderkoping","category-vadstena"],"jetpack_featured_media_url":"","jetpack_sharing_enabled":true,"_links":{"self":[{"href":"https:\/\/www.kultursidan.nu\/index.php?rest_route=\/wp\/v2\/posts\/25383","targetHints":{"allow":["GET"]}}],"collection":[{"href":"https:\/\/www.kultursidan.nu\/index.php?rest_route=\/wp\/v2\/posts"}],"about":[{"href":"https:\/\/www.kultursidan.nu\/index.php?rest_route=\/wp\/v2\/types\/post"}],"author":[{"embeddable":true,"href":"https:\/\/www.kultursidan.nu\/index.php?rest_route=\/wp\/v2\/users\/1001006"}],"replies":[{"embeddable":true,"href":"https:\/\/www.kultursidan.nu\/index.php?rest_route=%2Fwp%2Fv2%2Fcomments&post=25383"}],"version-history":[{"count":0,"href":"https:\/\/www.kultursidan.nu\/index.php?rest_route=\/wp\/v2\/posts\/25383\/revisions"}],"wp:attachment":[{"href":"https:\/\/www.kultursidan.nu\/index.php?rest_route=%2Fwp%2Fv2%2Fmedia&parent=25383"}],"wp:term":[{"taxonomy":"category","embeddable":true,"href":"https:\/\/www.kultursidan.nu\/index.php?rest_route=%2Fwp%2Fv2%2Fcategories&post=25383"},{"taxonomy":"post_tag","embeddable":true,"href":"https:\/\/www.kultursidan.nu\/index.php?rest_route=%2Fwp%2Fv2%2Ftags&post=25383"}],"curies":[{"name":"wp","href":"https:\/\/api.w.org\/{rel}","templated":true}]}}