{"id":25479,"date":"2016-06-02T09:20:06","date_gmt":"2016-06-02T08:20:06","guid":{"rendered":"https:\/\/intelligent-friend-7861.standoutwp.com\/?p=25479"},"modified":"2016-06-07T07:15:37","modified_gmt":"2016-06-07T06:15:37","slug":"pettson-och-findus-repar-pa-fargargarden","status":"publish","type":"post","link":"https:\/\/www.kultursidan.nu\/?p=25479","title":{"rendered":"Pettson och Findus repar p\u00e5 F\u00e4rgarg\u00e5rden"},"content":{"rendered":"<p><img loading=\"lazy\" decoding=\"async\" class=\"alignnone size-medium wp-image-25480\" src=\"https:\/\/www.kultursidan.nu\/wp-content\/uploads\/2016\/06\/DSCF5499-567x378.jpg\" alt=\"Pettson och Findus\" width=\"567\" height=\"378\" srcset=\"https:\/\/www.kultursidan.nu\/wp-content\/uploads\/2016\/06\/DSCF5499-567x378.jpg 567w, https:\/\/www.kultursidan.nu\/wp-content\/uploads\/2016\/06\/DSCF5499-768x512.jpg 768w, https:\/\/www.kultursidan.nu\/wp-content\/uploads\/2016\/06\/DSCF5499-1024x682.jpg 1024w, https:\/\/www.kultursidan.nu\/wp-content\/uploads\/2016\/06\/DSCF5499-500x333.jpg 500w, https:\/\/www.kultursidan.nu\/wp-content\/uploads\/2016\/06\/DSCF5499-150x100.jpg 150w, https:\/\/www.kultursidan.nu\/wp-content\/uploads\/2016\/06\/DSCF5499.jpg 1280w\" sizes=\"auto, (max-width: 567px) 100vw, 567px\" \/><br \/>\n<em>Personlig betj\u00e4ning. Findus har flyttat hemifr\u00e5n \u2026men inte alltf\u00f6r l\u00e5ngt bort. I sommar spelar Chopp event Pettson &amp; Findus p\u00e5 F\u00e4rgarg\u00e5rden vid Str\u00f6mmen.<br \/>\n<\/em><\/p>\n<p>&nbsp;<\/p>\n<h1><span style=\"color: #ff0000;\">&#8221;Det m\u00e5ste komma inifr\u00e5n&#8221;<\/span><\/h1>\n<p>&nbsp;<\/p>\n<p><strong>Solen skiner p\u00e5 F\u00e4rgarg\u00e5rden.<\/strong> Bland kaf\u00e9g\u00e4sterna r\u00f6r sig en katt. Typisk bondkatt med r\u00e4nder och vita fl\u00e4ckar i p\u00e4lsen, kl\u00e4dd i gr\u00f6na byxor och med en liten gr\u00f6n hatt p\u00e5 huvudet. Chopp event spelar <em>Pettson &amp; Findus<\/em> i sommar.<\/p>\n<p><strong>Snart kommer h\u00f6nsen och grannen Gustavsson fr\u00e5n skolan. <\/strong>Regiss\u00f6ren Carina Perenkranz p\u00e5pekar att sommarjobbarna ju inte slutat \u00e4nnu f\u00f6r terminen. Men gubben Pettson och katten Findus \u00e4r p\u00e5 plats, de professionella sk\u00e5despelarna Lasse Olofsson och Julia Strandljung.<\/p>\n<p><strong>P\u00e5 l\u00f6rdag \u00e4r det premi\u00e4r p\u00e5 F\u00e4rgarg\u00e5rden vid Str\u00f6mmen.<\/strong> Carina Perenkranz \u00e4r n\u00f6jd med flytten fr\u00e5n Kn\u00e4ppingsborg ut till \u201dgamla Norrk\u00f6ping\u201d d\u00e4r de f\u00e5tt l\u00e5na nyckeln till F\u00e4rgarg\u00e5rdens hus som Stadsmuseet f\u00f6rvaltar men ytterst s\u00e4llan visar.<\/p>\n<p>Den f\u00f6rsamlade pressen f\u00e5r se hur Findus tar kv\u00e4llsmaten ut fr\u00e5n F\u00e4rgarg\u00e5rdens veranda som i sommar blivit Pettsons och s\u00e4tter sig ute p\u00e5 g\u00e5rdsplanen. Findus \u00e4ter glatt och f\u00f6rn\u00f6jt. Gubben Pettson sitter kvar i ett vemod. Findus har flyttat hemifr\u00e5n.<\/p>\n<p>\u2013 Det k\u00e4nns p\u00e5 b\u00e5da h\u00e5ll, man k\u00e4nner sig lite \u00f6vergiven, s\u00e4ger sk\u00e5despelaren Lasse Olofsson och till\u00e4gger:<br \/>\n\u2013 Jag kan k\u00e4nna igen mig, min son flyttade nyligen hemifr\u00e5n,<\/p>\n<p>&nbsp;<\/p>\n<p><a title=\"Pettson\" href=\"https:\/\/www.flickr.com\/photos\/kultursidan\/26804909403\/in\/album-72157669191911435\/\"><img loading=\"lazy\" decoding=\"async\" src=\"https:\/\/c4.staticflickr.com\/8\/7511\/26804909403_d45a1126d7.jpg\" alt=\"Pettson\" width=\"332\" height=\"500\" \/><\/a><br \/>\n<em>Rufs. Sk\u00e5despelaren Lasse Olofsson har spelat Pettson f\u00f6rr.<\/em><\/p>\n<p>&nbsp;<\/p>\n<p><strong>Lasse Olofsson \u00e4r gammal bekant med Pettson.<\/strong> Inte bara f\u00f6r att han l\u00e4st b\u00f6ckerna h\u00f6gt under sm\u00e5barns\u00e5ren utan f\u00f6r att han spelat gubben Pettson p\u00e5 teaterscenerna f\u00f6rr. Men d\u00e5 i en annan pj\u00e4s, s\u00e5 den h\u00e4r g\u00e5ngen \u00e4r replikerna och situationerna nya.<\/p>\n<p>\u2013 Jag tycker j\u00e4ttemycket om Pettson. Han \u00e4r den varma, finurliga och mysiga gubben. Han \u00e4r den som har tid. Han har v\u00e4ldigt mycket tid, klurar och t\u00e4nker, s\u00e4ger Lasse om sin karakt\u00e4r.<\/p>\n<p>Tre somrar p\u00e5 Friluftsteatern i Link\u00f6ping och tv\u00e5 vintrar p\u00e5 turn\u00e9 har satt sina sp\u00e5r.<\/p>\n<p>\u2013 Jag tror jag har kantat av honom med tiden, det \u00e4r fr\u00e4mst en k\u00e4nsla jag vill f\u00e5 fram. Ju mer avslappnad jag \u00e4r desto tryggare \u00e4r min gubbe.<\/p>\n<p>Just nu saknar han Pettsons hatt. De runda glas\u00f6gonen sitter nedhasade p\u00e5 n\u00e4san och h\u00e5ret har han rufsat till men hatten som best\u00e4llts s\u00e5g inte ut som Pettsons n\u00e4r den kom.<\/p>\n<p>\u2013 Den ska var 13 centimeter h\u00f6gre, f\u00f6rklarar Carina Perenkranz som resolut skickade tillbaka den till kostymmakarna.<\/p>\n<p><strong>Julia Strandljung spelade titelrollen i <em>Pippi L\u00e5ngstrump p\u00e5 de sju haven<\/em> med Chopp event f\u00f6rra sommaren och nu har hon kl\u00e4tt sig i Findus kattdr\u00e4kt.<\/strong> 25-\u00e5riga Julia tillh\u00f6r den generation som \u00e4r uppv\u00e4xt med Sven Nordqvists b\u00f6cker om Pettson och Findus. Hon hade direkt en bild av hur hennes Findus \u00e4r.<\/p>\n<p>\u2013 Jag m\u00e5ste vara p\u00e5hittig. Jag m\u00e5ste vara som ett barn och det m\u00e5ste komma inifr\u00e5n, s\u00e4ger Julia Strandljung entusiastiskt.<\/p>\n<p>\u2013 Det \u00e4r tur att han har katten som h\u00e5ller honom vid liv, s\u00e4ger Lasse om Pettsons v\u00e4n som kom till honom i en l\u00e5da som det stod Findus p\u00e5.<\/p>\n<p>\u2013 Jag tror att det \u00e4r Findus som h\u00e5ller honom ung, svarar Julia Strandljung.<\/p>\n<p>&nbsp;<\/p>\n<p><a title=\"Pettson &amp; Findus\" href=\"https:\/\/www.flickr.com\/photos\/kultursidan\/27299111812\/in\/album-72157669191911435\/\"><img loading=\"lazy\" decoding=\"async\" src=\"https:\/\/c5.staticflickr.com\/8\/7304\/27299111812_3a84c56d3c.jpg\" alt=\"Pettson &amp; Findus\" width=\"500\" height=\"332\" \/><\/a><br \/>\n<em>Findusgeneration. Julia Strandljung har sin egen bild av hur Findus \u00e4r. En egensinnig, p\u00e5hittig men ocks\u00e5 v\u00e4nlig katt.<\/em><\/p>\n<p>&nbsp;<\/p>\n<p><strong>Carina Perenkranz har varit sugen p\u00e5 <em>Pettson &amp; Findus<\/em> ett bra tag efter att Chopp event spelat pj\u00e4ser av Astrid Lindgren under en l\u00e5ng rad \u00e5r. <\/strong>F\u00f6rst <em>Ronja r\u00f6vardotter<\/em> i Kolm\u00e5rden, sedan <em>Emil i L\u00f6nneberga<\/em> i V\u00e4rmekyrkan och p\u00e5 Str\u00f6msholmen och s\u00e5 <em>Pippi L\u00e5ngstrump p\u00e5 de sju haven<\/em> i Kn\u00e4ppingsborg.<\/p>\n<p>\u2013 <em>Pettson &amp; Findus<\/em> \u00e4r rolig och underfundig. Den har en fin sensmoral och man blir varm i hela kroppen, s\u00e4ger Carina Perenkranz som ocks\u00e5 framh\u00e5ller att Chopp event med sommarens f\u00f6rest\u00e4llning v\u00e4lkomnar en publik fr\u00e5n 2 \u00e5r och upp\u00e5t.<\/p>\n<p>\u2013 F\u00f6r tre\u00e5ringar \u00e4r den perfekt.<\/p>\n<p>Den som vill f\u00f6rbereda den unga publiken p\u00e5 det som h\u00e4nder kan l\u00e4sa b\u00f6ckerna <em>Findus flyttar hemifr\u00e5n <\/em>och<em> R\u00e4vjakten.<\/em><\/p>\n<p><strong>P\u00e5 F\u00e4rgarg\u00e5rden blir det 18 f\u00f6rest\u00e4llningar med Pettson &amp; Findus i sommar.<\/strong> Dessutom \u00e4r sex f\u00f6rest\u00e4llningar inbokade norr\u00f6ver, p\u00e5 M\u00e4larh\u00f6jdens friluftsteater.<\/p>\n<p>Nu hoppas Carina Perenkranz att kommunens Kultur- och fritidsn\u00e4mnd ger sitt st\u00f6d till en miniturn\u00e9 till Klockaretorpet, Ringdansen och Ljuraparken i sommar. Allts\u00e5 f\u00f6rest\u00e4llningar med fri entr\u00e9.<\/p>\n<p>\u2013 Det \u00e4r ett hj\u00e4rteprojekt, s\u00e4ger Carina Perenkranz.<\/p>\n<p>Chopp event har ocks\u00e5 en fot kvar i Kn\u00e4ppingsborg, med <em>Pippi p\u00e5 alls\u00e5ng!<\/em> som genomf\u00f6rs vid n\u00e5gra tillf\u00e4llen i sommar.<\/p>\n<p><strong>Solen skiner, repetitionsv\u00e4dret kunde inte vara b\u00e4ttre.<\/strong> Efter presstr\u00e4ffen vidtar f\u00f6rberedelser, som uppfinningen som ska skr\u00e4mma bort r\u00e4ven fr\u00e5n h\u00f6nsg\u00e5rden. Kaf\u00e9g\u00e4ster som satt sig i solen f\u00e5r ocks\u00e5 se dasset st\u00e4llas p\u00e5 plats. Nu har b\u00e5de h\u00f6nsen och grannen Gustavsson kommit fr\u00e5n skolan.<\/p>\n<p>\u00a9 <em>Text: Ann-Charlotte Sandelin<br \/>\n<\/em>\u00a9 <em>Foto: Sven \u00c5ke Molund och <\/em><em>Ann-Charlotte Sandelin<\/em><\/p>\n<p>BILDSPEL (FLASH) \u2013 KLICKA P\u00c5 BILDEN <em><br \/>\nALT\/MOBIL: SE BILDSPELET <a title=\"Bildspel\" href=\"https:\/\/www.flickr.com\/photos\/kultursidan\/sets\/72157669191911435\/show\/\" target=\"_blank\">H\u00c4R<\/a><\/em><br \/>\n<object width=\"400\" height=\"300\"><param name=\"flashvars\" value=\"offsite=true&amp;lang=en-us&amp;page_show_url=%2Fphotos%2Fkultursidan%2Fsets%2F72157669191911435%2Fshow%2F&amp;page_show_back_url=%2Fphotos%2Fkultursidan%2Fsets%2F72157669191911435%2F&amp;set_id=72157669191911435&amp;jump_to=\" \/><param name=\"movie\" value=\"https:\/\/www.flickr.com\/apps\/slideshow\/show.swf?v=1811922554\" \/><param name=\"allowFullScreen\" value=\"true\" \/><\/object><\/p>\n<blockquote>\n<h3><em>F\u00c4RGARG\u00c5RDEN Norrk\u00f6ping<\/em><\/h3>\n<p>4 juni \u2013 12 augusti 2016<em><br \/>\n<strong>Pettson &amp; Findus<\/strong><\/em><br \/>\n<em> Familjeteater fr\u00e5n 2 \u00e5r<\/em><br \/>\n<em> av Sven Nordqvist<\/em><br \/>\n<em> Regi: Carina Perenkranz<\/em><br \/>\n<em> Koreografi: Marcus Fyrberg<\/em><br \/>\n<em> Prod: Chopp Event<\/em><\/p>\n<p style=\"padding-left: 30px;\"><em>MEDVERKANDE<\/em><br \/>\n<em> Lasse Olofsson<\/em><br \/>\n<em> Julia Strandljung<\/em><br \/>\n<em> m.fl.<\/em><\/p>\n<h3><em>KN\u00c4PPINGSBORG Norrk\u00f6ping<\/em><\/h3>\n<p>29 maj, 27 och 28 juli 2016<em><br \/>\n<strong>Pippi p\u00e5 alls\u00e5ng!<\/strong><\/em><br \/>\n<em> Prod: Chopp Event<\/em><\/p><\/blockquote>\n<p>L\u00c4NKAR<br \/>\nChopp Event <a href=\"http:\/\/www.choppevent.se\/\" target=\"_blank\">hemsida<\/a> <a href=\"https:\/\/www.facebook.com\/groups\/222309853820\/?fref=ts\" target=\"_blank\">Facebook<\/a><br \/>\nMycket teatern\u00f6je \u00e4ven sommaren 2016 <a href=\"https:\/\/www.kultursidan.nu\/?p=25383\" target=\"_blank\">LISTA<\/a> Kultursidan.nu 26\/5 2016<\/p>\n","protected":false},"excerpt":{"rendered":"<p>NORRK\u00d6PING Solen skiner p\u00e5 F\u00e4rgarg\u00e5rden. Bland kaf\u00e9g\u00e4sterna r\u00f6r sig en katt. Typisk bondkatt med r\u00e4nder och vita fl\u00e4ckar i p\u00e4lsen, kl\u00e4dd i gr\u00f6na byxor och med en liten gr\u00f6n hatt p\u00e5 huvudet. Chopp event spelar Pettson &#038; Findus i sommar. <a class=\"continue-reading-link\" href=\"https:\/\/www.kultursidan.nu\/?p=25479\">L\u00e4s mer <span class=\"meta-nav\">&rarr; <\/span><\/a><\/p>\n","protected":false},"author":1001006,"featured_media":0,"comment_status":"closed","ping_status":"open","sticky":false,"template":"","format":"standard","meta":{"_jetpack_memberships_contains_paid_content":false,"footnotes":""},"categories":[7],"tags":[],"class_list":["post-25479","post","type-post","status-publish","format-standard","hentry","category-norrkoping"],"jetpack_featured_media_url":"","jetpack_sharing_enabled":true,"_links":{"self":[{"href":"https:\/\/www.kultursidan.nu\/index.php?rest_route=\/wp\/v2\/posts\/25479","targetHints":{"allow":["GET"]}}],"collection":[{"href":"https:\/\/www.kultursidan.nu\/index.php?rest_route=\/wp\/v2\/posts"}],"about":[{"href":"https:\/\/www.kultursidan.nu\/index.php?rest_route=\/wp\/v2\/types\/post"}],"author":[{"embeddable":true,"href":"https:\/\/www.kultursidan.nu\/index.php?rest_route=\/wp\/v2\/users\/1001006"}],"replies":[{"embeddable":true,"href":"https:\/\/www.kultursidan.nu\/index.php?rest_route=%2Fwp%2Fv2%2Fcomments&post=25479"}],"version-history":[{"count":0,"href":"https:\/\/www.kultursidan.nu\/index.php?rest_route=\/wp\/v2\/posts\/25479\/revisions"}],"wp:attachment":[{"href":"https:\/\/www.kultursidan.nu\/index.php?rest_route=%2Fwp%2Fv2%2Fmedia&parent=25479"}],"wp:term":[{"taxonomy":"category","embeddable":true,"href":"https:\/\/www.kultursidan.nu\/index.php?rest_route=%2Fwp%2Fv2%2Fcategories&post=25479"},{"taxonomy":"post_tag","embeddable":true,"href":"https:\/\/www.kultursidan.nu\/index.php?rest_route=%2Fwp%2Fv2%2Ftags&post=25479"}],"curies":[{"name":"wp","href":"https:\/\/api.w.org\/{rel}","templated":true}]}}