{"id":25613,"date":"2016-06-09T20:09:53","date_gmt":"2016-06-09T19:09:53","guid":{"rendered":"https:\/\/intelligent-friend-7861.standoutwp.com\/?p=25613"},"modified":"2016-06-09T20:09:53","modified_gmt":"2016-06-09T19:09:53","slug":"pelikanen-spelar-parkteater-for-alla-barn","status":"publish","type":"post","link":"https:\/\/www.kultursidan.nu\/?p=25613","title":{"rendered":"Pelikanen spelar parkteater f\u00f6r alla barn"},"content":{"rendered":"<p><img loading=\"lazy\" decoding=\"async\" class=\"alignnone size-medium wp-image-25614\" src=\"https:\/\/www.kultursidan.nu\/wp-content\/uploads\/2016\/06\/N-017-Eva-visar-program-567x377.jpg\" alt=\"Eva Carlsson\" width=\"567\" height=\"377\" srcset=\"https:\/\/www.kultursidan.nu\/wp-content\/uploads\/2016\/06\/N-017-Eva-visar-program-567x377.jpg 567w, https:\/\/www.kultursidan.nu\/wp-content\/uploads\/2016\/06\/N-017-Eva-visar-program-768x510.jpg 768w, https:\/\/www.kultursidan.nu\/wp-content\/uploads\/2016\/06\/N-017-Eva-visar-program-1024x680.jpg 1024w, https:\/\/www.kultursidan.nu\/wp-content\/uploads\/2016\/06\/N-017-Eva-visar-program-501x333.jpg 501w, https:\/\/www.kultursidan.nu\/wp-content\/uploads\/2016\/06\/N-017-Eva-visar-program-150x100.jpg 150w, https:\/\/www.kultursidan.nu\/wp-content\/uploads\/2016\/06\/N-017-Eva-visar-program.jpg 1280w\" sizes=\"auto, (max-width: 567px) 100vw, 567px\" \/><br \/>\n<em>Kl\u00e4dd f\u00f6r teater\u00e4ventyr. &#8221;Vi vill visa vad vi \u00e4r f\u00f6r slags teater&#8221;, s\u00e4ger Eva Carlsson i Teater Pelikanen n\u00e4r hon presenterar sommarens parkteater f\u00f6r de yngsta barnen.<\/em><\/p>\n<p>&nbsp;<\/p>\n<h1><span style=\"color: #ff0000;\">Nyanl\u00e4nda barn \u00e4r extra v\u00e4lkomna<\/span><\/h1>\n<p>&nbsp;<\/p>\n<p><strong><em>Sol-\u00c4gget<\/em> ligger och v\u00e4ntar i skogsgl\u00e4ntan.<\/strong> Fast i parken. <em>Kanel och Kanin<\/em> kommer. <em>Molly Blom<\/em> kommer. Och s\u00e5 <em>Kanel och Kanin<\/em> igen. Fyra olika upps\u00e4ttningar med sammanlagt tretton f\u00f6rest\u00e4llningar spelas runt om i kommunen med start p\u00e5 s\u00f6ndag i Vasaparken. Teater Pelikanen spelar i parkerna i sommar med gratis familjef\u00f6rest\u00e4llningar f\u00f6r alla barn, nyanl\u00e4nda barn \u00e4r extra v\u00e4lkomna.<\/p>\n<p>I torsdags sl\u00e4pptes programmet d\u00e4r f\u00f6rest\u00e4llningarna i Vasaparkens och Folkparken slagits ihop med de som bekostas av integrationsbidraget fr\u00e5n Norrk\u00f6pings kommun. Det blev en hel turn\u00e9.<\/p>\n<p><strong>Teater Pelikanen <\/strong><strong>uppm\u00e4rksammar barn och barns v\u00e4rldar och v\u00e4jer inte f\u00f6r allvarliga \u00e4mnen i sina upps\u00e4ttningar.<\/strong> De skriver ofta eget manus eller g\u00f6r dramaturgiska bearbetningar av barnb\u00f6cker och anv\u00e4nder specialskriven musik.<\/p>\n<p>Flera av pj\u00e4serna \u00e4r \u00e4ldre upps\u00e4ttningar som h\u00e4ngt med i flera \u00e5r, men vad g\u00f6r det n\u00e4r publiken st\u00e4ndigt f\u00f6ryngras. <em>Molly Blom<\/em> \u00e4r en crazy clownf\u00f6rest\u00e4llning om relationer, <em>Sol-\u00c4gget<\/em> en dr\u00f6msk historia med \u00e4lvor och grodor, och <em>Kanel &amp; Kanin<\/em> \u00e4r en mycket charmig och n\u00e4stan ordl\u00f6s f\u00f6rest\u00e4llning f\u00f6r de yngsta. I augusti har helt nya upps\u00e4ttningen <em>Kanel och Kanin 2 (och alla k\u00e4nslorna)<\/em> premi\u00e4r.<\/p>\n<p>Varje f\u00f6rest\u00e4llning avslutas med en dansworkshop och saftkalas f\u00f6r barnen!<\/p>\n<p><strong>En viktig m\u00e5lgrupp f\u00f6r sommarens f\u00f6rest\u00e4llningar \u00e4r asyls\u00f6kande familjer och deras barn.<\/strong> Teater Pelikanen s\u00f6ker kontakt med f\u00f6r\u00e4ldrarna f\u00f6r att f\u00e5 fram heml\u00e4ndska barnvisor. Man betonar att man v\u00e4nder sig till alla barnfamiljer och hoppas att teaterverksamheten kan bygga broar och f\u00f6rst\u00e5else mellan olika nationaliteter.<\/p>\n<p>\u2013 Vi har erfarenheten att parkerna \u00e4r bra platser f\u00f6r m\u00f6ten med barn och familjer, alla f\u00e5r vara med, s\u00e4ger Eva Carlsson i Teater Pelikanen.<\/p>\n<p>Flera f\u00f6rest\u00e4llningar spelas i Hageby d\u00e4r det finns m\u00e5nga asyls\u00f6kande boende men ocks\u00e5 i Kolm\u00e5rden (Orrekullag\u00e5rden vid Sandviken) och vid Turistg\u00e5rden i Lagerlunda finns p\u00e5 turn\u00e9planen ut\u00f6ver Vasaparken och Folkparken.<\/p>\n<p><strong>\u2013 Nu ska vi ut p\u00e5 turn\u00e9 till asylboendena f\u00f6r att tala med f\u00f6r\u00e4ldrarna.<\/strong> Vi hoppas att de vill hj\u00e4lpa till under och efter f\u00f6rest\u00e4llningarna, avslutar Eva Carlsson som fyllt bilen med affischer och flygblad.<\/p>\n<p>\u00a9 <em>Text: Sven \u00c5ke Molund och Ann-Charlotte Sandelin<br \/>\n<\/em>\u00a9 <em>Foto: <\/em><em>Sven \u00c5ke Molund<\/em><\/p>\n<blockquote>\n<h3><em>BARNTEATER I PARKEN Norrk\u00f6ping<\/em><\/h3>\n<p>Sommaren 2016<em><br \/>\n<strong>Kanel och Kanin 1<br \/>\nSol-\u00c4gget<br \/>\nMolly Blom<br \/>\nKanel och Kanin 2<br \/>\n<\/strong>Medverkande: Eva Carlsson, Marcho Marchev och Viktor Hedman<\/em><br \/>\n<em> Prod: Teater Pelikanen med st\u00f6d av Sensus och Norrk\u00f6pings kommun<\/em><\/p>\n<p style=\"padding-left: 30px;\"><em>TURNEPLAN<\/em><\/p>\n<p style=\"padding-left: 30px;\"><em><strong>Juni<\/strong><\/em><\/p>\n<p style=\"padding-left: 60px;\"><em>12\/6 kl 14 Vasaparken<\/em><br \/>\n<em> <strong>Kanel och Kanin 1<\/strong><\/em><\/p>\n<p style=\"padding-left: 60px;\"><em>14\/6 kl 14 Folkparken<\/em><br \/>\n<em> <strong>Sol-\u00c4gget<\/strong><\/em><\/p>\n<p style=\"padding-left: 60px;\"><em>15\/6 kl 13 Vasaparken<\/em><br \/>\n<em> <strong>Sol-\u00c4gget<\/strong><\/em><\/p>\n<p style=\"padding-left: 60px;\"><em>27\/6 kl 10 Hageby (Portalen)<\/em><br \/>\n<em> <strong>Kanel och Kanin 1<\/strong><\/em><\/p>\n<p style=\"padding-left: 60px;\"><em>28\/6 kl 14 Folkparken<\/em><br \/>\n<em> <strong>Molly Blom<\/strong><\/em><\/p>\n<p style=\"padding-left: 60px;\"><em>29\/6 kl 13 Vasaparken<\/em><br \/>\n<em> <strong>Molly Blom<\/strong><\/em><\/p>\n<p style=\"padding-left: 30px;\"><em><strong>Juli<br \/>\n<\/strong><\/em><\/p>\n<p style=\"padding-left: 60px;\"><em>17\/7 kl 14 Sandviken (Orrekullag\u00e5rden)<\/em><br \/>\n<em> <strong>Sol-\u00c4gget<\/strong><\/em><\/p>\n<p style=\"padding-left: 60px;\"><em>22\/7 kl 14 Hageby (Portalen)<\/em><br \/>\n<em> <strong>Molly Blom<\/strong><\/em><\/p>\n<p style=\"padding-left: 30px;\"><em><strong>Augusti<br \/>\n<\/strong><\/em><\/p>\n<p style=\"padding-left: 60px;\"><em>5\/8 kl 10 Hageby (Portalen)<\/em><br \/>\n<em> <strong>Kanel och Kanin 2<\/strong><\/em><\/p>\n<p style=\"padding-left: 60px;\"><em>7\/8 kl 14 Get\u00e5<\/em><br \/>\n<em> <strong>Kanel och Kanin 2<\/strong><\/em><\/p>\n<p style=\"padding-left: 60px;\"><em>9\/8 kl 14 Folkparken <\/em><br \/>\n<em> <strong>Kanel och Kanin 2<\/strong><\/em><\/p>\n<p style=\"padding-left: 60px;\"><em>14\/8 kl 14 Lagerlunda (Tr\u00e4ffpunkten)<\/em><br \/>\n<em> <strong>Kanel och Kanin 2<\/strong><\/em><\/p>\n<p style=\"padding-left: 60px;\"><em>21\/8 kl 14 Ektorp (Vattentornet)<\/em><br \/>\n<em> <strong>Kanel och Kanin 2<\/strong><\/em><\/p>\n<\/blockquote>\n<p style=\"padding-left: 30px;\">L\u00c4NKAR<br \/>\nTeater Pelikanen <a href=\"http:\/\/www.teaterpelikanen.se\" target=\"_blank\">hemsida<\/a> <a href=\"https:\/\/www.facebook.com\/teater.pelikanen\/?fref=ts\" target=\"_blank\">Facebook<\/a><br \/>\nMycket teatern\u00f6je \u00e4ven sommaren 2016 <a href=\"https:\/\/www.kultursidan.nu\/?p=25383\" target=\"_blank\">LISTA<\/a> Kultursidan.nu 26\/5 2016<\/p>\n","protected":false},"excerpt":{"rendered":"<p>NORRK\u00d6PING Sol-\u00c4gget ligger och v\u00e4ntar i skogsgl\u00e4ntan. Fast i parken. Kanel och Kanin kommer. Molly Blom kommer. Teater Pelikanen turnerar i parkerna i sommar med familjef\u00f6rest\u00e4llningar f\u00f6r alla barn, nyanl\u00e4nda barn \u00e4r extra v\u00e4lkomna. <a class=\"continue-reading-link\" href=\"https:\/\/www.kultursidan.nu\/?p=25613\">L\u00e4s mer <span class=\"meta-nav\">&rarr; <\/span><\/a><\/p>\n","protected":false},"author":1001006,"featured_media":0,"comment_status":"closed","ping_status":"open","sticky":false,"template":"","format":"standard","meta":{"_jetpack_memberships_contains_paid_content":false,"footnotes":""},"categories":[7],"tags":[37,12],"class_list":["post-25613","post","type-post","status-publish","format-standard","hentry","category-norrkoping","tag-barnkultur","tag-teater"],"jetpack_featured_media_url":"","jetpack_sharing_enabled":true,"_links":{"self":[{"href":"https:\/\/www.kultursidan.nu\/index.php?rest_route=\/wp\/v2\/posts\/25613","targetHints":{"allow":["GET"]}}],"collection":[{"href":"https:\/\/www.kultursidan.nu\/index.php?rest_route=\/wp\/v2\/posts"}],"about":[{"href":"https:\/\/www.kultursidan.nu\/index.php?rest_route=\/wp\/v2\/types\/post"}],"author":[{"embeddable":true,"href":"https:\/\/www.kultursidan.nu\/index.php?rest_route=\/wp\/v2\/users\/1001006"}],"replies":[{"embeddable":true,"href":"https:\/\/www.kultursidan.nu\/index.php?rest_route=%2Fwp%2Fv2%2Fcomments&post=25613"}],"version-history":[{"count":0,"href":"https:\/\/www.kultursidan.nu\/index.php?rest_route=\/wp\/v2\/posts\/25613\/revisions"}],"wp:attachment":[{"href":"https:\/\/www.kultursidan.nu\/index.php?rest_route=%2Fwp%2Fv2%2Fmedia&parent=25613"}],"wp:term":[{"taxonomy":"category","embeddable":true,"href":"https:\/\/www.kultursidan.nu\/index.php?rest_route=%2Fwp%2Fv2%2Fcategories&post=25613"},{"taxonomy":"post_tag","embeddable":true,"href":"https:\/\/www.kultursidan.nu\/index.php?rest_route=%2Fwp%2Fv2%2Ftags&post=25613"}],"curies":[{"name":"wp","href":"https:\/\/api.w.org\/{rel}","templated":true}]}}