{"id":25749,"date":"2016-06-20T21:29:24","date_gmt":"2016-06-20T20:29:24","guid":{"rendered":"https:\/\/intelligent-friend-7861.standoutwp.com\/?p=25749"},"modified":"2016-06-21T08:00:34","modified_gmt":"2016-06-21T07:00:34","slug":"filippas-avsked-och-ankomst-i-vadstena-recension","status":"publish","type":"post","link":"https:\/\/www.kultursidan.nu\/?p=25749","title":{"rendered":"Filippas avsked och ankomst i Vadstena (recension)"},"content":{"rendered":"<p><img loading=\"lazy\" decoding=\"async\" class=\"alignnone size-medium wp-image-25751\" src=\"https:\/\/www.kultursidan.nu\/wp-content\/uploads\/2016\/06\/DSC_8558-567x378.jpg\" alt=\"Familjen Lancaster\" width=\"567\" height=\"378\" srcset=\"https:\/\/www.kultursidan.nu\/wp-content\/uploads\/2016\/06\/DSC_8558-567x378.jpg 567w, https:\/\/www.kultursidan.nu\/wp-content\/uploads\/2016\/06\/DSC_8558-768x512.jpg 768w, https:\/\/www.kultursidan.nu\/wp-content\/uploads\/2016\/06\/DSC_8558-1024x682.jpg 1024w, https:\/\/www.kultursidan.nu\/wp-content\/uploads\/2016\/06\/DSC_8558-500x333.jpg 500w, https:\/\/www.kultursidan.nu\/wp-content\/uploads\/2016\/06\/DSC_8558-150x100.jpg 150w, https:\/\/www.kultursidan.nu\/wp-content\/uploads\/2016\/06\/DSC_8558.jpg 1280w\" sizes=\"auto, (max-width: 567px) 100vw, 567px\" \/><br \/>\n<em>Familjen Lancaster. Henke, pappa kungen och Filippa, i rollerna <\/em><em><em>Dasha Nikiforova, <\/em><\/em><em><em>Isa Aouifia och <\/em><\/em><em>Parwin Hoseinia.<br \/>\n<\/em><\/p>\n<p>&nbsp;<\/p>\n<h1><span style=\"color: #ff0000;\">Tjejen som giftes bort med Erik av Pommern<\/span><\/h1>\n<p>&nbsp;<\/p>\n<p><strong>Hon ville bli kung men blev drottning.<\/strong> 20-\u00e5rsjubilerande Shakespeare p\u00e5 Gr\u00e4sg\u00e5rden spelar \u00e4ven barnteater i sommar. Filippa fr\u00e5n England var dotter till Henrik IV, Englands kung. Redan som barn giftes hon bort med Erik av Pommern, kung \u00f6ver Sverige, Norge och Danmark.<\/p>\n<p><strong>Det \u00e4r ett energiknippe vi m\u00f6ter n\u00e4r vi kliver ut i dagsljuset.<\/strong> Filippa \u00e4r tio \u00e5r och arg. Det \u00e4r or\u00e4ttvist \u2013 varf\u00f6r f\u00e5r inte hon bli kung n\u00e4r hon \u00e4r s\u00e5 mycket b\u00e4ttre p\u00e5 allt \u00e4n brorsan?<\/p>\n<p>\u2013 Min bror Henke! Han ba!, s\u00e4ger Filippa och imiterar hans gn\u00e4ll.<br \/>\n\u2013 Jag ba, forts\u00e4tter hon och utst\u00f6ter energiska rop.<\/p>\n<p>&nbsp;<\/p>\n<p><a title=\"Filippa\" href=\"https:\/\/www.flickr.com\/photos\/kultursidan\/27184851123\/in\/album-72157669456513432\/\"><img loading=\"lazy\" decoding=\"async\" src=\"https:\/\/c4.staticflickr.com\/8\/7391\/27184851123_104d4061f7.jpg\" alt=\"Filippa\" width=\"333\" height=\"500\" \/><\/a><br \/>\n<em>I h\u00f6gsta hugg. Filippa \u00e4r bara b\u00e4st.<\/em><\/p>\n<p>&nbsp;<\/p>\n<p><strong>Vandringsteatern <em>Filippa<\/em> har startat inifr\u00e5n den m\u00e4ktiga Klosterkyrkan i Vadstena.<\/strong> Det har g\u00e5tt drygt 586 \u00e5r sedan hon lades till vila i S:t Annas kapell, drottningarnas gravkor. Sk\u00e5despelaren som rest sig fr\u00e5n graven \u00e4r mer komisk \u00e4n skr\u00e4mmande.<\/p>\n<p>\u2013 Gud ske pris!, s\u00e4ger den bastanta drottningen som f\u00f6rs\u00f6ker f\u00e5 ordning p\u00e5 sl\u00f6jorna.<br \/>\n\u2013 Jag heter Filippa och jag bor h\u00e4r i koret. Det d\u00e4r \u00e4r jag, s\u00e4ger hon och pekar p\u00e5 f\u00f6nstrets glasm\u00e5lning.<\/p>\n<p><strong>Men nu ska vi f\u00e5 m\u00f6ta hennes yngre jag p\u00e5 andra sidan N\u00e5dens och \u00c4rans port.<\/strong> Klosterkyrkans lilla sidod\u00f6rr med det h\u00f6gtidliga namnet leder direkt ut i dagsljuset mot Gr\u00e4sg\u00e5rden och Bj\u00e4lbopalatset. Det fanns redan d\u00e5 p\u00e5 1400-talet och f\u00f6r mig som \u00e4r vuxen och kan lite om historien \u00e4r det magiskt. Filippa, det uppr\u00f6rda energiknippet, \u00e4r d\u00e4remot en mycket reell tjej.<\/p>\n<p>\u2013 D\u00e4r \u00e4r ni! Ni kan sitta h\u00e4r, h\u00e4r, h\u00e4r, h\u00e4r, h\u00e4r, h\u00e4r, sprutar hon ur sig och sl\u00e5r med sv\u00e4rdet p\u00e5 den l\u00e5ga muren som omg\u00e4rdar Gr\u00e4sg\u00e5rden.<\/p>\n<p>Vad kan en kung best\u00e4mma \u00f6ver? Varf\u00f6r f\u00e5r Filippa inte bli kung? Varf\u00f6r m\u00e5ste hon gifta sig?<\/p>\n<p>\u2013 Jag \u00e4r bara ett barn. Jag vill best\u00e4mma sj\u00e4lv!<br \/>\n\u2013 Fy s\u00e5 fula ord!, s\u00e4ger pappa Henrik och f\u00e5r n\u00e4stan krupp av dotterns n\u00e4svishet.<\/p>\n<p><strong>De stora och tunga fr\u00e5gorna om statsbygge, j\u00e4mlikhet och barn\u00e4ktenskap till trots \u2013 avsked och ankomst \u00e4r det som genomsyrar f\u00f6rest\u00e4llningen, p\u00e5 flera plan.<\/strong> Filippa m\u00e5ste s\u00e5 sm\u00e5ningom l\u00e4mna hemlandet, och publiken, s\u00e4rskilt d\u00e5 barnen, reser med henne. D\u00e4r det \u00e4r radikala hugg i livet f\u00f6r Filippa smyger f\u00f6rest\u00e4llningen in barnens symboliska avsked fr\u00e5n f\u00f6r\u00e4ldrarna med lek, steg f\u00f6r steg \u2013 skickligt!<\/p>\n<p>Avskedet vid stranden \u2013 vi har g\u00e5tt fr\u00e5n Bj\u00e4lbopalatser genom parken \u2013 \u00e4r b\u00e5de vackert och vemodigt. V\u00e4tterns bl\u00e5a yta \u00e4r stor som Nordsj\u00f6n, ja rentav stor som Medelhavet, t\u00e4nker jag och det hugger i mig.<\/p>\n<p>&nbsp;<\/p>\n<p><a title=\"Publiken stannar utanf\u00f6r det inh\u00e4gnade gravkoret.\" href=\"https:\/\/www.flickr.com\/photos\/kultursidan\/27517513180\/in\/album-72157669456513432\/\"><img loading=\"lazy\" decoding=\"async\" src=\"https:\/\/c5.staticflickr.com\/8\/7587\/27517513180_a886c9fccf.jpg\" alt=\"Publiken stannar utanf\u00f6r det inh\u00e4gnade gravkoret.\" width=\"500\" height=\"333\" \/><\/a><br \/>\n<em>H\u00e4r vilar Filippa av England. Publiken stannar utanf\u00f6r det inh\u00e4gnade gravkoret.<\/em><\/p>\n<p>&nbsp;<\/p>\n<p><strong>Sk\u00e5despelarna \u00e4r personer som ocks\u00e5 de upplevt starka avsked och ankomster.<\/strong> De spelar ut med kraft och en rej\u00e4l dos komik. Parwin Hoseinia gestaltar med str\u00e5lande energi en Filippa av i dag, en tuff, fr\u00e4n och stark tjej som s\u00e4ger vad hon tycker men ocks\u00e5 anpassar sig efter situationen. Dasha Nikiforova spelar b\u00e5de den bortsk\u00e4mda lipsillen Henke och den konstige kung Erik, som \u00e4ter konstig mat och har konstiga kl\u00e4der.<\/p>\n<p>\u2013 Att hatten har sneda fj\u00e4drar, n\u00e4r det ska vara en fj\u00e4der som st\u00e5r rakt upp!, dissar Filippa Eriks m\u00e4rkliga mode.<\/p>\n<p>Isa Aouifia \u00e4r inte bara den dominanta pappan Henrik IV, kl\u00e4dd i gosedjursmantel. Det \u00e4r ocks\u00e5 han som \u00e4r den \u00e5teruppst\u00e5ndna drottningen vi m\u00f6tte i Klosterkyrkan. Till sist \u00e4r han drottning Margareta som tar emot Filippa n\u00e4r hon kommer till det nya landet. \u201dJalla, hala\u2026\u201d b\u00f6rjar lektionen i det nya fr\u00e4mmande spr\u00e5ket. Vi f\u00f6rs\u00f6ker vi ocks\u00e5.<\/p>\n<p><strong>\u2013 F\u00f6r mig var det j\u00e4tteviktigt att anknyta till dagens situation med barn p\u00e5 flykt,<\/strong> s\u00e4ger regiss\u00f6ren Johanna Lazcano efter premi\u00e4ren.<\/p>\n<p>Hon har samarbetat t\u00e4tt ihop med dramatikern Cristina Gottfridsson. Filippa var dotter till Henrik IV. Och <em>Henrik IV<\/em> ocks\u00e5 \u00e4r titeln p\u00e5 det Shakespearedrama som Shakespeare p\u00e5 Gr\u00e4sg\u00e5rden s\u00e4tter upp i sommar. En smart kombination \u2013 t\u00e4nk att den \u00e4r m\u00f6jlig?! \u00c4ven om vandringsteatern \u00e4r tecknad med grova drag f\u00f6ljer den Filippas tidiga historia.<\/p>\n<p>\u2013 Hon kunde m\u00e5nga spr\u00e5k och var driftig. N\u00e4r Erik var ute och krigade s\u00e5 ledde hon landet och var krigsstrateg, ber\u00e4ttar Johanna Lazcano som l\u00e4st p\u00e5 i den biografi om den svenska drottningen som regerade som en hel kung, som kom ut h\u00e4rom\u00e5ret.<\/p>\n<p><strong>Jag g\u00e5r tillbaka till Klosterkyrkan. <\/strong>Tar en f\u00f6rnyad titt p\u00e5 den stora gravstenen som \u00e4r inh\u00e4gnad av rep. Filippas namn hittar jag inte i de sv\u00e5rtydda bokst\u00e4verna, men ordet Anglia g\u00e5r att uttyda. Filippa av England, drottning av Sverige, Norge och Danmark.<\/p>\n<p>\u00a9 <em>Text: Ann-Charlotte Sandelin<br \/>\n<\/em>\u00a9 <em>Foto: Patrik Persson och <\/em><em>Ann-Charlotte Sandelin<\/em><\/p>\n<p>BILDSPEL (FLASH) \u2013 KLICKA P\u00c5 BILDEN <em><br \/>\nALT\/MOBIL: SE BILDSPELET <a title=\"Bildspel\" href=\"https:\/\/www.flickr.com\/photos\/kultursidan\/sets\/72157669456513432\/show\/\" target=\"_blank\">H\u00c4R<\/a><\/em><br \/>\n<object width=\"400\" height=\"300\"><param name=\"flashvars\" value=\"offsite=true&amp;lang=en-us&amp;page_show_url=%2Fphotos%2Fkultursidan%2Fsets%2F72157669456513432%2Fshow%2F&amp;page_show_back_url=%2Fphotos%2Fkultursidan%2Fsets%2F72157669456513432%2F&amp;set_id=72157669456513432&amp;jump_to=\" \/><param name=\"movie\" value=\"https:\/\/www.flickr.com\/apps\/slideshow\/show.swf?v=1811922554\" \/><param name=\"allowFullScreen\" value=\"true\" \/><\/object><\/p>\n<blockquote>\n<h3><em>GR\u00c4SG\u00c5RDEN Vadstena<\/em><\/h3>\n<p><em>18 juni \u2013 31 juli 2016<br \/>\n<strong>Filippa<\/strong><\/em><br \/>\n<em> En \u00a0\u00e4ventyrsvandring f\u00f6r barn fr\u00e5n 6 \u00e5r<\/em><br \/>\n<em> Av Cristina Gottfridsson<\/em><br \/>\n<em> Regi: Johanna Lazcano<br \/>\nKostym: \u00c5sa Norman, Evelina Hedin<\/em><br \/>\n<em> Musik: Tim Lundblad<\/em><br \/>\n<em> Teknik: Sebastian L\u00f6nberg<br \/>\nArr: Shakespeare p\u00e5 Gr\u00e4sg\u00e5rden<\/em><\/p>\n<p style=\"padding-left: 30px;\"><em>SK\u00c5DESPELARE<\/em><br \/>\n<em> Parwin Hoseinia<\/em><br \/>\n<em> Isa Aouifia<\/em><br \/>\n<em> Dasha Nikiforova<\/em><\/p>\n<\/blockquote>\n<p>L\u00c4NKAR<br \/>\nFilippa av England <a href=\"https:\/\/sv.wikipedia.org\/wiki\/Filippa_av_England\" target=\"_blank\">Wikipedia<\/a><br \/>\nErik av Pommern <a href=\"https:\/\/sv.wikipedia.org\/wiki\/Erik_av_Pommern\" target=\"_blank\">Wikipedia<\/a><br \/>\nShakespeare p\u00e5 Gr\u00e4sg\u00e5rden <a href=\"http:\/\/shpg.se\/\" target=\"_blank\">hemsida<\/a> <a href=\"https:\/\/www.facebook.com\/Shakespearepagrasgarden\/?ref=ts&amp;fref=ts\" target=\"_blank\">Facebook<\/a><br \/>\nMycket teatern\u00f6je \u00e4ven sommaren 2016 <a href=\"https:\/\/www.kultursidan.nu\/?p=25383\" target=\"_blank\">LISTA<\/a> Kultursidan.nu 26\/5 2016<\/p>\n","protected":false},"excerpt":{"rendered":"<p>VADSTENA Hon ville bli kung men blev drottning. 20-\u00e5rsjubilerande Shakespeare p\u00e5 Gr\u00e4sg\u00e5rden spelar \u00e4ven barnteater i sommar. Energiknippet Filippa fr\u00e5n England var dotter till Henrik IV, tio \u00e5r gammal giftes hon bort med Erik av Pommern. <a class=\"continue-reading-link\" href=\"https:\/\/www.kultursidan.nu\/?p=25749\">L\u00e4s mer <span class=\"meta-nav\">&rarr; <\/span><\/a><\/p>\n","protected":false},"author":1001006,"featured_media":0,"comment_status":"closed","ping_status":"open","sticky":false,"template":"","format":"standard","meta":{"_jetpack_memberships_contains_paid_content":false,"footnotes":""},"categories":[72],"tags":[37,12],"class_list":["post-25749","post","type-post","status-publish","format-standard","hentry","category-vadstena","tag-barnkultur","tag-teater"],"jetpack_featured_media_url":"","jetpack_sharing_enabled":true,"_links":{"self":[{"href":"https:\/\/www.kultursidan.nu\/index.php?rest_route=\/wp\/v2\/posts\/25749","targetHints":{"allow":["GET"]}}],"collection":[{"href":"https:\/\/www.kultursidan.nu\/index.php?rest_route=\/wp\/v2\/posts"}],"about":[{"href":"https:\/\/www.kultursidan.nu\/index.php?rest_route=\/wp\/v2\/types\/post"}],"author":[{"embeddable":true,"href":"https:\/\/www.kultursidan.nu\/index.php?rest_route=\/wp\/v2\/users\/1001006"}],"replies":[{"embeddable":true,"href":"https:\/\/www.kultursidan.nu\/index.php?rest_route=%2Fwp%2Fv2%2Fcomments&post=25749"}],"version-history":[{"count":0,"href":"https:\/\/www.kultursidan.nu\/index.php?rest_route=\/wp\/v2\/posts\/25749\/revisions"}],"wp:attachment":[{"href":"https:\/\/www.kultursidan.nu\/index.php?rest_route=%2Fwp%2Fv2%2Fmedia&parent=25749"}],"wp:term":[{"taxonomy":"category","embeddable":true,"href":"https:\/\/www.kultursidan.nu\/index.php?rest_route=%2Fwp%2Fv2%2Fcategories&post=25749"},{"taxonomy":"post_tag","embeddable":true,"href":"https:\/\/www.kultursidan.nu\/index.php?rest_route=%2Fwp%2Fv2%2Ftags&post=25749"}],"curies":[{"name":"wp","href":"https:\/\/api.w.org\/{rel}","templated":true}]}}