{"id":25768,"date":"2016-06-21T20:27:18","date_gmt":"2016-06-21T19:27:18","guid":{"rendered":"https:\/\/intelligent-friend-7861.standoutwp.com\/?p=25768"},"modified":"2016-06-21T20:27:18","modified_gmt":"2016-06-21T19:27:18","slug":"sythercopie-spelar-rasmus-pa-luffen-i-ar","status":"publish","type":"post","link":"https:\/\/www.kultursidan.nu\/?p=25768","title":{"rendered":"Sythercopie spelar Rasmus p\u00e5 luffen i \u00e5r"},"content":{"rendered":"<p><img loading=\"lazy\" decoding=\"async\" class=\"alignnone size-medium wp-image-25769\" src=\"https:\/\/www.kultursidan.nu\/wp-content\/uploads\/2016\/06\/DSCF6453-567x378.jpg\" alt=\"Fr\u00f6ken H\u00f6k och Rasmus\" width=\"567\" height=\"378\" srcset=\"https:\/\/www.kultursidan.nu\/wp-content\/uploads\/2016\/06\/DSCF6453-567x378.jpg 567w, https:\/\/www.kultursidan.nu\/wp-content\/uploads\/2016\/06\/DSCF6453-768x512.jpg 768w, https:\/\/www.kultursidan.nu\/wp-content\/uploads\/2016\/06\/DSCF6453-1024x682.jpg 1024w, https:\/\/www.kultursidan.nu\/wp-content\/uploads\/2016\/06\/DSCF6453-500x333.jpg 500w, https:\/\/www.kultursidan.nu\/wp-content\/uploads\/2016\/06\/DSCF6453-150x100.jpg 150w, https:\/\/www.kultursidan.nu\/wp-content\/uploads\/2016\/06\/DSCF6453.jpg 1280w\" sizes=\"auto, (max-width: 567px) 100vw, 567px\" \/><br \/>\n<em>Inspektion. Rasmus (Albin M\u00e4rsund) har ett anstr\u00e4ngt f\u00f6rh\u00e5llande till Fr\u00f6ken H\u00f6k (Henny Helsing).<\/em><\/p>\n<p>&nbsp;<\/p>\n<h1><span style=\"color: #ff0000;\">&#8221;Vad barn m\u00e5ste g\u00e5 igenom f\u00f6r att bli sedda&#8221;<\/span><\/h1>\n<p>&nbsp;<\/p>\n<p><strong>Vad ett barn m\u00e5ste g\u00e5 igenom f\u00f6r att f\u00e5 k\u00e4rlek och bli sett.<\/strong> Det \u00e4r vad <em>Rasmus p\u00e5 luffen<\/em> handlar om, Teater Sythercopies familjef\u00f6rest\u00e4llning i sommar. N\u00e4r ensemblen repeterar hoppas Rasmus f\u00e5 rika och vackra f\u00f6r\u00e4ldrar men det blir en fattig luffare han sl\u00e5r f\u00f6lje med.<\/p>\n<p>Astrid Lindgren med Teater Sythercopie \u00e4r en stark sommartradition. \u00c4ven i \u00e5r utspelas en sp\u00e4nnande historia p\u00e5 Wallbergska g\u00e5rden mitt i S\u00f6derk\u00f6ping. Ensemblen har b\u00f6rjat repetera utomhus samtidigt som kulisser och publikens sittplatser v\u00e4xer fram p\u00e5 g\u00e5rdsplanen. Premi\u00e4r strax f\u00f6re m\u00e5nadsskiftet juni-juli.<\/p>\n<p>&nbsp;<\/p>\n<p><a title=\"Rasmus p\u00e5 luffen\" href=\"https:\/\/www.flickr.com\/photos\/kultursidan\/27741478071\/in\/album-72157669967054426\/\"><img loading=\"lazy\" decoding=\"async\" src=\"https:\/\/c8.staticflickr.com\/8\/7208\/27741478071_0c241fdc15.jpg\" alt=\"Rasmus p\u00e5 luffen\" width=\"500\" height=\"333\" \/><\/a><br \/>\n<em>Regiss\u00f6r med back-up. Frida Nystr\u00f6m leder arbetet med sk\u00e5despelarna. I bakgrunden finns manusf\u00f6rfattaren Mats Hudd\u00e9n att fr\u00e5ga till r\u00e5ds.<\/em><\/p>\n<p>&nbsp;<\/p>\n<p><strong>\u2013 Astrid Lindgren var s\u00e5 bra p\u00e5 att st\u00e5 p\u00e5 barnens sida<\/strong>. T\u00e4nk p\u00e5 Emil och Rasmus som k\u00e4mpar i tillvaron, ibland mot de vuxna. N\u00e4r det st\u00e4lls p\u00e5 sin spets s\u00e5 \u00e4r det vad barnen m\u00e5ste g\u00e5 igenom f\u00f6r att f\u00e5 k\u00e4rlek och bli sedda, s\u00e4ger Mats Hudd\u00e9n som skrivit manus.<\/p>\n<p>Han finns ocks\u00e5 med under repetitionerna som mentor f\u00f6r regiss\u00f6ren Frida Nystr\u00f6m. Som om hon skulle beh\u00f6va en s\u00e5dan, t\u00e4nker jag om verksamhetsledaren f\u00f6r Kvartersteatern i Norrk\u00f6ping som regisserar minst tre f\u00f6rest\u00e4llningar per \u00e5r och st\u00f6ttar m\u00e5nga fler.<\/p>\n<p>\u2013 Det \u00e4r superkul med Mats som mentor igen. Det \u00e4r berikande att ha n\u00e5got att fr\u00e5ga och att f\u00f6ra samtal med. Lyxigt!, kontrar Frida Nystr\u00f6m.<\/p>\n<p><strong>F\u00f6rra \u00e5ret var f\u00f6rsta d\u00e5 hon g\u00e4stade Sythercopie och regisserade <em>Emil<\/em> <em>i L\u00f6nneberga<\/em>.<\/strong> Det f\u00f6ll v\u00e4l ut och nu forts\u00e4tter samarbetet. Emil \u00e4r ocks\u00e5 med, nejvisst, det \u00e4r Albin M\u00e4rsund som spelat Emil b\u00e5de med Chopp event i Norrk\u00f6ping och med Sythercopie, och som nu tar sig an rollen som Rasmus.<\/p>\n<p>\u2013 Emil t\u00e4nkte inte p\u00e5 att det han gjorde blev hyss. Rasmus\u2026 det \u00e4r lite mer synd om Rasmus, j\u00e4mf\u00f6r Albin M\u00e4rsund.<\/p>\n<p>Albin \u00e4r en erfaren sk\u00e5despelare vid det h\u00e4r laget, men s\u00e5 b\u00f6rjade han tidigt.<\/p>\n<p>\u2013 Jag b\u00f6rjade hemma, f\u00f6rst f\u00f6r kompisar och f\u00f6r mamma och pappa, f\u00f6rklarar Albin.<\/p>\n<p><strong>Sjunger g\u00f6r han ocks\u00e5.<\/strong> Vid f\u00f6rsta m\u00f6tet med Paradis-Oskar, sjunger de \u201dVar skog har nog sin k\u00e4lla\u201d, visan <em>Hj\u00e4rtats saga<\/em>, s\u00e5 intet \u00f6ga blir torrt. \u00c5tminstone t\u00e4nker sig Paradis-Oskar det n\u00e4r han ska spela f\u00f6r pigor och fruar och f\u00e5 en slant.<\/p>\n<p>\u2013 Rasmus letar efter nya f\u00f6r\u00e4ldrar, rika och vackra, f\u00f6rklarar Tim Brodin som spelar luffaren Paradis-Oskar och som blir den Rasmus sl\u00e5r f\u00f6lje med ist\u00e4llet.<\/p>\n<p>\u2013 F\u00f6rst \u00e4r jag lite r\u00e4dd f\u00f6r dig. Sen l\u00e4r jag k\u00e4nna honom och\u00a0 tycker om honom mer och mer, beskriver Albin M\u00e4rsund relationens utveckling.<\/p>\n<p>&nbsp;<\/p>\n<p><a title=\"Rasmus p\u00e5 luffen\"><img loading=\"lazy\" decoding=\"async\" src=\"https:\/\/c6.staticflickr.com\/8\/7487\/27741477941_d9ea876056.jpg\" alt=\"Rasmus p\u00e5 luffen\" width=\"500\" height=\"333\" \/><\/a><br \/>\n<em>P\u00e5 h\u00f6skullen, fast den inte \u00e4r byggd \u00e4nnu. Paradis-Oskar och Rasmus bekantar sig med varandra. Tim Brodin och Albin M\u00e4rsund i rollerna. <\/em><\/p>\n<p>&nbsp;<\/p>\n<p><strong>\u00c4ven Tim Brodin har varit med f\u00f6rr, han och det r\u00f6da dragspelet var med i <em>Emil i L\u00f6nneberga <\/em>f\u00f6rra \u00e5ret.<\/strong> D\u00e5 spelade han dr\u00e4ngen Alfred och nu \u00e4r han \u00e5ter huvudrollens vuxenkompis. Han och ytterligare en rad av sk\u00e5despelarna kommer fr\u00e5n Kvartersteatern i Norrk\u00f6ping.<\/p>\n<p>\u2013 Kul att spela utomhusteater s\u00e5 h\u00e4r p\u00e5 sommaren, kommenterar Frida Nystr\u00f6m.<\/p>\n<p><strong>Det passar bra f\u00f6r Teater Sythercopie som mest satsar p\u00e5 teater med sina vuxna medlemmar<\/strong> med <em>Kr\u00f6nikespel<\/em> under G\u00e4stabudet och historisk promenadteater i samarbete med S:t Ragnhilds Gille.<\/p>\n<p>N\u00e4r det g\u00e4ller familjef\u00f6rest\u00e4llningarna \u00e4r Sythercopies styrka att producera dem, st\u00e5 f\u00f6r byggen, kostymer och publikarbete.<\/p>\n<p>\u2013 Det \u00e4r st\u00e4ndigt en fr\u00e5ga om att hitta l\u00e4mpliga personer, s\u00e4ger producenten Carl Gustav Pettersson.<\/p>\n<p><strong>Tillbaka till repetitionerna i den halvf\u00e4rdiga kulissen p\u00e5 g\u00e5rdsplanen.<\/strong> Frida f\u00f6ljer med i manus d\u00e4r Rasmus g\u00e5ng efter annan krockar med strama fr\u00f6ken H\u00f6k som best\u00e4mmer p\u00e5 barnhemmet. Han och alla de andra barnen l\u00e4ngtar efter att f\u00e5 egna f\u00f6r\u00e4ldrar. Besvikelsen blir stor n\u00e4r det senaste barnl\u00f6sa paret \u00e5ter valt en flicka. D\u00e5 best\u00e4mmer han sig f\u00f6r att rymma.<\/p>\n<p>\u2013 Jag har alltid velat ber\u00e4tta om m\u00e4nniskor som \u00e4r utanf\u00f6r och vill bli sedda. Det handlar om kampen mellan ont och gott, jag har st\u00e4llt mig p\u00e5 barnens sida, ber\u00e4ttar Mats Hudd\u00e9n som skrev manuset f\u00f6r m\u00e5nga \u00e5r sedan n\u00e4r han h\u00f6ll i barnteatern i Gamla Link\u00f6ping.<\/p>\n<p>\u00a9 <em>Text och foto: Ann-Charlotte Sandelin<\/em><\/p>\n<p>BILDSPEL (FLASH) \u2013 KLICKA P\u00c5 BILDEN <em><br \/>\nALT\/MOBIL: SE BILDSPELET <a title=\"Bildspel\" href=\"https:\/\/www.flickr.com\/photos\/kultursidan\/sets\/72157669967054426\/show\/\" target=\"_blank\">H\u00c4R<\/a><\/em><br \/>\n<object width=\"400\" height=\"300\"><param name=\"flashvars\" value=\"offsite=true&amp;lang=en-us&amp;page_show_url=%2Fphotos%2Fkultursidan%2Fsets%2F72157669967054426%2Fshow%2F&amp;page_show_back_url=%2Fphotos%2Fkultursidan%2Fsets%2F72157669967054426%2F&amp;set_id=72157669967054426&amp;jump_to=\" \/><param name=\"movie\" value=\"https:\/\/www.flickr.com\/apps\/slideshow\/show.swf?v=1811922554\" \/><param name=\"allowFullScreen\" value=\"true\" \/><\/object><\/p>\n<blockquote>\n<h3><em>WALLBERGSKA G\u00c5RDEN S\u00f6derk\u00f6ping<\/em><\/h3>\n<p>29 juni \u2013 16 juli 2016<em><br \/>\n<strong>Rasmus p\u00e5 luffen<\/strong><br \/>\nav Mats Hudd\u00e9n efter Astrid Lindgren<\/em><br \/>\n<em> Regi: Frida Nystr\u00f6m<\/em><br \/>\n<em> Producent: Carl Gustav Pettersson<\/em><br \/>\n<em> Producentassistent: Boel M\u00e4rsund<\/em><br \/>\n<em> Rekvisita: Boel M\u00e4rsund<\/em><br \/>\n<em> Kostym: Carola Fogelgren<\/em><br \/>\n<em> Musikinstudering: Thorbj\u00f6rn Alexandersson<\/em><br \/>\n<em> Musiker: Jacob Hudd\u00e9n <\/em><br \/>\n<em> Prod: Teater Sythercopie<\/em><\/p>\n<p style=\"padding-left: 30px;\"><em>SK\u00c5DESPELARE<\/em><br \/>\n<em> <strong>Rasmus<\/strong> \u2013 Albin M\u00e4rsund<\/em><br \/>\n<em> <strong>Paradis-Oskar<\/strong> \u2013 Tim Brodin<\/em><br \/>\n<em> <strong>Fr\u00f6ken H\u00f6k<\/strong> \u2013 Jenny Helsing<\/em><br \/>\n<em> <strong>Gunnar<\/strong> \u2013 William \u00c5berg<\/em><br \/>\n<em> <strong>Peter<\/strong> \u2013 Asgeir Ari<\/em><br \/>\n<em> <strong>Emil<\/strong> \u2013 Joshua Jansson<\/em><br \/>\n<em> <strong>Handlaren<\/strong> \u2013 Kushtrim Krasniqi<\/em><br \/>\n<em> <strong>Handlarfrun<\/strong> \u2013 Lieze Broeders<\/em><br \/>\n<em> <strong>L\u00e4nsman<\/strong> \u2013 Mons Gregemark<\/em><br \/>\n<em> <strong>Polis Bergqvist<\/strong> \u2013 Kushtrim Krasniqi<\/em><br \/>\n<em> <strong>Lif<\/strong> \u2013 Adrian Stenstr\u00f6m<\/em><br \/>\n<em> <strong>Liander<\/strong> \u2013 Joakim Malmberg<\/em><br \/>\n<em> <strong>Fru Hedberg<\/strong> \u2013 Lotta B\u00e4ck<\/em><br \/>\n<em> <strong>Pigan<\/strong> Anna-Stina \u2013 Ebba Boll<\/em><br \/>\n<em> <strong>Martina<\/strong> \u2013 Lieze Broeders<\/em><\/p>\n<\/blockquote>\n<p>L\u00c4NKAR<br \/>\nSythercopie <a href=\"http:\/\/www.teatersythercopie.se\/\" target=\"_blank\">hemsida<\/a> <a href=\"https:\/\/www.facebook.com\/Teater-Sythercopie-118511924904082\/?fref=ts\" target=\"_blank\">Facebook<\/a> <a href=\"https:\/\/www.facebook.com\/events\/194478687616216\/\" target=\"_blank\">FB-evenemang<\/a><br \/>\nMycket teatern\u00f6je \u00e4ven sommaren 2016 <a href=\"https:\/\/www.kultursidan.nu\/?p=25383\" target=\"_blank\">LISTA<\/a> Kultursidan.nu 26\/5 2016<\/p>\n","protected":false},"excerpt":{"rendered":"<p>S\u00d6DERK\u00d6PING Vad ett barn m\u00e5ste g\u00e5 igenom f\u00f6r att f\u00e5 k\u00e4rlek och bli sett. Det \u00e4r vad Rasmus p\u00e5 luffen handlar om, Teater Sythercopies familjef\u00f6rest\u00e4llning i sommar. N\u00e4r ensemblen repeterar hoppas Rasmus f\u00e5 rika och vackra f\u00f6r\u00e4ldrar. <a class=\"continue-reading-link\" href=\"https:\/\/www.kultursidan.nu\/?p=25768\">L\u00e4s mer <span class=\"meta-nav\">&rarr; <\/span><\/a><\/p>\n","protected":false},"author":1001006,"featured_media":0,"comment_status":"closed","ping_status":"open","sticky":false,"template":"","format":"standard","meta":{"_jetpack_memberships_contains_paid_content":false,"footnotes":""},"categories":[6],"tags":[37,12],"class_list":["post-25768","post","type-post","status-publish","format-standard","hentry","category-soderkoping","tag-barnkultur","tag-teater"],"jetpack_featured_media_url":"","jetpack_sharing_enabled":true,"_links":{"self":[{"href":"https:\/\/www.kultursidan.nu\/index.php?rest_route=\/wp\/v2\/posts\/25768","targetHints":{"allow":["GET"]}}],"collection":[{"href":"https:\/\/www.kultursidan.nu\/index.php?rest_route=\/wp\/v2\/posts"}],"about":[{"href":"https:\/\/www.kultursidan.nu\/index.php?rest_route=\/wp\/v2\/types\/post"}],"author":[{"embeddable":true,"href":"https:\/\/www.kultursidan.nu\/index.php?rest_route=\/wp\/v2\/users\/1001006"}],"replies":[{"embeddable":true,"href":"https:\/\/www.kultursidan.nu\/index.php?rest_route=%2Fwp%2Fv2%2Fcomments&post=25768"}],"version-history":[{"count":0,"href":"https:\/\/www.kultursidan.nu\/index.php?rest_route=\/wp\/v2\/posts\/25768\/revisions"}],"wp:attachment":[{"href":"https:\/\/www.kultursidan.nu\/index.php?rest_route=%2Fwp%2Fv2%2Fmedia&parent=25768"}],"wp:term":[{"taxonomy":"category","embeddable":true,"href":"https:\/\/www.kultursidan.nu\/index.php?rest_route=%2Fwp%2Fv2%2Fcategories&post=25768"},{"taxonomy":"post_tag","embeddable":true,"href":"https:\/\/www.kultursidan.nu\/index.php?rest_route=%2Fwp%2Fv2%2Ftags&post=25768"}],"curies":[{"name":"wp","href":"https:\/\/api.w.org\/{rel}","templated":true}]}}