{"id":25921,"date":"2016-07-01T13:56:02","date_gmt":"2016-07-01T12:56:02","guid":{"rendered":"https:\/\/intelligent-friend-7861.standoutwp.com\/?p=25921"},"modified":"2016-07-01T14:09:37","modified_gmt":"2016-07-01T13:09:37","slug":"bravalla-zara-larssons-rost-ar-speciell-recension","status":"publish","type":"post","link":"https:\/\/www.kultursidan.nu\/?p=25921","title":{"rendered":"Br\u00e5valla: Zara Larssons r\u00f6st \u00e4r speciell (recension)"},"content":{"rendered":"<p><img loading=\"lazy\" decoding=\"async\" class=\"alignnone size-medium wp-image-25922\" src=\"https:\/\/www.kultursidan.nu\/wp-content\/uploads\/2016\/07\/DSC_0065-567x378.jpg\" alt=\"Zara Larsson\" width=\"567\" height=\"378\" srcset=\"https:\/\/www.kultursidan.nu\/wp-content\/uploads\/2016\/07\/DSC_0065-567x378.jpg 567w, https:\/\/www.kultursidan.nu\/wp-content\/uploads\/2016\/07\/DSC_0065-768x512.jpg 768w, https:\/\/www.kultursidan.nu\/wp-content\/uploads\/2016\/07\/DSC_0065-1024x682.jpg 1024w, https:\/\/www.kultursidan.nu\/wp-content\/uploads\/2016\/07\/DSC_0065-500x333.jpg 500w, https:\/\/www.kultursidan.nu\/wp-content\/uploads\/2016\/07\/DSC_0065-150x100.jpg 150w, https:\/\/www.kultursidan.nu\/wp-content\/uploads\/2016\/07\/DSC_0065.jpg 1280w\" sizes=\"auto, (max-width: 567px) 100vw, 567px\" \/><br \/>\n<em>V\u00e5r n\u00e4sta stora stj\u00e4rna. Zara Larsson har en speciell r\u00f6st.<\/em><\/p>\n<p>&nbsp;<\/p>\n<h1><span style=\"color: #ff0000;\">Hon virrar bort sig i tonkaskaden f\u00f6r en stund<\/span><\/h1>\n<p>&nbsp;<\/p>\n<p><strong>18 \u00e5r och en av de yngsta artisterna. <\/strong>Men p\u00e5 Br\u00e5vallas scen redan f\u00f6r andra g\u00e5ngen. <em><strong>Zara Larssons<\/strong><\/em> show \u00e4r f\u00f6rst\u00e5s otroligt v\u00e4lproducerad. Publiken \u00e4r mer eller mindre i extas och sjunger f\u00f6r full hals. Mitt i allt det perfekta \u00e4r hon mycket levande.<\/p>\n<blockquote>\n<h3 style=\"text-align: right;\">BR\u00c5VALLA FESTIVAL Norrk\u00f6ping<\/h3>\n<p style=\"text-align: right;\">30 juni 2016 21.15<em><br \/>\nScen: Luna<br \/>\n<strong>Zara Larsson<\/strong><\/em><br \/>\n<em> Pop\/soul<\/em><\/p>\n<\/blockquote>\n<p>&nbsp;<\/p>\n<p><strong>Hon \u00e4r en av de yngsta artisterna p\u00e5 festivalen<\/strong>. F\u00f6r andra \u00e5ret i rad st\u00e5r hon p\u00e5 Br\u00e5vallas scen. Zara Larsson \u00e4r bara 18 \u00e5r men har redan lyckats n\u00e5 stora framg\u00e5ngar, inte minst hos den yngre publiken. Det finns n\u00e5got mycket speciellt med Zaras r\u00f6st, den l\u00e5ter s\u00e5 mogen i sin gestaltning att man l\u00e4tt skulle tro hon \u00e4r betydligt \u00e4ldre \u00e4n hon \u00e4r.<\/p>\n<p>&nbsp;<\/p>\n<p><a title=\"Zara Larsson\" href=\"https:\/\/www.flickr.com\/photos\/kultursidan\/27939005991\/in\/album-72157669871295131\/\"><img loading=\"lazy\" decoding=\"async\" src=\"https:\/\/c8.staticflickr.com\/8\/7333\/27939005991_a2b503beec.jpg\" alt=\"Zara Larsson\" width=\"500\" height=\"333\" \/><\/a><br \/>\n<em>V\u00e4lproducerad show. Publiken \u00e4r med och sjunger f\u00f6r full hals.<\/em><\/p>\n<p>&nbsp;<\/p>\n<p><strong>Showen \u00e4r f\u00f6rst\u00e5s otroligt v\u00e4lproducerad.<\/strong> Publiken \u00e4r mer eller mindre i extas och sjunger f\u00f6r full hals f\u00f6r att h\u00f6ras i den enorma ljudstyrkan som v\u00e4ller ut \u00f6ver Br\u00e5vallaf\u00e4ltet.<\/p>\n<p>\u2013 Jag brukar inte vara speciellt nerv\u00f6s, s\u00e4ger Zara, men ig\u00e5r kv\u00e4ll hade jag sv\u00e5rt att somna n\u00e4r jag t\u00e4nkte p\u00e5 att jag skulle hit igen. Ni \u00e4r en underbar publik!<\/p>\n<p><strong>Pl\u00f6tsligt h\u00e4nder n\u00e5got mitt i allt det superproffsiga!<\/strong> Hon wailar iv\u00e4g p\u00e5 en utflykt och tycks virra bort sig i tonkaskaden f\u00f6r en stund. Tror inte m\u00e5nga m\u00e4rker det, men jag hajar till. Det var faktiskt sk\u00f6nt att det blev s\u00e5! Det g\u00f6r henne bara mer levande, mitt i allt det perfekta.<\/p>\n<p>Hon avverkar hit efter hit, och avslutar med l\u00e5ten <em>Uncover<\/em> och ber alla sjunga. En text med meterh\u00f6ga bokst\u00e4ver dansar runt p\u00e5 scenen.<\/p>\n<p>&nbsp;<\/p>\n<p><a title=\"Zara Larsson\" href=\"https:\/\/www.flickr.com\/photos\/kultursidan\/27403233813\/in\/album-72157669871295131\/\"><img loading=\"lazy\" decoding=\"async\" src=\"https:\/\/c6.staticflickr.com\/8\/7494\/27403233813_b348cae433.jpg\" alt=\"Zara Larsson\" width=\"500\" height=\"333\" \/><\/a><br \/>\n<em> Sk\u00e4rpt. Zara Larsson avverkar hit efter hit.<\/em><\/p>\n<p>&nbsp;<\/p>\n<p><strong>Hon har gjort det igen!<\/strong> Succ\u00e9 p\u00e5 Br\u00e5valla. Zara Larsson \u00e4r p\u00e5 v\u00e4g att bli v\u00e5r n\u00e4sta stora v\u00e4rldsstj\u00e4rna, det m\u00e5ste bara bli s\u00e5. Det hon hunnit g\u00f6ra under de tre senaste \u00e5ren \u00e4r stort, men n\u00e5got \u00e4nnu st\u00f6rre v\u00e4ntar\u2026<\/p>\n<p>\u00a9 <em>Text: Bj\u00f6rn Eriksson<br \/>\n<\/em>\u00a9 <em>Foto: <\/em><em>Human Golmohammadi<\/em><\/p>\n<p>BILDSPEL (FLASH) &#8211; KLICKA P\u00c5 BILDEN <em><br \/>\nALT\/MOBIL: SE BILDSPELET <a title=\"Bildspel\" href=\"https:\/\/www.flickr.com\/photos\/kultursidan\/sets\/72157669871295131\/show\/\" target=\"_blank\">H\u00c4R<\/a><\/em><br \/>\n<object width=\"400\" height=\"300\"><param name=\"flashvars\" value=\"offsite=true&amp;lang=en-us&amp;page_show_url=%2Fphotos%2Fkultursidan%2Fsets%2F72157669871295131%2Fshow%2F&amp;page_show_back_url=%2Fphotos%2Fkultursidan%2Fsets%2F72157669871295131%2F&amp;set_id=72157669871295131&amp;jump_to=\" \/><param name=\"movie\" value=\"https:\/\/www.flickr.com\/apps\/slideshow\/show.swf?v=1811922554\" \/><param name=\"allowFullScreen\" value=\"true\" \/><\/object><\/p>\n<p>L\u00c4NKAR<br \/>\nZara Larsson <a href=\"http:\/\/www.zaralarsson.se\" target=\"_blank\">hemsida<\/a> <a href=\"https:\/\/www.facebook.com\/ZaraLarssonOfficial\/?fref=ts\" target=\"_blank\">Facebook<\/a> <a href=\"https:\/\/twitter.com\/zaralarsson?lang=sv\" target=\"_blank\">Twitter <\/a><br \/>\nBr\u00e5valla festival <a href=\"http:\/\/www.bravallafestival.se\" target=\"_blank\">hemsida<\/a> <a href=\"https:\/\/www.facebook.com\/bravallafestivalen\/?fref=ts\" target=\"_blank\">Facebook<\/a><\/p>\n<p>BR\u00c5VALLA L\u00d6RDAG<\/p>\n<p>BR\u00c5VALLA FREDAG<\/p>\n<p>BR\u00c5VALLA TORSDAG<br \/>\nBr\u00e5valla: Editors rev ig\u00e5ng festivalen <a href=\"https:\/\/www.kultursidan.nu\/?p=25917\" target=\"_blank\">recension<\/a> Kultursidan.nu 1\/7 2016<br \/>\nBr\u00e5valla: Blossoms saknade sin publik <a href=\"https:\/\/www.kultursidan.nu\/?p=25914\" target=\"_blank\">recension<\/a> Kultursidan.nu 1\/7 2016<br \/>\nBr\u00e5valla: Johanna Wagrell v\u00e4ckte skrattet <a href=\"https:\/\/www.kultursidan.nu\/?p=25896\" target=\"_blank\">recension<\/a> Kultursidan.nu 30\/6 2016<\/p>\n<p>BR\u00c5VALLA ONSDAG<br \/>\nBr\u00e5valla: L\u00e5ng dags k\u00f6 till E-Types f\u00f6rfest <a href=\"https:\/\/www.kultursidan.nu\/?p=25889\" target=\"_blank\">reportage<\/a> Kultursidan.nu 30\/6 2016<br \/>\nBr\u00e5valla: F\u00f6rv\u00e4ntansfulla festivalveteraner <a href=\"https:\/\/www.kultursidan.nu\/?p=25878\" target=\"_blank\">reportage<\/a> Kultursidan.nu 29\/6 2016<\/p>\n<p>BR\u00c5VALLA \u2013 INF\u00d6R FESTIVALEN<br \/>\nBr\u00e5valla: Det finns de som har humor <a href=\"https:\/\/www.kultursidan.nu\/?p=25871\" target=\"_blank\">LISTA<\/a> Kultursidan.nu 29\/6 2016<br \/>\nBr\u00e5valla: Kan det va\u2019 n\u00e5t? Kanske \u00e4nd\u00e5! <a href=\"https:\/\/www.kultursidan.nu\/?p=25849\" target=\"_blank\">kr\u00f6nika<\/a> Kultursidan.nu 28\/6 2016<br \/>\nBr\u00e5valla: Lokala tong\u00e5ngar rockar igen <a href=\"https:\/\/www.kultursidan.nu\/?p=25830\" target=\"_blank\">reportage<\/a> Kultursidan.nu 26\/6 2016<br \/>\nBr\u00e5valla fyller p\u00e5 inf\u00f6r 2016 \u00e5rs festival <a href=\"https:\/\/www.kultursidan.nu\/?p=22669\" target=\"_blank\">GENRELISTA<\/a> Kultursidan.nu<br \/>\nDags att ladda om inf\u00f6r Br\u00e5valla 2016 <a href=\"https:\/\/www.kultursidan.nu\/?p=20413\" target=\"_blank\">reportage<\/a> Kultursidan.nu 30\/6 2015<\/p>\n","protected":false},"excerpt":{"rendered":"<p>NORRK\u00d6PING 18 \u00e5r och en av de yngsta artisterna. Men p\u00e5 Br\u00e5vallas scen redan f\u00f6r andra g\u00e5ngen. Zara Larssons show \u00e4r f\u00f6rst\u00e5s otroligt v\u00e4lproducerad. Publiken \u00e4r mer eller mindre i extas och sjunger f\u00f6r full hals. Mitt i allt det perfekta \u00e4r hon mycket levande. <a class=\"continue-reading-link\" href=\"https:\/\/www.kultursidan.nu\/?p=25921\">L\u00e4s mer <span class=\"meta-nav\">&rarr; <\/span><\/a><\/p>\n","protected":false},"author":1001006,"featured_media":0,"comment_status":"closed","ping_status":"open","sticky":false,"template":"","format":"standard","meta":{"_jetpack_memberships_contains_paid_content":false,"footnotes":""},"categories":[7],"tags":[29,13],"class_list":["post-25921","post","type-post","status-publish","format-standard","hentry","category-norrkoping","tag-festival","tag-musik"],"jetpack_featured_media_url":"","jetpack_sharing_enabled":true,"_links":{"self":[{"href":"https:\/\/www.kultursidan.nu\/index.php?rest_route=\/wp\/v2\/posts\/25921","targetHints":{"allow":["GET"]}}],"collection":[{"href":"https:\/\/www.kultursidan.nu\/index.php?rest_route=\/wp\/v2\/posts"}],"about":[{"href":"https:\/\/www.kultursidan.nu\/index.php?rest_route=\/wp\/v2\/types\/post"}],"author":[{"embeddable":true,"href":"https:\/\/www.kultursidan.nu\/index.php?rest_route=\/wp\/v2\/users\/1001006"}],"replies":[{"embeddable":true,"href":"https:\/\/www.kultursidan.nu\/index.php?rest_route=%2Fwp%2Fv2%2Fcomments&post=25921"}],"version-history":[{"count":0,"href":"https:\/\/www.kultursidan.nu\/index.php?rest_route=\/wp\/v2\/posts\/25921\/revisions"}],"wp:attachment":[{"href":"https:\/\/www.kultursidan.nu\/index.php?rest_route=%2Fwp%2Fv2%2Fmedia&parent=25921"}],"wp:term":[{"taxonomy":"category","embeddable":true,"href":"https:\/\/www.kultursidan.nu\/index.php?rest_route=%2Fwp%2Fv2%2Fcategories&post=25921"},{"taxonomy":"post_tag","embeddable":true,"href":"https:\/\/www.kultursidan.nu\/index.php?rest_route=%2Fwp%2Fv2%2Ftags&post=25921"}],"curies":[{"name":"wp","href":"https:\/\/api.w.org\/{rel}","templated":true}]}}