{"id":25927,"date":"2016-07-01T15:01:48","date_gmt":"2016-07-01T14:01:48","guid":{"rendered":"https:\/\/intelligent-friend-7861.standoutwp.com\/?p=25927"},"modified":"2016-07-01T15:01:48","modified_gmt":"2016-07-01T14:01:48","slug":"bravalla-latt-start-med-svartolkade-borns-recension","status":"publish","type":"post","link":"https:\/\/www.kultursidan.nu\/?p=25927","title":{"rendered":"Br\u00e5valla: L\u00e4tt start med sv\u00e5rtolkade B\u00f8rns (recension)"},"content":{"rendered":"<p><img loading=\"lazy\" decoding=\"async\" class=\"alignnone size-medium wp-image-25928\" src=\"https:\/\/www.kultursidan.nu\/wp-content\/uploads\/2016\/07\/IMG_6227-567x425.jpg\" alt=\"B\u00f8rns\" width=\"567\" height=\"425\" srcset=\"https:\/\/www.kultursidan.nu\/wp-content\/uploads\/2016\/07\/IMG_6227-567x425.jpg 567w, https:\/\/www.kultursidan.nu\/wp-content\/uploads\/2016\/07\/IMG_6227-768x576.jpg 768w, https:\/\/www.kultursidan.nu\/wp-content\/uploads\/2016\/07\/IMG_6227-1024x768.jpg 1024w, https:\/\/www.kultursidan.nu\/wp-content\/uploads\/2016\/07\/IMG_6227-444x333.jpg 444w, https:\/\/www.kultursidan.nu\/wp-content\/uploads\/2016\/07\/IMG_6227-150x113.jpg 150w, https:\/\/www.kultursidan.nu\/wp-content\/uploads\/2016\/07\/IMG_6227.jpg 1280w\" sizes=\"auto, (max-width: 567px) 100vw, 567px\" \/><br \/>\n<em>Junopremi\u00e4r. B\u00f8rns inledde festivalen j\u00e4msides med Daniel Adams-Ray p\u00e5 Luna och Oskar Syk p\u00e5 Sensation. Nej, de \u00e4r inte danskar.<br \/>\n<\/em><\/p>\n<p>&nbsp;<\/p>\n<h1><span style=\"color: #ff0000;\">Det handlar nog om lust och njutning<\/span><\/h1>\n<p>&nbsp;<\/p>\n<p><strong>N\u00e5gon m\u00e5ste vara f\u00f6rst.<\/strong> P\u00e5 Juno, den ganska stora scenen, stod <strong><em>B\u00f8rns<\/em><\/strong>, elektropop fr\u00e5n \u2013 inte Danmark \u2013 Los Angeles. L\u00e4ttsamt, somrigt, boogietakt och glamrockigt. Som en sockers\u00f6t bakelse. Det var det.<\/p>\n<blockquote>\n<h3 style=\"padding-left: 30px; text-align: right;\"><em>BR\u00c5VALLA FESTIVAL Norrk\u00f6ping<\/em><\/h3>\n<p style=\"padding-left: 30px; text-align: right;\">30 juni 2016 13.00<br \/>\n<em>Scen: Juno<\/em><br \/>\n<em> <strong>B\u00f8rns<\/strong><\/em><br \/>\n<em> Elektropop<\/em><\/p>\n<\/blockquote>\n<p>&nbsp;<\/p>\n<p><strong>En festival \u00e4r alltid seg i starten, men n\u00e5gon m\u00e5ste b\u00f6rja.<\/strong> Jag ska v\u00e4l inte tjata mer om att det inte \u00e4r ett norrk\u00f6pingsband f\u00f6r f\u00f6rsta g\u00e5ngen\u2026 Ska jag? Nej, men det ser ju \u00e4nd\u00e5 nordiskt ut?<\/p>\n<p>\u2013 We are called B\u00f8rns from a small beach town called Los Angeles.<\/p>\n<p>Jaha, elektropops\u00e5ngaren Garret Borns ser det som ett band. Och han uttalar det med ett nordiskt \u201d\u00f6\u201d. Det var nyheter.<\/p>\n<p>&nbsp;<\/p>\n<p><a title=\"B\u00f8rns\" href=\"https:\/\/www.flickr.com\/photos\/kultursidan\/27404050904\/in\/album-72157670472942695\/\"><img loading=\"lazy\" decoding=\"async\" src=\"https:\/\/c1.staticflickr.com\/8\/7344\/27404050904_551f97096d.jpg\" alt=\"B\u00f8rns\" width=\"500\" height=\"375\" \/><\/a><br \/>\n<em>L\u00e5negods. B\u00f8rns h\u00e4mtar mycket fr\u00e5n \u00e4ldre influenser.<\/em><\/p>\n<p>&nbsp;<\/p>\n<p><strong>Hela han\/dom \u00e4r ju nyheter med bara ett album 2015 bakom sig, som har namnet \u201dDopamine\u201d.<\/strong> Det \u00e4r ju, liksom signalsubstansen, sv\u00e5rtolkat. Men ska vi gissa att det handlar om lust och njutning?<\/p>\n<p>Nog ser han njutningslysten ut allt. Och androgyn. Samt att han den mesta tiden sjunger i falsett. Det \u00e4r ocks\u00e5 lite sv\u00e5rtolkat, men allt beh\u00f6ver man inte f\u00f6rst\u00e5. Och att han inleder med <em>Seeing stars<\/em>, som inte finns p\u00e5 skivan, f\u00f6rst\u00e5r jag inte heller.<\/p>\n<p><strong>Men att <em>Electric love<\/em> \u00e4r inspiras av \u201dThe Electric Warrior\u201d himself \u2013 Marc Bolan \u00e4r inte sv\u00e5rt att f\u00f6rst\u00e5.<\/strong> Boogietakt, falsetts\u00e5ng och glamrocksreferenserna \u00e4r uppenbara. Bastrumman ligger v\u00e4ldigt h\u00f6gt i mixen (men plus f\u00f6r kvinnlig trummis). Att vissa slingor \u00e4r f\u00f6rinspelade f\u00e5r man v\u00e4l (?) acceptera i den h\u00e4r typen av musik.<\/p>\n<p>En l\u00e5t, <em>Past lives<\/em>, verkar byggd p\u00e5 introt till Queens <em>Radio Ga Ga <\/em>(och, ta mig tusan, om den inte inneh\u00e5ller ordet \u201dqueen\u201d). Och s\u00e5 tror jag att han har stulit fr\u00e5n Elton Johns <em>Benny and the Jets<\/em> ocks\u00e5. Innan jag inser att det \u00e4r den. Det androgyna intrycket v\u00e4xer.<\/p>\n<p>&nbsp;<\/p>\n<p><a title=\"B\u00f8rns\" href=\"https:\/\/www.flickr.com\/photos\/kultursidan\/27939819081\/in\/album-72157670472942695\/\"><img loading=\"lazy\" decoding=\"async\" src=\"https:\/\/c2.staticflickr.com\/8\/7482\/27939819081_1f49ea646f.jpg\" alt=\"B\u00f8rns\" width=\"500\" height=\"375\" \/><\/a><br \/>\n<em> Somrig start. Elektropops\u00e5ngaren Garret Borns har dragit ett streck \u00f6ver vokalen i efternamnet.<\/em><\/p>\n<p>&nbsp;<\/p>\n<p><strong>Det var v\u00e4l en l\u00e4ttsam och somrig inledning.<\/strong> Som en sockers\u00f6t bakelse. Och gitarristen hade en guldf\u00e4rgad gitarr. Introvert-pop med extra str\u00f6ssel. Publiken var f\u00e5talig och m\u00e4ktade inte med ett inrop. Ett par danskar, som antagligen inte f\u00e5tt biljetter till uts\u00e5lda Roskilde, \u00e4r d\u00e4r.<\/p>\n<p><strong>F\u00f6rra \u00e5ret stod Sonic Surf City h\u00e4r vid den h\u00e4r tiden.<\/strong> Olas gitarr var formad som The Millenium Falcon. Det var d\u00e5 det. Tjatar jag nu?<\/p>\n<p>\u00a9 <em>Text och foto: Michael Strandhed<\/em><\/p>\n<p>L\u00c4NKAR<br \/>\nB\u00f8rns <a href=\"https:\/\/www.bornsmusic.com\" target=\"_blank\">hemsida<\/a> <a href=\"https:\/\/www.facebook.com\/bornsmusic\" target=\"_blank\">Facebook<\/a><br \/>\nBr\u00e5valla festival <a href=\"http:\/\/www.bravallafestival.se\" target=\"_blank\">hemsida<\/a> <a href=\"https:\/\/www.facebook.com\/bravallafestivalen\/?fref=ts\" target=\"_blank\">Facebook<\/a><\/p>\n<p>BR\u00c5VALLA L\u00d6RDAG<\/p>\n<p>BR\u00c5VALLA FREDAG<\/p>\n<p>BR\u00c5VALLA TORSDAG<br \/>\nBr\u00e5valla: Zara Larssons r\u00f6st \u00e4r speciell <a href=\"https:\/\/www.kultursidan.nu\/?p=25921\" target=\"_blank\">recension<\/a> Kultursidan.nu 1\/7 2016Br\u00e5valla: Editors rev ig\u00e5ng festivalen <a href=\"https:\/\/www.kultursidan.nu\/?p=25917\" target=\"_blank\">recension<\/a> Kultursidan.nu 1\/7 2016<br \/>\nBr\u00e5valla: Blossoms saknade sin publik <a href=\"https:\/\/www.kultursidan.nu\/?p=25914\" target=\"_blank\">recension<\/a> Kultursidan.nu 1\/7 2016<br \/>\nBr\u00e5valla: Johanna Wagrell v\u00e4ckte skrattet <a href=\"https:\/\/www.kultursidan.nu\/?p=25896\" target=\"_blank\">recension<\/a> Kultursidan.nu 30\/6 2016<\/p>\n<p>BR\u00c5VALLA ONSDAG<br \/>\nBr\u00e5valla: L\u00e5ng dags k\u00f6 till E-Types f\u00f6rfest <a href=\"https:\/\/www.kultursidan.nu\/?p=25889\" target=\"_blank\">reportage<\/a> Kultursidan.nu 30\/6 2016<br \/>\nBr\u00e5valla: F\u00f6rv\u00e4ntansfulla festivalveteraner <a href=\"https:\/\/www.kultursidan.nu\/?p=25878\" target=\"_blank\">reportage<\/a> Kultursidan.nu 29\/6 2016<\/p>\n<p>BR\u00c5VALLA \u2013 INF\u00d6R FESTIVALEN<br \/>\nBr\u00e5valla: Det finns de som har humor <a href=\"https:\/\/www.kultursidan.nu\/?p=25871\" target=\"_blank\">LISTA<\/a> Kultursidan.nu 29\/6 2016<br \/>\nBr\u00e5valla: Kan det va\u2019 n\u00e5t? Kanske \u00e4nd\u00e5! <a href=\"https:\/\/www.kultursidan.nu\/?p=25849\" target=\"_blank\">kr\u00f6nika<\/a> Kultursidan.nu 28\/6 2016<br \/>\nBr\u00e5valla: Lokala tong\u00e5ngar rockar igen <a href=\"https:\/\/www.kultursidan.nu\/?p=25830\" target=\"_blank\">reportage<\/a> Kultursidan.nu 26\/6 2016<br \/>\nBr\u00e5valla fyller p\u00e5 inf\u00f6r 2016 \u00e5rs festival <a href=\"https:\/\/www.kultursidan.nu\/?p=22669\" target=\"_blank\">GENRELISTA<\/a> Kultursidan.nu<br \/>\nDags att ladda om inf\u00f6r Br\u00e5valla 2016 <a href=\"https:\/\/www.kultursidan.nu\/?p=20413\" target=\"_blank\">reportage<\/a> Kultursidan.nu 30\/6 2015<\/p>\n","protected":false},"excerpt":{"rendered":"<p>NORRK\u00d6PING N\u00e5gon m\u00e5ste vara f\u00f6rst. P\u00e5 Juno, den ganska stora scenen, stod B\u00f8rns, elektropop fr\u00e5n \u2013 inte Danmark \u2013 Los Angeles. L\u00e4ttsamt, somrigt, boogietakt och glamrockigt. Som en sockers\u00f6t bakelse. Det var det. <a class=\"continue-reading-link\" href=\"https:\/\/www.kultursidan.nu\/?p=25927\">L\u00e4s mer <span class=\"meta-nav\">&rarr; <\/span><\/a><\/p>\n","protected":false},"author":1001006,"featured_media":0,"comment_status":"closed","ping_status":"open","sticky":false,"template":"","format":"standard","meta":{"_jetpack_memberships_contains_paid_content":false,"footnotes":""},"categories":[7],"tags":[29,13],"class_list":["post-25927","post","type-post","status-publish","format-standard","hentry","category-norrkoping","tag-festival","tag-musik"],"jetpack_featured_media_url":"","jetpack_sharing_enabled":true,"_links":{"self":[{"href":"https:\/\/www.kultursidan.nu\/index.php?rest_route=\/wp\/v2\/posts\/25927","targetHints":{"allow":["GET"]}}],"collection":[{"href":"https:\/\/www.kultursidan.nu\/index.php?rest_route=\/wp\/v2\/posts"}],"about":[{"href":"https:\/\/www.kultursidan.nu\/index.php?rest_route=\/wp\/v2\/types\/post"}],"author":[{"embeddable":true,"href":"https:\/\/www.kultursidan.nu\/index.php?rest_route=\/wp\/v2\/users\/1001006"}],"replies":[{"embeddable":true,"href":"https:\/\/www.kultursidan.nu\/index.php?rest_route=%2Fwp%2Fv2%2Fcomments&post=25927"}],"version-history":[{"count":0,"href":"https:\/\/www.kultursidan.nu\/index.php?rest_route=\/wp\/v2\/posts\/25927\/revisions"}],"wp:attachment":[{"href":"https:\/\/www.kultursidan.nu\/index.php?rest_route=%2Fwp%2Fv2%2Fmedia&parent=25927"}],"wp:term":[{"taxonomy":"category","embeddable":true,"href":"https:\/\/www.kultursidan.nu\/index.php?rest_route=%2Fwp%2Fv2%2Fcategories&post=25927"},{"taxonomy":"post_tag","embeddable":true,"href":"https:\/\/www.kultursidan.nu\/index.php?rest_route=%2Fwp%2Fv2%2Ftags&post=25927"}],"curies":[{"name":"wp","href":"https:\/\/api.w.org\/{rel}","templated":true}]}}