{"id":25948,"date":"2016-07-01T19:55:25","date_gmt":"2016-07-01T18:55:25","guid":{"rendered":"https:\/\/intelligent-friend-7861.standoutwp.com\/?p=25948"},"modified":"2016-07-01T19:55:25","modified_gmt":"2016-07-01T18:55:25","slug":"bravalla-svang-med-timbuktu-damn-recension","status":"publish","type":"post","link":"https:\/\/www.kultursidan.nu\/?p=25948","title":{"rendered":"Br\u00e5valla: Sv\u00e4ng med Timbuktu &#038; Damn! (recension)"},"content":{"rendered":"<p><img loading=\"lazy\" decoding=\"async\" class=\"alignnone size-medium wp-image-25949\" src=\"https:\/\/www.kultursidan.nu\/wp-content\/uploads\/2016\/07\/DSC_9402-567x378.jpg\" alt=\"Timbuktu &amp; Damn!\" width=\"567\" height=\"378\" srcset=\"https:\/\/www.kultursidan.nu\/wp-content\/uploads\/2016\/07\/DSC_9402-567x378.jpg 567w, https:\/\/www.kultursidan.nu\/wp-content\/uploads\/2016\/07\/DSC_9402-768x512.jpg 768w, https:\/\/www.kultursidan.nu\/wp-content\/uploads\/2016\/07\/DSC_9402-1024x682.jpg 1024w, https:\/\/www.kultursidan.nu\/wp-content\/uploads\/2016\/07\/DSC_9402-500x333.jpg 500w, https:\/\/www.kultursidan.nu\/wp-content\/uploads\/2016\/07\/DSC_9402-150x100.jpg 150w, https:\/\/www.kultursidan.nu\/wp-content\/uploads\/2016\/07\/DSC_9402.jpg 1280w\" sizes=\"auto, (max-width: 567px) 100vw, 567px\" \/><br \/>\n<em>Vitt mot svart. Rapparen Timbuktu g\u00f6r gemensam sak med soul\/funk\/rockbandet Damn! sedan m\u00e5nga \u00e5r.<br \/>\n<\/em><\/p>\n<p>&nbsp;<\/p>\n<h1><span style=\"color: #ff0000;\">Jag antar att Prince-l\u00e5tarna ligger inv\u00e4vda<\/span><\/h1>\n<p>&nbsp;<\/p>\n<p><strong>Publiken hoppar och dansar.<\/strong> Ett sjuhelsikes sv\u00e4ng helt enkelt. Vitkl\u00e4dd utg\u00f6r rapparen <em><strong>Timbuktu<\/strong><\/em> en kontrast mot svartkl\u00e4dda funkrockarna i <em><strong>Damn!<\/strong> <\/em>D\u00e4r finns ett allvar i texterna som tydligt kontrasterar mot den glada musiken.<\/p>\n<blockquote>\n<h3 style=\"text-align: right;\"><em>BR\u00c5VALLA FESTIVAL Norrk\u00f6ping<\/em><\/h3>\n<p style=\"text-align: right;\">30 juni 2016 19.00<em><br \/>\nScen: Luna<br \/>\n<strong>Timbuktu &amp; Damn!<\/strong><\/em><br \/>\n<em> hiphop\/rap + soul\/funk\/rock<\/em><\/p>\n<\/blockquote>\n<p>&nbsp;<\/p>\n<p><strong>Torsdag kv\u00e4ll p\u00e5 Br\u00e5valla.<\/strong> P\u00e5 scen Timbuktu och Damn! Sk\u00e5nesonen av amerikansk b\u00f6rd \u00e4r helt kl\u00e4dd i vitt, vilket g\u00f6r hans redan starka scenn\u00e4rvaro \u00e4nnu tydligare. Det \u00e5tta man starka funk-soul-rockbandet fr\u00e5n Lund sv\u00e4nger som tusan och det \u00e4r helt enkelt ett j\u00e4kla \u00f6s fr\u00e5n f\u00f6rsta stund. \u00c4ven nedanf\u00f6r scenen \u00e4r partyst\u00e4mningen p\u00e5taglig. Publiken \u00e4r en enda glad hoppande och dansande organism.<\/p>\n<p>&nbsp;<\/p>\n<p><a title=\"Timbuktu &amp; Damn!\" href=\"https:\/\/www.flickr.com\/photos\/kultursidan\/27987579166\/in\/album-72157670482506445\/\"><img loading=\"lazy\" decoding=\"async\" src=\"https:\/\/c7.staticflickr.com\/8\/7452\/27987579166_6cd947a202.jpg\" alt=\"Timbuktu &amp; Damn!\" width=\"500\" height=\"333\" \/><br \/>\n<\/a><em>Noga med orden. Texternas allvar \u00e4r lika viktigt som musikens gl\u00e4djebudskap. <\/em><\/p>\n<p>&nbsp;<\/p>\n<p style=\"padding-left: 30px;\"><em>F\u00f6r den jag \u00e4r definieras inte av \u00e4rftlighet.<\/em><\/p>\n<p><strong>Timbuktus stora engagemang i fr\u00e5gor som r\u00f6r rasism och intolerans \u00e4r v\u00e4l synligt i hans texter.<\/strong> D\u00e4r finns ett allvar som tydligt kontrasterar mot den glada musiken, ett budskap som \u00e4r lika viktigt som sj\u00e4lva musiken.<\/p>\n<p><strong>\u2013 Innan jag uppt\u00e4ckte hip-hopen uppt\u00e4ckte jag Prince.<\/strong> Det h\u00e4r \u00e4r en hyllning till honom. Ni kommer nog inte k\u00e4nna igen de h\u00e4r Prince-l\u00e5tarna.<\/p>\n<p>Det g\u00f6r jag inte heller, men jag antar att de finns inv\u00e4vda i de l\u00e5tar som sedan kommer i en strid str\u00f6m utan en tyst sekund emellan. En v\u00e4rdig hommage till en av v\u00e5ra st\u00f6rsta artister.<\/p>\n<p>Timbuktu forts\u00e4tter med <em>N\u00e5n annans problem<\/em>, balanserar p\u00e5 en monitor och g\u00e4stas kort av Johan Rensfeldt fr\u00e5n Movits!<\/p>\n<p>\u2013 Norrlands finest! Nej f\u00f6rresten, Sveriges finest!<\/p>\n<p><strong>Han avslutar med <em>Alla vill till himmelen<\/em> och <em>The botten is n\u00e5dd<\/em>.<\/strong> Jag skulle inte p\u00e5st\u00e5 att botten \u00e4r n\u00e5dd, men v\u00e4l slutet. Jag l\u00e4mnar Luna och skyndar vidare till n\u00e4sta konsert, ganska n\u00f6jd med det jag upplevt. Ett sjuhelsikes sv\u00e4ng helt enkelt.<\/p>\n<p>\u00a9 <em>Text: Hanna Svensson<br \/>\n<\/em>\u00a9 <em>Foto: Human Golmohammadi<\/em><\/p>\n<p>BILDSPEL (FLASH) \u2013 KLICKA P\u00c5 BILDEN <em><br \/>\nALT\/MOBIL: SE BILDSPELET <a title=\"Bildspel\" href=\"https:\/\/www.flickr.com\/photos\/kultursidan\/sets\/72157670482506445\/show\/\" target=\"_blank\">H\u00c4R<\/a><\/em><br \/>\n<object width=\"400\" height=\"300\"><param name=\"flashvars\" value=\"offsite=true&amp;lang=en-us&amp;page_show_url=%2Fphotos%2Fkultursidan%2Fsets%2F72157670482506445%2Fshow%2F&amp;page_show_back_url=%2Fphotos%2Fkultursidan%2Fsets%2F72157670482506445%2F&amp;set_id=72157670482506445&amp;jump_to=\" \/><param name=\"movie\" value=\"https:\/\/www.flickr.com\/apps\/slideshow\/show.swf?v=1811922554\" \/><param name=\"allowFullScreen\" value=\"true\" \/><\/object><\/p>\n<p>L\u00c4NKAR<br \/>\nTimbuktu <a href=\"http:\/\/www.timbuk.nu\" target=\"_blank\">hemsida<\/a> <a href=\"https:\/\/www.facebook.com\/TimbuktuOfficial\" target=\"_blank\">Facebook<br \/>\n<\/a>Br\u00e5valla festival <a href=\"http:\/\/www.bravallafestival.se\" target=\"_blank\">hemsida<\/a> <a href=\"https:\/\/www.facebook.com\/bravallafestivalen\/?fref=ts\" target=\"_blank\">Facebook<\/a><\/p>\n<p>BR\u00c5VALLA L\u00d6RDAG<\/p>\n<p>BR\u00c5VALLA FREDAG<\/p>\n<p>BR\u00c5VALLA TORSDAG<br \/>\nBr\u00e5valla: Highasakite tar h\u00f6jd p\u00e5 norska <a href=\"https:\/\/www.kultursidan.nu\/?p=25945\" target=\"_blank\">recension<\/a> Kultursidan.nu 1\/7 2016-07-01<br \/>\nBr\u00e5valla: Gl\u00f6dande Tired Lion fann sin sj\u00e4l <a href=\"https:\/\/www.kultursidan.nu\/?p=25933\" target=\"_blank\">recension<\/a> Kultursidan.nu 1\/7 2016<br \/>\nBr\u00e5valla: L\u00e4tt start med sv\u00e5rtolkade B\u00f8rns <a href=\"https:\/\/www.kultursidan.nu\/?p=25927\" target=\"_blank\">recension<\/a> Kultursidan.nu 1\/7 2016<br \/>\nBr\u00e5valla: Zara Larssons r\u00f6st \u00e4r speciell <a href=\"https:\/\/www.kultursidan.nu\/?p=25921\" target=\"_blank\">recension<\/a> Kultursidan.nu 1\/7 2016<br \/>\nBr\u00e5valla: Editors rev ig\u00e5ng festivalen <a href=\"https:\/\/www.kultursidan.nu\/?p=25917\" target=\"_blank\">recension<\/a> Kultursidan.nu 1\/7 2016<br \/>\nBr\u00e5valla: Blossoms saknade sin publik <a href=\"https:\/\/www.kultursidan.nu\/?p=25914\" target=\"_blank\">recension<\/a> Kultursidan.nu 1\/7 2016<br \/>\nBr\u00e5valla: Johanna Wagrell v\u00e4ckte skrattet <a href=\"https:\/\/www.kultursidan.nu\/?p=25896\" target=\"_blank\">recension<\/a> Kultursidan.nu 30\/6 2016<\/p>\n<p>BR\u00c5VALLA ONSDAG<br \/>\nBr\u00e5valla: L\u00e5ng dags k\u00f6 till E-Types f\u00f6rfest <a href=\"https:\/\/www.kultursidan.nu\/?p=25889\" target=\"_blank\">reportage<\/a> Kultursidan.nu 30\/6 2016<br \/>\nBr\u00e5valla: F\u00f6rv\u00e4ntansfulla festivalveteraner <a href=\"https:\/\/www.kultursidan.nu\/?p=25878\" target=\"_blank\">reportage<\/a> Kultursidan.nu 29\/6 2016<\/p>\n<p>BR\u00c5VALLA \u2013 INF\u00d6R FESTIVALEN<br \/>\nBr\u00e5valla: Det finns de som har humor <a href=\"https:\/\/www.kultursidan.nu\/?p=25871\" target=\"_blank\">LISTA<\/a> Kultursidan.nu 29\/6 2016<br \/>\nBr\u00e5valla: Kan det va\u2019 n\u00e5t? Kanske \u00e4nd\u00e5! <a href=\"https:\/\/www.kultursidan.nu\/?p=25849\" target=\"_blank\">kr\u00f6nika<\/a> Kultursidan.nu 28\/6 2016<br \/>\nBr\u00e5valla: Lokala tong\u00e5ngar rockar igen <a href=\"https:\/\/www.kultursidan.nu\/?p=25830\" target=\"_blank\">reportage<\/a> Kultursidan.nu 26\/6 2016<br \/>\nBr\u00e5valla fyller p\u00e5 inf\u00f6r 2016 \u00e5rs festival <a href=\"https:\/\/www.kultursidan.nu\/?p=22669\" target=\"_blank\">GENRELISTA<\/a> Kultursidan.nu<br \/>\nDags att ladda om inf\u00f6r Br\u00e5valla 2016 <a href=\"https:\/\/www.kultursidan.nu\/?p=20413\" target=\"_blank\">reportage<\/a> Kultursidan.nu 30\/6 2015<\/p>\n","protected":false},"excerpt":{"rendered":"<p>NORRK\u00d6PING Publiken hoppar och dansar. Ett sjuhelsikes sv\u00e4ng helt enkelt. Vitkl\u00e4dd utg\u00f6r rapparen Timbuktu en kontrast mot svartkl\u00e4dda funkrockarna i Damn! D\u00e4r finns ett allvar i texterna som tydligt kontrasterar mot den glada musiken. <a class=\"continue-reading-link\" href=\"https:\/\/www.kultursidan.nu\/?p=25948\">L\u00e4s mer <span class=\"meta-nav\">&rarr; <\/span><\/a><\/p>\n","protected":false},"author":1001006,"featured_media":0,"comment_status":"closed","ping_status":"open","sticky":false,"template":"","format":"standard","meta":{"_jetpack_memberships_contains_paid_content":false,"footnotes":""},"categories":[7],"tags":[29,13],"class_list":["post-25948","post","type-post","status-publish","format-standard","hentry","category-norrkoping","tag-festival","tag-musik"],"jetpack_featured_media_url":"","jetpack_sharing_enabled":true,"_links":{"self":[{"href":"https:\/\/www.kultursidan.nu\/index.php?rest_route=\/wp\/v2\/posts\/25948","targetHints":{"allow":["GET"]}}],"collection":[{"href":"https:\/\/www.kultursidan.nu\/index.php?rest_route=\/wp\/v2\/posts"}],"about":[{"href":"https:\/\/www.kultursidan.nu\/index.php?rest_route=\/wp\/v2\/types\/post"}],"author":[{"embeddable":true,"href":"https:\/\/www.kultursidan.nu\/index.php?rest_route=\/wp\/v2\/users\/1001006"}],"replies":[{"embeddable":true,"href":"https:\/\/www.kultursidan.nu\/index.php?rest_route=%2Fwp%2Fv2%2Fcomments&post=25948"}],"version-history":[{"count":0,"href":"https:\/\/www.kultursidan.nu\/index.php?rest_route=\/wp\/v2\/posts\/25948\/revisions"}],"wp:attachment":[{"href":"https:\/\/www.kultursidan.nu\/index.php?rest_route=%2Fwp%2Fv2%2Fmedia&parent=25948"}],"wp:term":[{"taxonomy":"category","embeddable":true,"href":"https:\/\/www.kultursidan.nu\/index.php?rest_route=%2Fwp%2Fv2%2Fcategories&post=25948"},{"taxonomy":"post_tag","embeddable":true,"href":"https:\/\/www.kultursidan.nu\/index.php?rest_route=%2Fwp%2Fv2%2Ftags&post=25948"}],"curies":[{"name":"wp","href":"https:\/\/api.w.org\/{rel}","templated":true}]}}