{"id":25954,"date":"2016-07-01T21:45:55","date_gmt":"2016-07-01T20:45:55","guid":{"rendered":"https:\/\/intelligent-friend-7861.standoutwp.com\/?p=25954"},"modified":"2016-07-09T20:03:27","modified_gmt":"2016-07-09T19:03:27","slug":"hjalmar-soderbergs-olyckliga-marta","status":"publish","type":"post","link":"https:\/\/www.kultursidan.nu\/?p=25954","title":{"rendered":"Hjalmar S\u00f6derbergs olyckliga M\u00e4rta"},"content":{"rendered":"<p><img loading=\"lazy\" decoding=\"async\" class=\"alignnone size-medium wp-image-25955\" src=\"https:\/\/www.kultursidan.nu\/wp-content\/uploads\/2016\/07\/DSCF7035-567x378.jpg\" alt=\"Lars Olofsson och Malin K\u00e4rrbrink\" width=\"567\" height=\"378\" srcset=\"https:\/\/www.kultursidan.nu\/wp-content\/uploads\/2016\/07\/DSCF7035-567x378.jpg 567w, https:\/\/www.kultursidan.nu\/wp-content\/uploads\/2016\/07\/DSCF7035-768x512.jpg 768w, https:\/\/www.kultursidan.nu\/wp-content\/uploads\/2016\/07\/DSCF7035-1024x682.jpg 1024w, https:\/\/www.kultursidan.nu\/wp-content\/uploads\/2016\/07\/DSCF7035-500x333.jpg 500w, https:\/\/www.kultursidan.nu\/wp-content\/uploads\/2016\/07\/DSCF7035-150x100.jpg 150w, https:\/\/www.kultursidan.nu\/wp-content\/uploads\/2016\/07\/DSCF7035.jpg 1280w\" sizes=\"auto, (max-width: 567px) 100vw, 567px\" \/><br \/>\n<em>Ber\u00e4ttelsen om ett livs\u00f6de. Lars Olofsson och Malin K\u00e4rrbrink spelar f\u00f6rfattaren Hjalmar S\u00f6derberg och hans hustru M\u00e4rta. De hoppas locka en vidare publik till Vadstena Nya Teater\u00a0 n\u00e4r de spelar i juli.<br \/>\n<\/em><\/p>\n<p>&nbsp;<\/p>\n<h1><span style=\"color: #ff0000;\">Tufft att g\u00e5 fr\u00e5n gr\u00e5t till skratt i tv\u00e4ra kast<\/span><\/h1>\n<p>&nbsp;<\/p>\n<p><strong>Hon var k\u00e4nslig och sjuk, blev en b\u00f6rda f\u00f6r sin man.<\/strong> Hon g\u00f6mdes undan p\u00e5 sjukhus och n\u00e4r hon dog hamnade hon i en ensam grav. Trots det sorgliga \u00f6det menar sk\u00e5despelarna att f\u00f6rest\u00e4llningen <em>M\u00e4rta gift S\u00f6derberg<\/em> som de spelar i Vadstena i sommar har utrymme f\u00f6r skratt. Ibland.<\/p>\n<p><strong>\u2013 N\u00e4r jag l\u00e4ste boken om henne s\u00e5 blev jag s\u00e5 arg, ledsen och uppr\u00f6rd.<\/strong> Hon st\u00e4lldes \u00e5t sidan av sin man, geniet, n\u00e4r hon gifte sig. N\u00e4r hon sedan dog fick hon ligga i en ensam grav medan \u00f6vriga familjen hade sitt mausoleum. Hon var en skam f\u00f6r sin familj.<\/p>\n<p>Sk\u00e5despelerskan Malin K\u00e4rrbrink gjorde n\u00e5got av sin l\u00e4supplevelse. Boken <em>M\u00e4rta och Hjalmar S\u00f6derberg \u2013 en \u00e4ktenskapskatastrof<\/em> \u00e4r skriven av psykiatrikern Johan Cullberg och S\u00f6derbergk\u00e4nnaren Bj\u00f6rn Sahlin. Det \u00e4r inte n\u00e5gon roman utan mer en studie som bygger p\u00e5 makarnas brev, dagb\u00f6cker och f\u00f6rfattarens egna verk, bland annat <em>Den allvarsamma leken<\/em>.<\/p>\n<p>\u2013 D\u00e5 ringde jag Dag Norg\u00e5rd. \u00c4r det n\u00e5gon som kan skriva ett manus s\u00e5 \u00e4r det han.<\/p>\n<p>Den erfarne teatermannen, med r\u00f6tterna i Sk\u00e5nska Teatern, Dag Norg\u00e5rd l\u00e4ste. Kollegerna p\u00e5 Vadstena Nya Teater l\u00e4ste. Det blev ett manus, en pj\u00e4s som Dag Norg\u00e5rd regisserade.<\/p>\n<p>&nbsp;<\/p>\n<p><a title=\"Vadstena Nya Teater\" href=\"https:\/\/www.flickr.com\/photos\/kultursidan\/27921951882\/in\/album-72157670393257796\/\"><img loading=\"lazy\" decoding=\"async\" src=\"https:\/\/c3.staticflickr.com\/8\/7420\/27921951882_86b363d916.jpg\" alt=\"Vadstena Nya Teater\" width=\"375\" height=\"500\" \/><\/a><br \/>\n<em>Vadstena Nya Teater h\u00e5ller \u00f6ppet i sommar.<\/em><\/p>\n<p>&nbsp;<\/p>\n<p><strong>Jag tr\u00e4ffar Malin K\u00e4rrbrink och Lars Olofsson p\u00e5 F\u00e4rgarg\u00e5rden i Norrk\u00f6ping.<\/strong> De vill n\u00e5 ut publiken \u00e4ven h\u00e4r, f\u00f6r till kulturp\u00e4rlan Vadstena \u00e5ker m\u00e5nga om sommaren. F\u00f6r ett par \u00e5r sedan gav de en f\u00f6rest\u00e4llning om <em>Ellen Key<\/em>.<\/p>\n<p>\u2013 Redan d\u00e5 m\u00e4rkte vi ett intresse f\u00f6r riktiga personers \u00f6den och f\u00f6r f\u00f6rfattaren, s\u00e4ger Lars Olofsson som spelar Hjalmar S\u00f6derberg i f\u00f6rest\u00e4llningen som hade premi\u00e4r i april och togs emot mycket v\u00e4l av b\u00e5de publik och kritik.<\/p>\n<p>\u2013 Vi har nog en komisk \u00e5dra i oss som f\u00e5r sitt utlopp i ganska tv\u00e4ra kast. Som sk\u00e5despelare \u00e4r det en tuff uppgift att n\u00e4stan direkt g\u00e5 fr\u00e5n gr\u00e5t till skratt, s\u00e4ger han..<\/p>\n<p><strong>\u2013 Vi g\u00f6r ingen tjusig bild av henne utan vill f\u00f6rdjupa problematiken.<\/strong> Men det \u00e4r M\u00e4rtas pj\u00e4s, allt skildras ur hennes perspektiv. Hon var nog skitjobbig med sina kroppsliga problem, hon fick ledg\u00e5ngsreumatism, f\u00f6rklarar Malin K\u00e4rrbrink.<\/p>\n<p>\u2013 Gubbarna satt p\u00e5 krogen, drack sprit och gjorde av pengar medan deras fruar skulle klara av hemmet och barnen. Men Hjalmars M\u00e4rta klarade inte av det, forts\u00e4tter Lars Olofsson.<\/p>\n<p>L\u00f6sningen efter tio \u00e5rs s\u00f6nderfallande \u00e4ktenskap blev att sp\u00e4rra in M\u00e4rta p\u00e5 sinnessjukhus. F\u00f6rlaget drev p\u00e5 och psykiatrin st\u00e4llde upp, som den gjort med fler kvinnor som blivit en b\u00f6rda f\u00f6r sina m\u00e4n.<\/p>\n<p>\u2013 Jag kan ju dra paralleller till unga kvinnor med sj\u00e4lskadebeteende, t\u00e4nker Malin K\u00e4rrbrink.<\/p>\n<p><strong>Och detta g\u00f6r ni teater av? <\/strong>Och f\u00f6rv\u00e4ntar er att folk ska komma och se, med pauser f\u00f6r mat?<\/p>\n<p>\u2013 \u00c4ven om den \u00e4r tung och allvarlig s\u00e5 har vi partier som \u00e4r l\u00e4ttare, d\u00e4r man f\u00e5r skratta. Vi tittar utifr\u00e5n, en ber\u00e4ttarform som underl\u00e4ttar f\u00f6r publiken att ta emot, understryker Lars Olofsson.<\/p>\n<p>\u2013 Teatern jobbar p\u00e5 flera niv\u00e5er, d\u00e5, nu och framtiden. Man m\u00e5ste alltid f\u00f6rsvara demokratin och alltid f\u00f6rsvara kvinnans st\u00e4llning! Jag blir ledsen n\u00e4r jag ser hur det g\u00e5tt bak\u00e5t f\u00f6r kvinnorna p\u00e5 senare tid, forts\u00e4tter han.<\/p>\n<p>\u2013 Med Dag Norg\u00e5rd kan publiken sitta och skruva p\u00e5 sig, sedan trillar poletten ner, avslutar Malin K\u00e4rrbrink.<\/p>\n<p>\u00a9 <em>Text: Ann-Charlotte Sandelin<br \/>\n<\/em>\u00a9 <em>Foto: <\/em><em>Ann-Charlotte Sandelin och Vadstena Nya Teater<\/em><\/p>\n<blockquote>\n<h3><em>VADSTENA NYA TEATER Vadstena<\/em><\/h3>\n<p><em>5 \u2013 21 juli 2016<br \/>\n<strong>M\u00e4rta gift S\u00f6derberg<br \/>\nden allvarsammaste leken<\/strong><\/em><br \/>\n<em> Manus och regi: Dag Norg\u00e5rd<\/em><br \/>\n<em> Musik: G\u00f6ran Friman<\/em><\/p>\n<p style=\"padding-left: 30px;\"><em>MEDVERKANDE<\/em><br \/>\n<em> Malin K\u00e4rrbrink<\/em><br \/>\n<em> Lars Olofsson<\/em><br \/>\n<em> Eva Granlund<\/em><br \/>\n<em> G\u00f6ran Friman<\/em><\/p>\n<\/blockquote>\n<p>L\u00c4NKAR<br \/>\nM\u00e4rta och Hjalmar S\u00f6derberg <a href=\"http:\/\/www.nok.se\/Akademisk\/Titlar\/Popularpsykologi\/Psykologi--samhalle\/Marta-och-Hjalmar-Soderberg\/\" target=\"_blank\">om boken<\/a><br \/>\nVadstena Nya Teater <a href=\"http:\/\/vadstenanyateater.se\/gallery\/marta-gift-soderberg\/\" target=\"_blank\">hemsida<\/a> <a href=\"https:\/\/www.facebook.com\/VadstenaNyaTeater\" target=\"_blank\">Facebook<br \/>\n<\/a> Mycket teatern\u00f6je \u00e4ven sommaren 2016 <a href=\"https:\/\/www.kultursidan.nu\/?p=25383\" target=\"_blank\">LISTA<\/a> Kultursidan.nu 26\/5 2016<\/p>\n","protected":false},"excerpt":{"rendered":"<p>VADSTENA Hon var k\u00e4nslig och sjuk, blev en b\u00f6rda f\u00f6r sin man. Hon g\u00f6mdes undan p\u00e5 sjukhus och n\u00e4r hon dog hamnade hon i en ensam grav. Trots det sorgliga \u00f6det menar sk\u00e5despelarna att M\u00e4rta gift S\u00f6derberg har utrymme f\u00f6r skratt. Ibland. <a class=\"continue-reading-link\" href=\"https:\/\/www.kultursidan.nu\/?p=25954\">L\u00e4s mer <span class=\"meta-nav\">&rarr; <\/span><\/a><\/p>\n","protected":false},"author":1001006,"featured_media":0,"comment_status":"closed","ping_status":"open","sticky":false,"template":"","format":"standard","meta":{"_jetpack_memberships_contains_paid_content":false,"footnotes":""},"categories":[72],"tags":[12],"class_list":["post-25954","post","type-post","status-publish","format-standard","hentry","category-vadstena","tag-teater"],"jetpack_featured_media_url":"","jetpack_sharing_enabled":true,"_links":{"self":[{"href":"https:\/\/www.kultursidan.nu\/index.php?rest_route=\/wp\/v2\/posts\/25954","targetHints":{"allow":["GET"]}}],"collection":[{"href":"https:\/\/www.kultursidan.nu\/index.php?rest_route=\/wp\/v2\/posts"}],"about":[{"href":"https:\/\/www.kultursidan.nu\/index.php?rest_route=\/wp\/v2\/types\/post"}],"author":[{"embeddable":true,"href":"https:\/\/www.kultursidan.nu\/index.php?rest_route=\/wp\/v2\/users\/1001006"}],"replies":[{"embeddable":true,"href":"https:\/\/www.kultursidan.nu\/index.php?rest_route=%2Fwp%2Fv2%2Fcomments&post=25954"}],"version-history":[{"count":0,"href":"https:\/\/www.kultursidan.nu\/index.php?rest_route=\/wp\/v2\/posts\/25954\/revisions"}],"wp:attachment":[{"href":"https:\/\/www.kultursidan.nu\/index.php?rest_route=%2Fwp%2Fv2%2Fmedia&parent=25954"}],"wp:term":[{"taxonomy":"category","embeddable":true,"href":"https:\/\/www.kultursidan.nu\/index.php?rest_route=%2Fwp%2Fv2%2Fcategories&post=25954"},{"taxonomy":"post_tag","embeddable":true,"href":"https:\/\/www.kultursidan.nu\/index.php?rest_route=%2Fwp%2Fv2%2Ftags&post=25954"}],"curies":[{"name":"wp","href":"https:\/\/api.w.org\/{rel}","templated":true}]}}