{"id":26540,"date":"2016-08-17T19:27:33","date_gmt":"2016-08-17T18:27:33","guid":{"rendered":"https:\/\/intelligent-friend-7861.standoutwp.com\/?p=26540"},"modified":"2016-08-17T19:27:33","modified_gmt":"2016-08-17T18:27:33","slug":"kristin-amparo-och-joel-lyssarides-trio-recension","status":"publish","type":"post","link":"https:\/\/www.kultursidan.nu\/?p=26540","title":{"rendered":"Kristin Amparo och Joel Lyssarides trio (recension)"},"content":{"rendered":"<p><img loading=\"lazy\" decoding=\"async\" class=\"alignnone size-medium wp-image-26541\" src=\"https:\/\/www.kultursidan.nu\/wp-content\/uploads\/2016\/08\/DSCF0544-567x378.jpg\" alt=\"Kristsin Amparo\" width=\"567\" height=\"378\" srcset=\"https:\/\/www.kultursidan.nu\/wp-content\/uploads\/2016\/08\/DSCF0544-567x378.jpg 567w, https:\/\/www.kultursidan.nu\/wp-content\/uploads\/2016\/08\/DSCF0544-768x512.jpg 768w, https:\/\/www.kultursidan.nu\/wp-content\/uploads\/2016\/08\/DSCF0544-1024x682.jpg 1024w, https:\/\/www.kultursidan.nu\/wp-content\/uploads\/2016\/08\/DSCF0544-500x333.jpg 500w, https:\/\/www.kultursidan.nu\/wp-content\/uploads\/2016\/08\/DSCF0544-150x100.jpg 150w, https:\/\/www.kultursidan.nu\/wp-content\/uploads\/2016\/08\/DSCF0544.jpg 1280w\" sizes=\"auto, (max-width: 567px) 100vw, 567px\" \/><br \/>\n<em>Tryck. Kristin Amparo har en kraft och k\u00e4nsla i sin s\u00e5ng. P\u00e5 m\u00e5ndagskv\u00e4llen gav hon konsert tillsammans med Joel Lyssarides trio p\u00e5 Crescendo inom ramen f\u00f6r \u00d6sterg\u00f6tlands musikdagar.<\/em><\/p>\n<p>&nbsp;<\/p>\n<h1><span style=\"color: #ff0000;\">L\u00e4ttlyssnad melankolisk jazz<\/span><\/h1>\n<p>&nbsp;<\/p>\n<p><strong>Dreamteam. <\/strong>Hennes debutalbum hette \u201dA Dream\u201d, och under m\u00e5ndagskv\u00e4llen kallade Kristin Amparo Joel Lyssarides trio sk\u00e4mtsamt f\u00f6r \u201ddreamteam\u201d. Men faktum \u00e4r att de faktiskt lyfte henne, som redan tidigare blivit j\u00e4mf\u00f6rd med Ella Fitzgerald och Amy Winehouse<strong>.<\/strong><\/p>\n<p><strong>F\u00f6rsta g\u00e5ngen jag s\u00e5g Kristin Amparo live var i slutet p\u00e5 november f\u00f6rra \u00e5ret,<\/strong> n\u00e4r hon ihop med storband och tv\u00e5 andra artister intog De Geerhallen i Norrk\u00f6ping. Det var en hyllningskonsert f\u00f6r Frank Sinatra \u2013 som hade 100-\u00e5rsjubileum.<\/p>\n<p>Scenen p\u00e5 Crescendo \u00e4r betydligt mindre, men Amparo verkar lika glad \u00e4nd\u00e5. \u201dTrevligt att vara h\u00e4r\u201d, s\u00e4ger hon och verkar uppriktig. Det \u00e4r hennes f\u00f6rsta g\u00e5ng p\u00e5 denna lilla scen, och hon s\u00e4ger att det \u00e4r kul med nya ansikten. Under hela kv\u00e4llen ger hon en k\u00e4nsla av att se individerna i sin publik.<\/p>\n<p>&nbsp;<\/p>\n<p><a title=\"Robert Ikiz\" href=\"https:\/\/www.flickr.com\/photos\/kultursidan\/28763404090\/in\/album-72157669493047173\/\"><img loading=\"lazy\" decoding=\"async\" src=\"https:\/\/c3.staticflickr.com\/9\/8316\/28763404090_d3081f01af.jpg\" alt=\"Robert Ikiz\" width=\"500\" height=\"333\" \/><\/a><br \/>\n<em>Raffinerad start. Robert Ikiz klappade h\u00e4nderna till \u00f6ppningsnumret I&#8217;ve Seen The Devil.<\/em><\/p>\n<p>&nbsp;<\/p>\n<p><strong>K\u00e4nslan \u00e4r intim och Robert Ikiz bakom trummorna klappar takten med h\u00e4nderna till \u00f6ppningsnumret, <em>I\u2019ve Seen The Devil.<\/em><\/strong> L\u00e5ten \u00e4r skriven av Amparo sj\u00e4lv, och \u00e4r faktiskt inte inspelad \u00e4n \u2013 men jag l\u00e4ngtar redan till att den blir det. Ber\u00e4ttelsen bakom \u2013 att hon skrev den under en resa till Sydafrika med SOS Barnbyar \u2013 g\u00f6r den \u00e4n mer ber\u00f6rande. P\u00e5 en soptipp levde 40.000 personer i mis\u00e4r, men enligt Amparo fanns d\u00e4r ocks\u00e5 fantastiska personer som h\u00f6ll musiken och dansen fullt levande. Hon spelade och sj\u00f6ng med barnen.<\/p>\n<p><strong>Flera av l\u00e5tarna under kv\u00e4llen p\u00e5 Crescendo \u00e4r annars fr\u00e5n albumet \u201dA Dream\u201d (2015).<\/strong> Jag har redan lyssnat in mig lite p\u00e5 det innan spelningen och t\u00e4nkt att mitt tidigare frekvent lyssnade favoritalbum <em>Worrisome Heart<\/em> (2007) av den amerikanska jazzartisten Melody Gardot kanske kan f\u00e5 sig ett substitut. \u201dA Dream\u201d \u00e4r dock \u00e4n mer melankoliskt, tycker jag.<\/p>\n<p>Amparo ber\u00e4ttar att l\u00e5ten <em>The Meaning Of The Blues<\/em> \u2013 som \u00e4r ett sp\u00e5r p\u00e5 albumet \u2013 var en av de f\u00f6rsta jazzl\u00e5tarna hon fick l\u00e4ra sig. Albumets f\u00f6rsta sp\u00e5r, <em>Waiter Make Mine Blues,<\/em> best\u00e4mde hon sig f\u00f6r att ha kul med p\u00e5 turn\u00e9n efter att ha g\u00e5tt p\u00e5 Lunnevads folkh\u00f6gskola, inf\u00f6r s\u00f6kandet till landets olika Musikh\u00f6gskolor. (Hon visste ju inte hur det skulle g\u00e5 \u2013 eller om hon n\u00e5gonsin skulle f\u00e5 spela med s\u00e5 bra band igen som skolornas.)<\/p>\n<p>&nbsp;<\/p>\n<p><a title=\"Kristin Amparo och Joel Lyssarides trio\" href=\"https:\/\/www.flickr.com\/photos\/kultursidan\/29016746066\/in\/album-72157669493047173\/\"><img loading=\"lazy\" decoding=\"async\" src=\"https:\/\/c3.staticflickr.com\/9\/8238\/29016746066_6f87cd6601.jpg\" alt=\"Kristin Amparo och Joel Lyssarides trio\" width=\"500\" height=\"333\" \/><\/a><br \/>\n<em> Bl\u00e5 st\u00e4mning. Kristin Amparo med Joel Lyssarides leende trio.<\/em><\/p>\n<p>&nbsp;<\/p>\n<p><strong>Kristin Amparo \u00e4r m\u00e5nga g\u00e5nger teatralisk i sitt uttryck,<\/strong> men bara s\u00e5 att hon k\u00e4nns inlevelsefull och n\u00e4rvarande \u2013 aldrig s\u00e5 att hon g\u00e5r till \u00f6verdrift. Hela g\u00e4nget verkar ocks\u00e5, trots l\u00e5tarnas \u00e5terkommande melankoli, ha riktigt roligt p\u00e5 scenen. Trummisen Robert Ikiz och basisten Niklas Wennstr\u00f6m tittar ibland menande p\u00e5 varandra medan de spelar, och utmanar varandra till nya improvisationer. Detta bidrar till en l\u00e4ttsam st\u00e4mning som g\u00f6r musiken b\u00e5de l\u00e4ttlyssnad och underh\u00e5llande.<\/p>\n<p>Samtliga instrumentalister g\u00f6r ocks\u00e5 str\u00e5lande soloinsatser, och i <em>The Moon\u2019s A Harsh Mistress<\/em> (skriven av Jimmy Webb) f\u00e5r duon Kristin Amparo och Joel Lyssaride ensamma ta plats med s\u00e5ng och piano. S\u00e5dana sm\u00e5 f\u00f6r\u00e4ndringar i scenbilden g\u00f6r konserten dynamisk och intressant p\u00e5 flera s\u00e4tt. Vi bjuds till exempel p\u00e5 en omgjord version av den popul\u00e4ra <em>Love Story (Where Do I Begin?)<\/em> \u2013 sp\u00e4nnande!<\/p>\n<p><strong>Men r\u00f6sten d\u00e5, hur ska jag beskriva den?<\/strong> Att p\u00e5 affischen, utifr\u00e5n Dagens Nyheters formulering, skriva att Kristin Amparo \u00e4r \u201dElla Fitzgerald och Amy Winehouse i en och samma person\u201d kan verka som ett dj\u00e4rvt drag \u2013 men det st\u00e4mmer ju! Jag skulle vilja p\u00e5st\u00e5 att Kristin Amparo \u00e4r en av Sveriges b\u00e4sta vokalister. Hon och Seinabo Sey \u00e4r de enda jag h\u00f6rt med s\u00e5dan kraft och k\u00e4nsla i sin s\u00e5ng. Det \u00e4r nog n\u00e5got som m\u00e5ste upplevas, inte beskrivas. Ja, hur musikaliteten fyller en.<\/p>\n<p>&nbsp;<\/p>\n<p><a title=\"Kristin Amparo\" href=\"https:\/\/www.flickr.com\/photos\/kultursidan\/28428854604\/in\/album-72157669493047173\/\"><img loading=\"lazy\" decoding=\"async\" src=\"https:\/\/c5.staticflickr.com\/9\/8513\/28428854604_d205d82917.jpg\" alt=\"Kristin Amparo\" width=\"500\" height=\"333\" \/><\/a><br \/>\n<em> L\u00e5tskrivare med k\u00e4nsla och allvar. Konserten v\u00e4xlade mellan egna, starkt personliga. och andras, \u00e4ven de starkt personliga, l\u00e5tar.<\/em><\/p>\n<p>&nbsp;<\/p>\n<p><strong>Kristin Amparo visar sig dessutom vara en beg\u00e5vad l\u00e5tskrivare,<\/strong> och osl\u00e4ppt material som \u201dFreedom\u201d (som hon skrev efter att ha tr\u00e4ffat sin biologiska mamma i Colombia f\u00f6r f\u00f6rsta g\u00e5ngen) och <em>Her Name Was Love<\/em> (om hur den d\u00e4r snygga, l\u00e5nga mannen i Kuba faktiskt inte var Den Stora K\u00e4rleken) ber\u00f6r mig s\u00e4rskilt.<\/p>\n<p>Mellansnacken g\u00f6rs med humor och v\u00e4rme, och n\u00e4r hon kallar Nina Simone \u201dcool\u201d och \u201dviktig\u201d innan framf\u00f6randet av hennes <em>Wild Is The Wind<\/em> t\u00e4nker jag att Kristin Amparo har mycket gemensamt med ikonen.<\/p>\n<p><strong>Joel Lyssarides trio lyfter Kristin Amparo mer \u00e4n ett storband,<\/strong> som hon visserligen ocks\u00e5 \u00e4gde scenen med vid Sinatrakonserter. Vid slutet st\u00e4ller sig flera i publiken upp, och jag \u00e4r f\u00f6rv\u00e5nad att det inte h\u00e4nde tidigare. Det allra sista numret blir extral\u00e5ten <em>To Say Goodbye,<\/em> som passar perfekt som avskedsl\u00e5t. Nu v\u00e4ntar jag bara p\u00e5 n\u00e4sta konsert med fler egenkomponerade l\u00e5tar.<\/p>\n<p><em>\u00a9 Text: Melinda Reyes Hiltunen<br \/>\n\u00a9 Foto: Ann-Charlotte Sandelin<\/em><\/p>\n<p>BILDSPEL (FLASH) \u2013 KLICKA P\u00c5 BILDEN <em><br \/>\nALT\/MOBIL: SE BILDSPELET <a title=\"Bildspel\" href=\"https:\/\/www.flickr.com\/photos\/kultursidan\/sets\/72157669493047173\/show\/\" target=\"_blank\">H\u00c4R<\/a><\/em><\/p>\n<p><object width=\"400\" height=\"300\"><param name=\"flashvars\" value=\"offsite=true&amp;lang=en-us&amp;page_show_url=%2Fphotos%2Fkultursidan%2Fsets%2F72157669493047173%2Fshow%2F&amp;page_show_back_url=%2Fphotos%2Fkultursidan%2Fsets%2F72157669493047173%2F&amp;set_id=72157669493047173&amp;jump_to=\" \/><param name=\"movie\" value=\"https:\/\/www.flickr.com\/apps\/slideshow\/show.swf?v=1811922554\" \/><param name=\"allowFullScreen\" value=\"true\" \/><\/object><\/p>\n<blockquote>\n<h3><em>CRESCENDO Norrk\u00f6ping<\/em><\/h3>\n<p>15 augusti 2016<em><br \/>\n<strong>Kristin Amparo och Joel Lyssarides trio<\/strong><br \/>\nS\u00e5ng: Kristin Amparo<br \/>\nPiano: Joel Lyssarides<br \/>\nBas: Niklas Wennstr\u00f6m<br \/>\nTrummor: Robert Ikiz<br \/>\nArr: Crescendo och \u00d6sterg\u00f6tlands Musikdagar<\/em><\/p>\n<p style=\"padding-left: 30px;\"><em>Konserten ges \u00e4ven den 19 augusti 2016 kl. 19 i Baptistkyrkan, Link\u00f6ping (d\u00e5 i samarrangemang med Great Jazz Club).<\/em><\/p>\n<\/blockquote>\n<p>L\u00c4NKAR<br \/>\nKristin Amparo <a href=\"http:\/\/www.kristinamparo.com\" target=\"_blank\">hemsida <\/a><br \/>\nJoel Lyssarides <a href=\"http:\/\/www.joellyssarides.com\" target=\"_blank\">hemsida <\/a><br \/>\nCrescendo <a href=\"http:\/\/crescendomusik.se\" target=\"_blank\">hemsida<\/a> <a href=\"https:\/\/www.facebook.com\/pages\/Crescendo\/102448649790672?fref=ts\" target=\"_blank\">Facebook<\/a><br \/>\n\u00d6sterg\u00f6tlands Musikdagar <a href=\"http:\/\/www.musikdagar.com\" target=\"_blank\">hemsida<\/a> <a href=\"https:\/\/www.facebook.com\/%C3%96sterg%C3%B6tlands-Musikdagar-1619689628341800\/\" target=\"_blank\">Facebook<\/a> <a href=\"https:\/\/www.facebook.com\/%C3%96sterg%C3%B6tlands-Musikdagar-1619689628341800\/events\" target=\"_blank\">FB-evenemang<\/a><br \/>\nStorslaget f\u00f6delsedagskalas f\u00f6r Sinatra <a href=\"http:\/\/www.folkbladet.se\/kultur-noje\/storslaget-fodelsedagskalas-for-sinatra-8897842.aspx\" target=\"_blank\">recension<\/a> Folkbladet 30\/11 2015<br \/>\nVad har du i tratten? p\u00e5 Konstmuseet <a href=\"https:\/\/www.kultursidan.nu\/?p=26526\" target=\"_blank\">recension<\/a> Kultursidan.nu 16\/8 2016<br \/>\nStark och h\u00f6g inledning p\u00e5 Musikdagarna <a href=\"https:\/\/www.kultursidan.nu\/?p=26509\" target=\"_blank\">recension<\/a> Kultursidan.nu 15\/8 2016<br \/>\nMusikdagarna hyllar Otto Freudenthal <a href=\"https:\/\/www.kultursidan.nu\/?p=26485\" target=\"_blank\">reportage<\/a> Kultursidan.nu 12\/8 2016<br \/>\n\u00c4ngeln Seinabo Sey i Flygelns sk\u00f6na ljus <a href=\"https:\/\/www.kultursidan.nu\/?p=23455\" target=\"_blank\">recension<\/a> Kultursidan.nu 1\/2 2016<\/p>\n","protected":false},"excerpt":{"rendered":"<p>NORRK\u00d6PING Dreamteam. Hennes debutalbum hette \u201dA Dream\u201d, och under m\u00e5ndagskv\u00e4llen kallade Kristin Amparo Joel Lyssarides trio sk\u00e4mtsamt f\u00f6r \u201ddreamteam\u201d. Men faktum \u00e4r att de faktiskt lyfte henne, som redan tidigare blivit j\u00e4mf\u00f6rd med Ella Fitzgerald och Amy Winehouse. <a class=\"continue-reading-link\" href=\"https:\/\/www.kultursidan.nu\/?p=26540\">L\u00e4s mer <span class=\"meta-nav\">&rarr; <\/span><\/a><\/p>\n","protected":false},"author":1001006,"featured_media":0,"comment_status":"closed","ping_status":"open","sticky":false,"template":"","format":"standard","meta":{"_jetpack_memberships_contains_paid_content":false,"footnotes":""},"categories":[55,7],"tags":[29,13],"class_list":["post-26540","post","type-post","status-publish","format-standard","hentry","category-linkoping","category-norrkoping","tag-festival","tag-musik"],"jetpack_featured_media_url":"","jetpack_sharing_enabled":true,"_links":{"self":[{"href":"https:\/\/www.kultursidan.nu\/index.php?rest_route=\/wp\/v2\/posts\/26540","targetHints":{"allow":["GET"]}}],"collection":[{"href":"https:\/\/www.kultursidan.nu\/index.php?rest_route=\/wp\/v2\/posts"}],"about":[{"href":"https:\/\/www.kultursidan.nu\/index.php?rest_route=\/wp\/v2\/types\/post"}],"author":[{"embeddable":true,"href":"https:\/\/www.kultursidan.nu\/index.php?rest_route=\/wp\/v2\/users\/1001006"}],"replies":[{"embeddable":true,"href":"https:\/\/www.kultursidan.nu\/index.php?rest_route=%2Fwp%2Fv2%2Fcomments&post=26540"}],"version-history":[{"count":0,"href":"https:\/\/www.kultursidan.nu\/index.php?rest_route=\/wp\/v2\/posts\/26540\/revisions"}],"wp:attachment":[{"href":"https:\/\/www.kultursidan.nu\/index.php?rest_route=%2Fwp%2Fv2%2Fmedia&parent=26540"}],"wp:term":[{"taxonomy":"category","embeddable":true,"href":"https:\/\/www.kultursidan.nu\/index.php?rest_route=%2Fwp%2Fv2%2Fcategories&post=26540"},{"taxonomy":"post_tag","embeddable":true,"href":"https:\/\/www.kultursidan.nu\/index.php?rest_route=%2Fwp%2Fv2%2Ftags&post=26540"}],"curies":[{"name":"wp","href":"https:\/\/api.w.org\/{rel}","templated":true}]}}