{"id":26730,"date":"2016-08-29T17:46:36","date_gmt":"2016-08-29T16:46:36","guid":{"rendered":"https:\/\/intelligent-friend-7861.standoutwp.com\/?p=26730"},"modified":"2016-08-29T17:47:08","modified_gmt":"2016-08-29T16:47:08","slug":"leif-elggren-och-annan-musik-gastar-kronan","status":"publish","type":"post","link":"https:\/\/www.kultursidan.nu\/?p=26730","title":{"rendered":"Leif Elggren och Annan musik p\u00e5 Kronan"},"content":{"rendered":"<h2>Om m\u00f6ten mellan ljud och bild<\/h2>\n<p>NORRK\u00d6PING <strong>Samtal om ljudkonst p\u00e5 galleri.<\/strong> Leif Elggren \u00e4r en av landets fr\u00e4msta ljudkonstn\u00e4rer men har ocks\u00e5 sysslat med performance och bildkonst. N\u00e4sta vecka g\u00e4star han f\u00f6reningen Annan musik f\u00f6r ett f\u00f6redrag och samtal kring m\u00f6ten mellan ljud och bild. Leif Elggren kommer att ber\u00e4tta och spela upp omkring sitt arbete. Det blir \u00e4ven utrymme f\u00f6r samtal och fr\u00e5gor.<\/p>\n<blockquote>\n<h3><em>GALLERI KRONAN Norrk\u00f6ping<\/em><\/h3>\n<p>8 september 2016 kl 19<em><br \/>\n<strong>Leif Elggren<\/strong><\/em><br \/>\n<em> Arr: F\u00f6reningen Annan musik och Galleri Kronan\/KIFiN<\/em><\/p><\/blockquote>\n<p>L\u00c4NKAR<br \/>\nLeif Elggren <a href=\"http:\/\/leifelggren.org\" target=\"_blank\">hemsida <\/a><br \/>\nAnnan musik <a href=\"http:\/\/annanmusik.se\/php\/\" target=\"_blank\">hemsida<\/a> <a href=\"https:\/\/www.facebook.com\/Annan-Musik-311183571942\/?fref=ts\" target=\"_blank\">Facebook <\/a><br \/>\nGalleri Kronan <a href=\"http:\/\/www.gallerikronan.se\" target=\"_blank\">hemsida<\/a> <a href=\"https:\/\/www.facebook.com\/Galleri-Kronan-222739187788587\/?fref=ts\" target=\"_blank\">Facebook<\/a><\/p>\n","protected":false},"excerpt":{"rendered":"<p>KORTNYTT\/NORRK\u00d6PING Samtal om ljudkonst p\u00e5 galleri. Leif Elggren \u00e4r en av landets fr\u00e4msta ljudkonstn\u00e4rer men har ocks\u00e5 sysslat med performance och bildkonst. <a class=\"continue-reading-link\" href=\"https:\/\/www.kultursidan.nu\/?p=26730\">L\u00e4s mer <span class=\"meta-nav\">&rarr; <\/span><\/a><\/p>\n","protected":false},"author":1001006,"featured_media":0,"comment_status":"closed","ping_status":"open","sticky":false,"template":"","format":"standard","meta":{"_jetpack_memberships_contains_paid_content":false,"footnotes":""},"categories":[81,7],"tags":[14],"class_list":["post-26730","post","type-post","status-publish","format-standard","hentry","category-snappat","category-norrkoping","tag-konst"],"jetpack_featured_media_url":"","jetpack_sharing_enabled":true,"_links":{"self":[{"href":"https:\/\/www.kultursidan.nu\/index.php?rest_route=\/wp\/v2\/posts\/26730","targetHints":{"allow":["GET"]}}],"collection":[{"href":"https:\/\/www.kultursidan.nu\/index.php?rest_route=\/wp\/v2\/posts"}],"about":[{"href":"https:\/\/www.kultursidan.nu\/index.php?rest_route=\/wp\/v2\/types\/post"}],"author":[{"embeddable":true,"href":"https:\/\/www.kultursidan.nu\/index.php?rest_route=\/wp\/v2\/users\/1001006"}],"replies":[{"embeddable":true,"href":"https:\/\/www.kultursidan.nu\/index.php?rest_route=%2Fwp%2Fv2%2Fcomments&post=26730"}],"version-history":[{"count":0,"href":"https:\/\/www.kultursidan.nu\/index.php?rest_route=\/wp\/v2\/posts\/26730\/revisions"}],"wp:attachment":[{"href":"https:\/\/www.kultursidan.nu\/index.php?rest_route=%2Fwp%2Fv2%2Fmedia&parent=26730"}],"wp:term":[{"taxonomy":"category","embeddable":true,"href":"https:\/\/www.kultursidan.nu\/index.php?rest_route=%2Fwp%2Fv2%2Fcategories&post=26730"},{"taxonomy":"post_tag","embeddable":true,"href":"https:\/\/www.kultursidan.nu\/index.php?rest_route=%2Fwp%2Fv2%2Ftags&post=26730"}],"curies":[{"name":"wp","href":"https:\/\/api.w.org\/{rel}","templated":true}]}}