{"id":26811,"date":"2016-09-03T16:11:12","date_gmt":"2016-09-03T15:11:12","guid":{"rendered":"https:\/\/intelligent-friend-7861.standoutwp.com\/?p=26811"},"modified":"2016-09-03T16:11:12","modified_gmt":"2016-09-03T15:11:12","slug":"kulturtat-host-for-stora-sma-pa-stinsen","status":"publish","type":"post","link":"https:\/\/www.kultursidan.nu\/?p=26811","title":{"rendered":"Kulturt\u00e4t h\u00f6st f\u00f6r stora &#038; sm\u00e5 p\u00e5 Stinsen"},"content":{"rendered":"<h2>Tre teaterpj\u00e4ser f\u00f6r yngre barn<\/h2>\n<p>S\u00d6DERK\u00d6PING <strong>Fr\u00e5n Igelsj\u00f6n till romantikens Prag.<\/strong> H\u00f6sten p\u00e5 Stinsen i S\u00f6derk\u00f6ping fylls av intressanta f\u00f6rel\u00e4sningar n\u00e4r Retro, Nyfiken p\u00e5 och Musikk\u00e5serierna drar ig\u00e5ng.<\/p>\n<p><strong>F\u00f6r barnen blir det teater bland andra aktiviteter.<\/strong> <em>Vem ska tr\u00f6sta knyttet? <\/em>och<em> Kanel &amp; Kanin och alla k\u00e4nslorna,<\/em> b\u00e5da med Teater Pelikanen. Teater TR3 fr\u00e5gar <em>Ska vi va?<\/em><\/p>\n<p><strong><em>Nyfiken p\u00e5<\/em> blickar ut\u00e5t mot samh\u00e4llet med f\u00f6rel\u00e4sare fr\u00e5n utrikeskorrespondenten Bertil Karlefors till aktivistforskaren Anna-Lena Lodenius.<\/strong> \u00c4ven de popul\u00e4ra <em>Musikk\u00e5serierna<\/em> knyter an p\u00e5 sitt s\u00e4tt till det temat n\u00e4r Stig Jacobsson \u00e4r ciceron i romantikens och nationalismens Prag.<\/p>\n<p><em>Retro<\/em> gr\u00e4ver mer lokalt, hur var det med Igelsj\u00f6n och Sk\u00e4llviksborg? <em>Filosofiskt forum<\/em> med Lars Sundberg forts\u00e4tter resan in\u00e5t, tillsammans funderar deltagarna \u00f6ver begrepp fr\u00e5n \u201dgodhet\u201d till \u201df\u00f6rlust\u201d.<\/p>\n<blockquote>\n<h3><em>STINSEN S\u00f6derk\u00f6ping<\/em><\/h3>\n<p>H\u00f6sten 2016<em><br \/>\n<strong>Barnsliga l\u00f6rdagar<br \/>\nFilosofiskt forum<br \/>\nMusikk\u00e5seri<br \/>\nNyfiken p\u00e5<br \/>\nRetro<br \/>\n<\/strong>Arr: S\u00f6derk\u00f6pings kommun m.fl.<\/em><\/p><\/blockquote>\n<p>L\u00c4NKAR<br \/>\nBarnsliga l\u00f6rdagar <a href=\"http:\/\/www.soderkoping.se\/globalassets\/documents\/05-kultur-o-fritid\/04-kultur\/barnsliga-lordagar_vt2016_ny_2pdf\" target=\"_blank\">program<br \/>\n<\/a>Filosofiskt forum <a href=\"http:\/\/www.soderkoping.se\/globalassets\/documents\/05-kultur-o-fritid\/04-kultur\/forelasningsserier\/filosofisktforum_ht16pdf\" target=\"_blank\">program <\/a><br \/>\nMusikk\u00e5seri <a href=\"http:\/\/www.soderkoping.se\/globalassets\/documents\/05-kultur-o-fritid\/04-kultur\/forelasningsserier\/musikkaserier2016htpdf\" target=\"_blank\">program <\/a><br \/>\nNyfiken p\u00e5 <a href=\"http:\/\/www.soderkoping.se\/globalassets\/documents\/05-kultur-o-fritid\/04-kultur\/forelasningsserier\/nyfikenpa_host2016pdf\" target=\"_blank\">program <\/a><br \/>\nRetro <a href=\"http:\/\/www.soderkoping.se\/globalassets\/documents\/05-kultur-o-fritid\/04-kultur\/forelasningsserier\/retro_host2016pdf\" target=\"_blank\">program <\/a><br \/>\nS\u00f6derk\u00f6pings kommun kultur och fritid <a href=\"http:\/\/www.soderkoping.se\/kultur-fritid\/\" target=\"_blank\">hemsida<\/a><\/p>\n","protected":false},"excerpt":{"rendered":"<p>KORTNYTT\/S\u00d6DERK\u00d6PING Fr\u00e5n Igelsj\u00f6n till romantikens Prag. H\u00f6sten p\u00e5 Stinsen i S\u00f6derk\u00f6ping fylls av intressanta f\u00f6rel\u00e4sningar n\u00e4r Retro, Nyfiken p\u00e5 och Musikk\u00e5serierna drar ig\u00e5ng. Filosofiskt forum forts\u00e4tter. F\u00f6r barnen blir det teater bland andra aktiviteter. <a class=\"continue-reading-link\" href=\"https:\/\/www.kultursidan.nu\/?p=26811\">L\u00e4s mer <span class=\"meta-nav\">&rarr; <\/span><\/a><\/p>\n","protected":false},"author":1001006,"featured_media":0,"comment_status":"closed","ping_status":"open","sticky":false,"template":"","format":"standard","meta":{"_jetpack_memberships_contains_paid_content":false,"footnotes":""},"categories":[6],"tags":[37,53,13,56],"class_list":["post-26811","post","type-post","status-publish","format-standard","hentry","category-soderkoping","tag-barnkultur","tag-foredrag","tag-musik","tag-politik"],"jetpack_featured_media_url":"","jetpack_sharing_enabled":true,"_links":{"self":[{"href":"https:\/\/www.kultursidan.nu\/index.php?rest_route=\/wp\/v2\/posts\/26811","targetHints":{"allow":["GET"]}}],"collection":[{"href":"https:\/\/www.kultursidan.nu\/index.php?rest_route=\/wp\/v2\/posts"}],"about":[{"href":"https:\/\/www.kultursidan.nu\/index.php?rest_route=\/wp\/v2\/types\/post"}],"author":[{"embeddable":true,"href":"https:\/\/www.kultursidan.nu\/index.php?rest_route=\/wp\/v2\/users\/1001006"}],"replies":[{"embeddable":true,"href":"https:\/\/www.kultursidan.nu\/index.php?rest_route=%2Fwp%2Fv2%2Fcomments&post=26811"}],"version-history":[{"count":0,"href":"https:\/\/www.kultursidan.nu\/index.php?rest_route=\/wp\/v2\/posts\/26811\/revisions"}],"wp:attachment":[{"href":"https:\/\/www.kultursidan.nu\/index.php?rest_route=%2Fwp%2Fv2%2Fmedia&parent=26811"}],"wp:term":[{"taxonomy":"category","embeddable":true,"href":"https:\/\/www.kultursidan.nu\/index.php?rest_route=%2Fwp%2Fv2%2Fcategories&post=26811"},{"taxonomy":"post_tag","embeddable":true,"href":"https:\/\/www.kultursidan.nu\/index.php?rest_route=%2Fwp%2Fv2%2Ftags&post=26811"}],"curies":[{"name":"wp","href":"https:\/\/api.w.org\/{rel}","templated":true}]}}