{"id":27023,"date":"2016-09-21T09:21:37","date_gmt":"2016-09-21T08:21:37","guid":{"rendered":"https:\/\/intelligent-friend-7861.standoutwp.com\/?p=27023"},"modified":"2016-09-21T11:16:26","modified_gmt":"2016-09-21T10:16:26","slug":"tips-tva-hang-barnmodell-hos-vampyrer","status":"publish","type":"post","link":"https:\/\/www.kultursidan.nu\/?p=27023","title":{"rendered":"Tips TV\u00c5: H\u00e4ng barnmodell hos vampyrer"},"content":{"rendered":"<h2>Bl\u00e5s s\u00e5pbubblor \u2022 Teckna teaterkroppar \u2022 Thornells sista<\/h2>\n<p>KULTURNATTSTIPS V\u00e5ra medarbetare letar efter guldkornen som kan glimma i Kulturnatten. Finns de vid S\u00f6der Tull, p\u00e5 Gredelin eller p\u00e5 Ingelstorps Caf\u00e9?<\/p>\n<p style=\"padding-left: 60px;\"><em>11 \u2013 16<\/em> <strong>Sjung med Bosse gitarr och Babblarna, se p\u00e5 teater, g\u00e5 p\u00e5 familjevisning, skapa och bl\u00e5s s\u00e5pbubblor p\u00e5 Stadsbiblioteket och Konstmuseet<\/strong> <em>f\u00f6r att<\/em> det g\u00e5r att h\u00e4nga i de tv\u00e5 byggnaderna hela dagen utan att f\u00e5 en tr\u00e5kig stund. Gratis! Sedan kan ni ta sp\u00e5rvagnen hem och krascha i soffan f\u00f6r att orka med en sv\u00e4ng p\u00e5 kv\u00e4llen ocks\u00e5. <a href=\"https:\/\/www.nsb.norrkoping.se\/web\/norrkoping\/program1\" target=\"_blank\">Barnens kulturdag\/Bibban<\/a> <a href=\"http:\/\/www.kulturnattennorrkoping.se\/event\/blandat-kulturprogram-9\/\" target=\"_blank\">Konstmuseet<\/a><br \/>\n<em>Tipsare: Malin Ringdahl<\/em><\/p>\n<p style=\"padding-left: 60px;\"><em>14 &amp; 17<\/em> <strong>The Big Draw p\u00e5 Gredelin<\/strong> <em>f\u00f6r att<\/em> f\u00e5 teckna modeller i teaterkostymer. Det l\u00e5ter n\u00e4stan lika roligt som naket. <a href=\"http:\/\/www.kulturnattennorrkoping.se\/event\/blandat-kulturprogram-7\/\" target=\"_blank\">info<br \/>\n<\/a><em>Tipsare: Michael Strandhed<\/em><\/p>\n<p style=\"padding-left: 60px;\"><em>18 \u2013 00<\/em> <strong>H\u00e5kan Thornells Vampyrtr\u00e4ff ute p\u00e5 Ingelstorps Caf\u00e9 i Kolm\u00e5rden<\/strong> <em>f\u00f6r att<\/em> det kanske \u00e4r hans sista evenemang innan han flyttar till Gotland innan Ostl\u00e4nken drar fram och \u00f6del\u00e4gger hans tomteby. <a href=\"http:\/\/www.kulturnattennorrkoping.se\/event\/vampyrtraff\/\" target=\"_blank\">info<\/a><br \/>\n<em>Tipsare: Sven \u00c5ke Molund<\/em><\/p>\n<p>L\u00c4NKAR<br \/>\nTips ETT: Flottare musikalrep med SON <a href=\"https:\/\/www.kultursidan.nu\/?p=27007\" target=\"_blank\">Tips 1<\/a> Kultursidan.nu 20\/9 2016<br \/>\nHitta till allt som h\u00e4nder p\u00e5 Kulturnatten <a href=\"https:\/\/www.kultursidan.nu\/?p=27000\">LISTA<\/a> Kultursidan.nu 19\/9 2016<\/p>\n","protected":false},"excerpt":{"rendered":"<p>KULTURNATTSTIPS Bl\u00e5s s\u00e5pbubblor \u2022 Teckna teaterkroppar \u2022 Thornells sista \u2022 V\u00e5ra medarbetare letar efter guldkornen som kan glimma i Kulturnatten. Finns de vid S\u00f6der Tull, p\u00e5 Gredelin eller p\u00e5 Ingelstorps Caf\u00e9? <a class=\"continue-reading-link\" href=\"https:\/\/www.kultursidan.nu\/?p=27023\">L\u00e4s mer <span class=\"meta-nav\">&rarr; <\/span><\/a><\/p>\n","protected":false},"author":1001006,"featured_media":0,"comment_status":"closed","ping_status":"open","sticky":false,"template":"","format":"standard","meta":{"_jetpack_memberships_contains_paid_content":false,"footnotes":""},"categories":[7],"tags":[37,29,36],"class_list":["post-27023","post","type-post","status-publish","format-standard","hentry","category-norrkoping","tag-barnkultur","tag-festival","tag-kulturnatten"],"jetpack_featured_media_url":"","jetpack_sharing_enabled":true,"_links":{"self":[{"href":"https:\/\/www.kultursidan.nu\/index.php?rest_route=\/wp\/v2\/posts\/27023","targetHints":{"allow":["GET"]}}],"collection":[{"href":"https:\/\/www.kultursidan.nu\/index.php?rest_route=\/wp\/v2\/posts"}],"about":[{"href":"https:\/\/www.kultursidan.nu\/index.php?rest_route=\/wp\/v2\/types\/post"}],"author":[{"embeddable":true,"href":"https:\/\/www.kultursidan.nu\/index.php?rest_route=\/wp\/v2\/users\/1001006"}],"replies":[{"embeddable":true,"href":"https:\/\/www.kultursidan.nu\/index.php?rest_route=%2Fwp%2Fv2%2Fcomments&post=27023"}],"version-history":[{"count":0,"href":"https:\/\/www.kultursidan.nu\/index.php?rest_route=\/wp\/v2\/posts\/27023\/revisions"}],"wp:attachment":[{"href":"https:\/\/www.kultursidan.nu\/index.php?rest_route=%2Fwp%2Fv2%2Fmedia&parent=27023"}],"wp:term":[{"taxonomy":"category","embeddable":true,"href":"https:\/\/www.kultursidan.nu\/index.php?rest_route=%2Fwp%2Fv2%2Fcategories&post=27023"},{"taxonomy":"post_tag","embeddable":true,"href":"https:\/\/www.kultursidan.nu\/index.php?rest_route=%2Fwp%2Fv2%2Ftags&post=27023"}],"curies":[{"name":"wp","href":"https:\/\/api.w.org\/{rel}","templated":true}]}}