{"id":27364,"date":"2016-10-13T22:59:59","date_gmt":"2016-10-13T21:59:59","guid":{"rendered":"https:\/\/intelligent-friend-7861.standoutwp.com\/?p=27364"},"modified":"2016-10-13T22:59:59","modified_gmt":"2016-10-13T21:59:59","slug":"spegla-tre-dagar-om-och-med-fotografi","status":"publish","type":"post","link":"https:\/\/www.kultursidan.nu\/?p=27364","title":{"rendered":"SPEGLA \u2013 tre dagar om och med fotografi"},"content":{"rendered":"<p><img loading=\"lazy\" decoding=\"async\" class=\"alignnone size-medium wp-image-27365\" src=\"https:\/\/www.kultursidan.nu\/wp-content\/uploads\/2016\/10\/DSCF3870-567x378.jpg\" alt=\"Eva och Jenny\" width=\"567\" height=\"378\" srcset=\"https:\/\/www.kultursidan.nu\/wp-content\/uploads\/2016\/10\/DSCF3870-567x378.jpg 567w, https:\/\/www.kultursidan.nu\/wp-content\/uploads\/2016\/10\/DSCF3870-768x512.jpg 768w, https:\/\/www.kultursidan.nu\/wp-content\/uploads\/2016\/10\/DSCF3870-1024x682.jpg 1024w, https:\/\/www.kultursidan.nu\/wp-content\/uploads\/2016\/10\/DSCF3870-500x333.jpg 500w, https:\/\/www.kultursidan.nu\/wp-content\/uploads\/2016\/10\/DSCF3870-150x100.jpg 150w, https:\/\/www.kultursidan.nu\/wp-content\/uploads\/2016\/10\/DSCF3870.jpg 1280w\" sizes=\"auto, (max-width: 567px) 100vw, 567px\" \/><br \/>\n<em>Fotografi \u00e4r v\u00e4rt en egen festival. Tyckte fotografen Eva Lindblad och drog ig\u00e5ng en fotofestival tillsammans med v\u00e4nnen och kollegan Jenny Lindberg. Mycket h\u00e4nder p\u00e5 NP33 i helgen.<br \/>\n<\/em><\/p>\n<p>&nbsp;<\/p>\n<h1><span style=\"color: #ff0000;\">&#8221;Norrk\u00f6ping \u00e4r en fotogenique stad&#8221;<\/span><\/h1>\n<p>&nbsp;<\/p>\n<p><strong>\u201dNorrk\u00f6ping \u00e4r en fantastisk och fotogenique stad.\u201d <\/strong>Efter att ha bott h\u00e4r under de tre senaste \u00e5ren drog fotografen Eva Lindblad ig\u00e5ng en festival med och om fotografi. Fredag. L\u00f6rdag. S\u00f6ndag. I en triangel mellan NP33, Arbetets museum och Konstmuseet.<\/p>\n<p><strong>NP33 \u00e4r h\u00f6gkvarteret.<\/strong> Uppe i den stora vackra hallen med alla tr\u00e4bj\u00e4lkarna tr\u00e4ffar jag Eva Lindblad, Jenny Lindberg och Gunilla Lundstr\u00f6m. Jenny och Gunilla pekar p\u00e5 Eva Lindblad \u2013 det h\u00e4r \u00e4r hennes id\u00e9.<\/p>\n<p>\u2013 Jag har bott i tre \u00e5r i Norrk\u00f6ping och uppt\u00e4ckt att det \u00e4r en fantastisk och fotogenique stad, f\u00f6rklarar hon som s\u00f6kt upp lite udda platser f\u00f6r portr\u00e4ttfotografi som \u00e4r hennes specialitet.<\/p>\n<p><strong>SPEGLA, som utspelas i en triangel vars spetsar \u00e4r NP33, Arbetets museum och Konstmuseet,<\/strong> v\u00e4nder sig b\u00e5de till fotografer och en foto- och konstintresserad publik. Under tre intensiva dagar bjuds p\u00e5 utst\u00e4llningar med tunga namn som Pieter ten Hoopen, Johan Bergmark och Lu Kowski. Inte minst p\u00e5 NP33 som st\u00e4llt sig till f\u00f6rfogande f\u00f6r de tacksamma arrang\u00f6rerna.<\/p>\n<p>Men h\u00e4r \u00e4r ocks\u00e5 stort utrymme f\u00f6r andra fotografer, l\u00e5ngt bortifr\u00e5n och n\u00e4ra. Fler lokala arrang\u00f6rer har n\u00e4mligen hoppat p\u00e5 arrangemanget.<\/p>\n<p>&nbsp;<\/p>\n<p><a title=\"Creeping in Circles\" href=\"https:\/\/www.flickr.com\/photos\/kultursidan\/30305417765\/in\/album-72157675163001275\/\"><img loading=\"lazy\" decoding=\"async\" src=\"https:\/\/c6.staticflickr.com\/6\/5331\/30305417765_6a941b2af4.jpg\" alt=\"Creeping in Circles\" width=\"500\" height=\"333\" \/><\/a><br \/>\n<em>Tjuvstart. Creeping in Circles av Nils Olof Hedenskog och Joakim Brolin invigdes redan f\u00f6rra veckan p\u00e5 NP33.<\/em><\/p>\n<p>&nbsp;<\/p>\n<p><strong>De m\u00e5nga f\u00f6rel\u00e4sningarna \u00e4r \u00e4nnu \u00e4n sida av SPEGLA. <\/strong>Med den tekniska utvecklingen har f\u00f6r\u00e4ndringar f\u00f6ljt. Vi kan f\u00f6reviga helt nya motiv fr\u00e5n makrokosmos till mikrokosmos. Bilder sprids blixtsnabbt \u00f6ver v\u00e4rlden, blir virala och p\u00e5verkar.<\/p>\n<p>\u2013 Jag vill f\u00e5 ut samtalet om fotografi ut i landet! s\u00e4ger Eva Lindblad och exemplifierar: Vad inneb\u00e4r det n\u00e4r medierna dra ner p\u00e5 fotograferna \u2013 tappar de sin trov\u00e4rdighet d\u00e5? Eller jakten p\u00e5 det perfekta? Vi har en f\u00f6rel\u00e4sning och workshop om ungas verklighet och hur OhSnap! Sweden bem\u00f6ter sk\u00f6nhetsidealen och stereotypa k\u00f6nsroller \u2013 Felicia Margineanu \u00e4r bara 23 \u00e5r och j\u00e4ttebra.<\/p>\n<p>Gunilla Lundstr\u00f6m, som st\u00e4ller ut p\u00e5 nya Comfort Hotel (g\u00e4sterna blev j\u00e4tteengagerade), ska tala om att anv\u00e4nda bilder i storytelling f\u00f6r varum\u00e4kesuppbyggnad.<\/p>\n<p>&nbsp;<\/p>\n<p><a title=\"Alison de Mars\" href=\"https:\/\/www.flickr.com\/photos\/kultursidan\/30008666800\/in\/album-72157675163001275\/\"><img loading=\"lazy\" decoding=\"async\" src=\"https:\/\/c1.staticflickr.com\/9\/8589\/30008666800_65f0d070bd.jpg\" alt=\"Alison de Mars\" width=\"349\" height=\"500\" \/><\/a><br \/>\n<em>Skilda v\u00e4rldar. Alison De Mars \u201dSink| Swim\u201d.<\/em><\/p>\n<p>&nbsp;<\/p>\n<p><strong>En snabbtitt p\u00e5 utst\u00e4llarna p\u00e5 NP33 \u00e4r allts\u00e5 bara b\u00f6rjan.<\/strong> De fyller varje vr\u00e5 av NP33, stora salen likv\u00e4l som de smala gallerierna bakom.<\/p>\n<p><strong>Kanske reportagefotografen Pieter ten Hoopen \u00e4r den mest namnkunniga.<\/strong> H\u00e4r visar han bildsviten \u201dHungry Horse\u201d, portr\u00e4tt av ett samh\u00e4lle i den amerikanska delstaten Montana. St\u00e4mningen platsar i Twin Peaks, tiden tycks st\u00e5 still. Med arbetsl\u00f6shetens f\u00f6rsvunna ekonomi har utvecklingen g\u00e5tt i st\u00e5. Jag t\u00e4nker att det \u00e4r s\u00e5dana h\u00e4r platser d\u00e4r presidentvalet avg\u00f6rs \u2013 om nu inv\u00e5narna bryr sig om att registrera sig f\u00f6r att r\u00f6sta.<\/p>\n<p><strong>\u00d6vergivet, \u00e5tminstone f\u00f6r dagen, \u00e4r badhuset i Alison De Mars \u201dSink| Swim\u201d.<\/strong> Ljuset orkar knappt in genom det futuristiska badets stora f\u00f6nster. Under ytan finns m\u00e4rkliga r\u00f6relser i dunklet.<\/p>\n<p><strong>Nils Olof Hedenskogs och Joakim Brolins \u201dCreeping in Cirkles\u201d \u00f6ppnade redan f\u00f6r en vecka sedan.<\/strong> Cirklar tecknade i starka f\u00e4rger h\u00e4nger i NP33:s st\u00f6rsta utst\u00e4llningshall. F\u00e4rgerna visar sig vara ljus, fotokonstn\u00e4rerna och v\u00e4nner har krupit i cirklar med f\u00e4rgade pannlampor p\u00e5 ett golv. De har fotograferats uppifr\u00e5n. De m\u00e5ste ha krupit en l\u00e5ng natt, p\u00e5 n\u00e5gra bilder till\u00e5ts arbetshandskar sticka fram. P\u00e5 en annan bild vilar de p\u00e5 golvet. Alla delar av processen har f\u00e5ngats p\u00e5 bild. Krypare, cirklar i olika f\u00e4rger och ett vindlande virrvar. Dessutom finns sm\u00e5cirklar inf\u00e4llda i en flera meter l\u00e5ng b\u00e4nk, som rapport fr\u00e5n work in progress.<\/p>\n<p>&nbsp;<\/p>\n<p><a title=\"Rikard \u00d6sterlund\" href=\"https:\/\/www.flickr.com\/photos\/kultursidan\/30305410415\/in\/album-72157675163001275\/\"><img loading=\"lazy\" decoding=\"async\" src=\"https:\/\/c8.staticflickr.com\/6\/5792\/30305410415_31de53110d.jpg\" alt=\"Rikard \u00d6sterlund\" width=\"500\" height=\"333\" \/><\/a><br \/>\n<em>Svart och vitt. Rikard \u00d6sterlunds bilder \u00e4r speciella.<\/em><\/p>\n<p>&nbsp;<\/p>\n<p><strong>Mest griper mig Rikard \u00d6sterlund och Lu Kowski.<\/strong> \u00d6sterlund \u00e4r en norrk\u00f6pingsbo i f\u00f6rskingringen, han har gjort lycka som reklamfotograf i London. Utst\u00e4llningen \u201dSelf Portraits &amp; Other Scenes\u201d \u00e4r allt utom att str\u00e4va efter det perfekta.<\/p>\n<p>De bilder han visar h\u00e4r \u00e4r i svartvitt med starka kontraster, en kvinna som b\u00e4r ett vitkl\u00e4tt barn mot d\u00f6rr\u00f6ppningen, en h\u00e4sts manke med en ljus och en m\u00f6rk sida. D\u00e4r m\u00e4rks en \u00f6ppenhet f\u00f6r \u00f6gonblickets infall, nakna portr\u00e4tt. Han lyckas fotografera skr\u00e4p och g\u00f6ra det intressant utan att estetisera det. Hans bildspr\u00e5k \u00e4r oerh\u00f6rt v\u00e4lg\u00f6rande.<\/p>\n<p>Dessutom visar han en serie unika v\u00e5tpl\u00e5tsbilder, en mycket speciell teknik, d\u00e4ribland ett sj\u00e4lvportr\u00e4tt.<\/p>\n<p><strong>Lu Kowski kommer m\u00e4nniskor n\u00e4ra, hudn\u00e4ra.<\/strong> \u201dMelancholia\u201d fotograferar hon fragment av vad det \u00e4r att vara m\u00e4nniska. Det kan vara ett ovanligt perspektiv, en suddig r\u00f6relse, en m\u00e4nniska naturen inte sk\u00e4nkt det ytligt goda.<\/p>\n<p><strong>P\u00e5 bottenv\u00e5ningen finns Pelle Wichmann och Johan Bergmark.<\/strong> Johan Bergmarks specialitet \u00e4r regiss\u00f6rer \u2013 allts\u00e5 sj\u00e4lva bildm\u00e4nniskor. I \u201dDirector\u2019s Cut\u201d har han samlat dem. Imponerande m\u00e5nga bildid\u00e9er f\u00f6r att g\u00f6ra n\u00e5got som ofta \u00e4r snabba portr\u00e4tt, n\u00e4r regiss\u00f6rerna fladdrar f\u00f6rbi under en filmfestival. H\u00e4nder \u2013 dold \u00e4r tv\u00e5 teman som han tycks kunna variera g\u00e5ng p\u00e5 g\u00e5ng.<\/p>\n<p><strong>Wichmann visar bilder fr\u00e5n \u201dBaderskorna\u201d som norrk\u00f6pingspubliken kunnat se vid tidigare tillf\u00e4llen,<\/strong> minst en Kulturnatt projicerad p\u00e5 en fasad. Bubbliga kroppar under ytan. P\u00e5 n\u00e5got s\u00e4tt passar det att de h\u00e4nger inne i glasgalleriet.<\/p>\n<p><strong>P\u00e5 NP33 kommer \u00e4ven ett bildspel fr\u00e5n N\u00e4tverket Brudarna att rulla p\u00e5 \u00f6vre plan.<\/strong><\/p>\n<p>\u00a9 <em>Text: Ann-Charlotte Sandelin<br \/>\n<\/em>\u00a9 <em>Foto: Ann-Charlotte Sandelin och Nils-G\u00f6ran Tillgren<\/em><\/p>\n<p>BILDSPEL (FLASH) \u2013 KLICKA P\u00c5 BILDEN <em><br \/>\nALT\/MOBIL: SE BILDSPELET <a title=\"Bildspel\" href=\"https:\/\/www.flickr.com\/photos\/kultursidan\/sets\/72157675163001275\/show\/\" target=\"_blank\">H\u00c4R<\/a><\/em><br \/>\n<object width=\"400\" height=\"300\"><param name=\"flashvars\" value=\"offsite=true&amp;lang=en-us&amp;page_show_url=%2Fphotos%2Fkultursidan%2Fsets%2F72157675163001275%2Fshow%2F&amp;page_show_back_url=%2Fphotos%2Fkultursidan%2Fsets%2F72157675163001275%2F&amp;set_id=72157675163001275&amp;jump_to=\" \/><param name=\"movie\" value=\"https:\/\/www.flickr.com\/apps\/slideshow\/show.swf?v=1811922554\" \/><param name=\"allowFullScreen\" value=\"true\" \/><\/object><\/p>\n<blockquote>\n<h3><em>NORRK\u00d6PING<\/em><\/h3>\n<p>14 \u2013 16 oktober 2016<em><br \/>\n<strong>SPEGLA<\/strong><\/em><br \/>\n<em> Fotografi &amp; Bild 2016<\/em><br \/>\n<em> Utst\u00e4llningar, f\u00f6rel\u00e4sningar, bildspel, film<\/em><br \/>\n<em> Arr: Eva Lindblad, Jenny Lindberg, samt lokala fotografer, museer, gallerier<\/em><\/p>\n<p style=\"padding-left: 30px;\"><em>PLATSER<\/em><br \/>\n<em> NP33<\/em><br \/>\n<em> Arbetets museum (utst\u00e4llningar, f\u00f6redrag, Dokument\u00e4rfotopriset)<\/em><br \/>\n<em> Cnema (utst\u00e4llningar, bildspel)<\/em><br \/>\n<em> Comfort Hotel (utst\u00e4llning)<\/em><br \/>\n<em> Crescendo (f\u00f6rel\u00e4sningar, mingel, underh\u00e5llning<\/em><br \/>\n<em> DiakoniCentrum (f\u00f6rel\u00e4sning, workshop)<\/em><br \/>\n<em> Domino (Foto-Plank f\u00f6r allm\u00e4nheten)<\/em><br \/>\n<em> Et|cetera (utst\u00e4llning)<\/em><br \/>\n<em> Galleri Kameleont (utst\u00e4llning)<\/em><br \/>\n<em> Norrk\u00f6pings Konstmuseum (filmvisning, f\u00f6rel\u00e4sning)<\/em><br \/>\n<em> Tullhuset (utst\u00e4llningar<\/em><br \/>\n<em> Kifins:s atelj\u00e9 (utst\u00e4llning)<\/em><\/p>\n<p>&nbsp;<\/p>\n<h3><em>GALLERI SANDER \/ NP33 Norrk\u00f6ping<\/em><\/h3>\n<p>14 \u2013 16 oktober 2016<em><br \/>\n<strong>SPEGLA Fotografi &amp; Bild<\/strong><\/em><br \/>\n<em> <strong>Lu Kowski <\/strong>Melancholia<strong><br \/>\nJohan Bergmark <\/strong>Director\u2019s Cut<strong><br \/>\nAlison De mars <\/strong>Sink |Swim<strong><br \/>\nPieter Ten Hoopen\u00a0<\/strong>Hungry Horse<strong><br \/>\nRickard \u00d6sterlund\u00a0<\/strong>Self Portraits &amp; Other Scenes<strong><br \/>\nPelle Wichmann\u00a0<\/strong>Baderskorna <\/em><br \/>\n<strong><em> N\u00e4tverket Brudarna<\/em><\/strong><br \/>\n<em> I samarbete med Fotografica<\/em><\/p>\n<p>8\u00a0oktober\u00a0\u2013 10 december\u00a02016<br \/>\n<em> <strong>Creeping in Circles<br \/>\n<\/strong>Fotografi<br \/>\nNils Olof Hedenskog &amp; Joakim Brolin<\/em><strong><br \/>\n<\/strong><\/p><\/blockquote>\n<p>L\u00c4NKAR<br \/>\nSPEGLA <a href=\"http:\/\/www.spegla.se\" target=\"_blank\">hemsida<\/a> <a href=\"https:\/\/www.facebook.com\/spegla.se\/\" target=\"_blank\">Facebook<\/a> <a href=\"https:\/\/www.instagram.com\/spegla2016\/\" target=\"_blank\">Instagram<\/a><br \/>\nGalleri Sander \/ NP33 <a href=\"http:\/\/www.np33.se\/\" target=\"_blank\">hemsida<\/a> <a href=\"https:\/\/www.facebook.com\/np33.se?fref=ts\" target=\"_blank\">Facebook<\/a><\/p>\n","protected":false},"excerpt":{"rendered":"<p>NORRK\u00d6PING \u201dNorrk\u00f6ping \u00e4r en fantastisk och fotogenique stad.\u201d Efter att ha bott h\u00e4r under de tre senaste \u00e5ren drog fotografen Eva Lindblad ig\u00e5ng en festival med och om fotografi. Fredag. L\u00f6rdag. S\u00f6ndag. I en triangel mellan NP33, Arbetets museum och Konstmuseet. <a class=\"continue-reading-link\" href=\"https:\/\/www.kultursidan.nu\/?p=27364\">L\u00e4s mer <span class=\"meta-nav\">&rarr; <\/span><\/a><\/p>\n","protected":false},"author":1001006,"featured_media":0,"comment_status":"closed","ping_status":"open","sticky":false,"template":"","format":"standard","meta":{"_jetpack_memberships_contains_paid_content":false,"footnotes":""},"categories":[7],"tags":[29,53,17,14,47],"class_list":["post-27364","post","type-post","status-publish","format-standard","hentry","category-norrkoping","tag-festival","tag-foredrag","tag-foto","tag-konst","tag-utstallning"],"jetpack_featured_media_url":"","jetpack_sharing_enabled":true,"_links":{"self":[{"href":"https:\/\/www.kultursidan.nu\/index.php?rest_route=\/wp\/v2\/posts\/27364","targetHints":{"allow":["GET"]}}],"collection":[{"href":"https:\/\/www.kultursidan.nu\/index.php?rest_route=\/wp\/v2\/posts"}],"about":[{"href":"https:\/\/www.kultursidan.nu\/index.php?rest_route=\/wp\/v2\/types\/post"}],"author":[{"embeddable":true,"href":"https:\/\/www.kultursidan.nu\/index.php?rest_route=\/wp\/v2\/users\/1001006"}],"replies":[{"embeddable":true,"href":"https:\/\/www.kultursidan.nu\/index.php?rest_route=%2Fwp%2Fv2%2Fcomments&post=27364"}],"version-history":[{"count":0,"href":"https:\/\/www.kultursidan.nu\/index.php?rest_route=\/wp\/v2\/posts\/27364\/revisions"}],"wp:attachment":[{"href":"https:\/\/www.kultursidan.nu\/index.php?rest_route=%2Fwp%2Fv2%2Fmedia&parent=27364"}],"wp:term":[{"taxonomy":"category","embeddable":true,"href":"https:\/\/www.kultursidan.nu\/index.php?rest_route=%2Fwp%2Fv2%2Fcategories&post=27364"},{"taxonomy":"post_tag","embeddable":true,"href":"https:\/\/www.kultursidan.nu\/index.php?rest_route=%2Fwp%2Fv2%2Ftags&post=27364"}],"curies":[{"name":"wp","href":"https:\/\/api.w.org\/{rel}","templated":true}]}}