{"id":27438,"date":"2016-10-18T16:53:29","date_gmt":"2016-10-18T15:53:29","guid":{"rendered":"https:\/\/intelligent-friend-7861.standoutwp.com\/?p=27438"},"modified":"2016-10-18T16:53:29","modified_gmt":"2016-10-18T15:53:29","slug":"tre-exilforfattare-samtalar-om-frihet","status":"publish","type":"post","link":"https:\/\/www.kultursidan.nu\/?p=27438","title":{"rendered":"Tre exilf\u00f6rfattare samtalar om frihet"},"content":{"rendered":"<h2>Kan f\u00f6rfattarm\u00f6ten n\u00e5 ut och p\u00e5verka?<\/h2>\n<p>NORRK\u00d6PING <strong>Yttrandefriheten sitter tr\u00e5ngt p\u00e5 flera h\u00e5ll i v\u00e4rlden.<\/strong> Tre fristadsf\u00f6rfattare fr\u00e5n olika l\u00e4nder m\u00f6ts p\u00e5 Stadsbiblioteket i Norrk\u00f6ping p\u00e5 torsdag. De samtalar om m\u00e4nskliga r\u00e4ttigheter i allm\u00e4nhet och om hbtq-r\u00e4ttigheter i synnerhet.<\/p>\n<p><strong>Jude Dibia, Nigeria, Ahmed Mohamed, Somalia, och Babak Salimizadeh, Iran, har tvingats i exil f\u00f6r sin vilja att uttrycka sig och nyttja det fria ordet.<\/strong> F\u00f6r n\u00e4rvarande bor de i Sverige, de \u00e4r fristadsf\u00f6rfattare i Norrk\u00f6ping, Malm\u00f6 och Skellefte\u00e5. I samtalet diskuterar de sitt skrivande samt situationen f\u00f6r m\u00e4nskliga r\u00e4ttigheter i allm\u00e4nhet och HBTQ-r\u00e4ttigheter i synnerhet i sina respektive heml\u00e4nder.<\/p>\n<p>Hur kommer det sig att m\u00e4nniskor f\u00f6rf\u00f6ljs f\u00f6r sin sexuella l\u00e4ggning? Kan samtal som dessa och deras skrivande p\u00e5verka situationen? Och vilka m\u00f6jligheter finns f\u00f6r att uttrycka sig och n\u00e5 ut med sin litteratur?<\/p>\n<p>F\u00f6rfattarm\u00f6tet h\u00e5lls p\u00e5 engelska.<\/p>\n<blockquote>\n<h3><em>STADSBIBLIOTEKET Norrk\u00f6ping<\/em><\/h3>\n<p>20 oktober 2016 kl 18<em><br \/>\n<strong>Friheten att uttrycka sig<br \/>\n<\/strong>F\u00f6rfattarsamtal<br \/>\nmed Jude Dibia, Ahmed Mohamed och Babak Salimizadeh<\/em><br \/>\n<em> Arr: Norrk\u00f6pings stadsbibliotek, Malm\u00f6 stadsbibliotek, Skellefte\u00e5 stadsbibliotek och Statens Kulturr\u00e5d<\/em><\/p><\/blockquote>\n<p>L\u00c4NKAR<br \/>\nNorrk\u00f6pings stadsbibliotek <a href=\"http:\/\/www.nsb.norrkoping.se\/web\/norrkoping\" target=\"_blank\">hemsida<\/a> <a href=\"https:\/\/www.facebook.com\/Norrkopingsstadsbibliotek?fref=ts\" target=\"_blank\">Facebook<\/a> <a href=\"https:\/\/www.facebook.com\/events\/168143070308122\/\" target=\"_blank\">FB-evenemang<\/a><\/p>\n","protected":false},"excerpt":{"rendered":"<p>KORTNYTT\/NORRK\u00d6PING Yttrandefriheten sitter tr\u00e5ngt. Tre fristadsf\u00f6rfattare m\u00f6ts p\u00e5 Stadsbiblioteket i Norrk\u00f6ping. De samtalar om m\u00e4nskliga r\u00e4ttigheter i allm\u00e4nhet och om hbtq-r\u00e4ttigheter i synnerhet. P\u00e5 torsdag. <a class=\"continue-reading-link\" href=\"https:\/\/www.kultursidan.nu\/?p=27438\">L\u00e4s mer <span class=\"meta-nav\">&rarr; <\/span><\/a><\/p>\n","protected":false},"author":1001006,"featured_media":0,"comment_status":"closed","ping_status":"open","sticky":false,"template":"","format":"standard","meta":{"_jetpack_memberships_contains_paid_content":false,"footnotes":""},"categories":[81,7],"tags":[53,16],"class_list":["post-27438","post","type-post","status-publish","format-standard","hentry","category-snappat","category-norrkoping","tag-foredrag","tag-litteratur"],"jetpack_featured_media_url":"","jetpack_sharing_enabled":true,"_links":{"self":[{"href":"https:\/\/www.kultursidan.nu\/index.php?rest_route=\/wp\/v2\/posts\/27438","targetHints":{"allow":["GET"]}}],"collection":[{"href":"https:\/\/www.kultursidan.nu\/index.php?rest_route=\/wp\/v2\/posts"}],"about":[{"href":"https:\/\/www.kultursidan.nu\/index.php?rest_route=\/wp\/v2\/types\/post"}],"author":[{"embeddable":true,"href":"https:\/\/www.kultursidan.nu\/index.php?rest_route=\/wp\/v2\/users\/1001006"}],"replies":[{"embeddable":true,"href":"https:\/\/www.kultursidan.nu\/index.php?rest_route=%2Fwp%2Fv2%2Fcomments&post=27438"}],"version-history":[{"count":0,"href":"https:\/\/www.kultursidan.nu\/index.php?rest_route=\/wp\/v2\/posts\/27438\/revisions"}],"wp:attachment":[{"href":"https:\/\/www.kultursidan.nu\/index.php?rest_route=%2Fwp%2Fv2%2Fmedia&parent=27438"}],"wp:term":[{"taxonomy":"category","embeddable":true,"href":"https:\/\/www.kultursidan.nu\/index.php?rest_route=%2Fwp%2Fv2%2Fcategories&post=27438"},{"taxonomy":"post_tag","embeddable":true,"href":"https:\/\/www.kultursidan.nu\/index.php?rest_route=%2Fwp%2Fv2%2Ftags&post=27438"}],"curies":[{"name":"wp","href":"https:\/\/api.w.org\/{rel}","templated":true}]}}