{"id":27768,"date":"2016-11-06T19:01:50","date_gmt":"2016-11-06T18:01:50","guid":{"rendered":"https:\/\/intelligent-friend-7861.standoutwp.com\/?p=27768"},"modified":"2016-11-06T19:01:50","modified_gmt":"2016-11-06T18:01:50","slug":"gerda-antti-och-lilla-fruntimret-till-tellus","status":"publish","type":"post","link":"https:\/\/www.kultursidan.nu\/?p=27768","title":{"rendered":"Gerda Antti och Lilla fruntimret till TellUs"},"content":{"rendered":"<h2>Hitta p\u00e4rlorna var som helst<\/h2>\n<p>LINK\u00d6PING <strong>Det v\u00e5ras f\u00f6r \u00e5lderns h\u00f6st.<\/strong> Gerda Antti och Gunilla Dahlgren kommer till TellUs \u00d6sterg\u00f6tlands bokm\u00e4ssa om en m\u00e5nad. B\u00e5da talar om det positiva med att bli gammal.<\/p>\n<p><strong>F\u00f6rfattaren Gerda Antti skildrar livet p\u00e5 den svenska landsbygden<\/strong> i b\u00f6cker som <em>Jag reder mig nog <\/em>och<em> Det \u00e4r mycket med det jordiska<\/em>. Senaste romanen <em>Adamsons<\/em> kom 2012. P\u00e5 bokm\u00e4ssan talar hon under rubriken \u201dInte alls tr\u00e5kigt att bli gammal\u201d.<\/p>\n<p><strong>Gunilla Dahlgren \u00e4r popul\u00e4r k\u00e5s\u00f6r, f\u00f6redragsh\u00e5llare och serietecknare<\/strong>, mest k\u00e4nd f\u00f6r karakt\u00e4ren Lilla Fruntimret. P\u00e5 bokm\u00e4ssan talar hon under rubriken \u201dAtt \u00e5ldras med n\u00f6je \u2013 Hitta p\u00e4rlorna i vardagen eller var som helst\u201d.<\/p>\n<p><strong>Sedan tidigare har meddelats att en rad f\u00f6rfattare g\u00e4star bokm\u00e4ssan.<\/strong> Klas \u00d6stergren, Martin Widmark, Niklas Orrenius, Emelie Schepp och Carin Hjulstr\u00f6m. Dessutom kommer m\u00e5nga fler. TellUs \u00d6sterg\u00f6tlands bokm\u00e4ssa har blivit samlingspunkt f\u00f6r regionens f\u00f6rfattare och f\u00f6rlag.<\/p>\n<blockquote>\n<h3><em>STADSBIBLIOTEKET Link\u00f6ping<\/em><\/h3>\n<p><em>3 december 2016<\/em><em><br \/>\n<strong>\u00d6sterg\u00f6tlands Bokm\u00e4ssa TellUs<\/strong><\/em><\/p><\/blockquote>\n<p>L\u00c4NKAR<br \/>\n\u00d6sterg\u00f6tlands Bokm\u00e4ssa <a href=\"http:\/\/ostergotlandsbokmassa.se\" target=\"_blank\">hemsida<\/a> <a href=\"https:\/\/www.facebook.com\/ostergotlandsbokmassa\" target=\"_blank\">Facebook<\/a><br \/>\n\u00c5rets deckarf\u00f6rfattare samtalar p\u00e5 TellUs <a href=\"https:\/\/www.kultursidan.nu\/?p=27320\" target=\"_blank\">KortNytt<\/a> Kultursidan.nu 10\/10 2016<br \/>\nKlas \u00d6stergren till bokm\u00e4ssan TellUs <a href=\"https:\/\/www.kultursidan.nu\/?p=26877\" target=\"_blank\">KortNytt<\/a> Kultursidan.nu 10\/9 2016<\/p>\n","protected":false},"excerpt":{"rendered":"<p>KORTNYTT\/LINK\u00d6PING Det v\u00e5ras f\u00f6r \u00e5lderns h\u00f6st. Gerda Antti och Gunilla Dahlgren kommer till \u00d6sterg\u00f6tlands bokm\u00e4ssa TellUs om en m\u00e5nad. B\u00e5da talar om det positiva med att bli gammal. <a class=\"continue-reading-link\" href=\"https:\/\/www.kultursidan.nu\/?p=27768\">L\u00e4s mer <span class=\"meta-nav\">&rarr; <\/span><\/a><\/p>\n","protected":false},"author":1001006,"featured_media":0,"comment_status":"closed","ping_status":"open","sticky":false,"template":"","format":"standard","meta":{"_jetpack_memberships_contains_paid_content":false,"footnotes":""},"categories":[81,55,64],"tags":[],"class_list":["post-27768","post","type-post","status-publish","format-standard","hentry","category-snappat","category-linkoping","category-litteratur-2"],"jetpack_featured_media_url":"","jetpack_sharing_enabled":true,"_links":{"self":[{"href":"https:\/\/www.kultursidan.nu\/index.php?rest_route=\/wp\/v2\/posts\/27768","targetHints":{"allow":["GET"]}}],"collection":[{"href":"https:\/\/www.kultursidan.nu\/index.php?rest_route=\/wp\/v2\/posts"}],"about":[{"href":"https:\/\/www.kultursidan.nu\/index.php?rest_route=\/wp\/v2\/types\/post"}],"author":[{"embeddable":true,"href":"https:\/\/www.kultursidan.nu\/index.php?rest_route=\/wp\/v2\/users\/1001006"}],"replies":[{"embeddable":true,"href":"https:\/\/www.kultursidan.nu\/index.php?rest_route=%2Fwp%2Fv2%2Fcomments&post=27768"}],"version-history":[{"count":0,"href":"https:\/\/www.kultursidan.nu\/index.php?rest_route=\/wp\/v2\/posts\/27768\/revisions"}],"wp:attachment":[{"href":"https:\/\/www.kultursidan.nu\/index.php?rest_route=%2Fwp%2Fv2%2Fmedia&parent=27768"}],"wp:term":[{"taxonomy":"category","embeddable":true,"href":"https:\/\/www.kultursidan.nu\/index.php?rest_route=%2Fwp%2Fv2%2Fcategories&post=27768"},{"taxonomy":"post_tag","embeddable":true,"href":"https:\/\/www.kultursidan.nu\/index.php?rest_route=%2Fwp%2Fv2%2Ftags&post=27768"}],"curies":[{"name":"wp","href":"https:\/\/api.w.org\/{rel}","templated":true}]}}