{"id":27771,"date":"2016-11-06T20:22:07","date_gmt":"2016-11-06T19:22:07","guid":{"rendered":"https:\/\/intelligent-friend-7861.standoutwp.com\/?p=27771"},"modified":"2016-11-06T20:26:21","modified_gmt":"2016-11-06T19:26:21","slug":"ur-bjork-fick-tillagg-av-ostgotska-slojdare","status":"publish","type":"post","link":"https:\/\/www.kultursidan.nu\/?p=27771","title":{"rendered":"Ur Bj\u00f6rk fick till\u00e4gg av \u00f6stg\u00f6tska sl\u00f6jdare"},"content":{"rendered":"<p><img loading=\"lazy\" decoding=\"async\" class=\"alignnone size-medium wp-image-27772\" src=\"https:\/\/www.kultursidan.nu\/wp-content\/uploads\/2016\/11\/DSCF4987-567x378.jpg\" alt=\"Anders Lindkvist\" width=\"567\" height=\"378\" srcset=\"https:\/\/www.kultursidan.nu\/wp-content\/uploads\/2016\/11\/DSCF4987-567x378.jpg 567w, https:\/\/www.kultursidan.nu\/wp-content\/uploads\/2016\/11\/DSCF4987-768x512.jpg 768w, https:\/\/www.kultursidan.nu\/wp-content\/uploads\/2016\/11\/DSCF4987-1024x682.jpg 1024w, https:\/\/www.kultursidan.nu\/wp-content\/uploads\/2016\/11\/DSCF4987-500x333.jpg 500w, https:\/\/www.kultursidan.nu\/wp-content\/uploads\/2016\/11\/DSCF4987-150x100.jpg 150w, https:\/\/www.kultursidan.nu\/wp-content\/uploads\/2016\/11\/DSCF4987.jpg 1280w\" sizes=\"auto, (max-width: 567px) 100vw, 567px\" \/><br \/>\n<em>Strykj\u00e4rnet som n<\/em><em>\u00e4verburk.\u00a0 <\/em><em> Ramon Persson blandar traditionell sl\u00f6jd med modernt formspr\u00e5k, f\u00f6rklarar museipedagog Anders Lindkvist. I bakgrunden podiet med det \u00f6stg\u00f6tska till\u00e4gget till utst\u00e4llningen Ur bj\u00f6rk.<\/em><\/p>\n<p>&nbsp;<\/p>\n<h2>\u2026och en krympburk med l\u00e4skiga associationer<\/h2>\n<p>NORRK\u00d6PING <strong>\u00d6stg\u00f6tska sl\u00f6jdare kan ocks\u00e5 bj\u00f6rk.<\/strong> Tre sl\u00f6jdare, utvalda av l\u00e4nets hemsl\u00f6jdskonsulent, bidrar nu till utst\u00e4llningen <em>Ur bj\u00f6rk<\/em> som visas p\u00e5 Norrk\u00f6pings stadsmuseum. Traditionen med svepaskar, n\u00e4verburkar f\u00f6rnyas in i v\u00e5r samtid.<\/p>\n<p><strong>Sture Nyberg fr\u00e5n \u00c5tvidaberg nyttjar en skada, vril, i tr\u00e4det i sin s\u00e5snipeliknande sk\u00e5l med iliggande \u00e4gg av tr\u00e4.<\/strong> Hans svepaskar utsmyckas i f\u00e4rg och gl\u00f6dritning.<\/p>\n<p>Ramon Persson fr\u00e5n Motala ger ocks\u00e5 n\u00e4verburkarna ett yttre i modern design. Dessutom visar han en gyllengul \u00f6stg\u00f6tastol.<\/p>\n<p>Ludwig Zackrisson, Motala, tar ut sv\u00e4ngarna vidast i sin formgivning. Han roar med en djungelbok med bokm\u00e4rke\/inlaga av l\u00f6vverk och skr\u00e4mmer med en krympburk med l\u00e4skiga associationer.<\/p>\n<p><strong>Utst\u00e4llningspubliken tycker om att t\u00e4lja.<\/strong> Barngrupper kommer fr\u00e5n skolor, familjer om helgerna och vuxna t\u00e4ljer p\u00e5 lunchen. Mitt i utst\u00e4llningen.<\/p>\n<p>Bj\u00f6rk \u00e4ger!<\/p>\n<p>\u00a9 <em>Text och foto: Ann-Charlotte Sandelin<\/em><\/p>\n<blockquote>\n<h3><em>STADSMUSEET Norrk\u00f6ping<\/em><\/h3>\n<p>3 september 2016 \u2013 15 januari 2017<em><br \/>\n<strong>Ur bj\u00f6rk<\/strong><\/em><br \/>\n<em>Prod: V\u00e4stra G\u00f6talandsregionen V\u00e4starvet och projektn\u00e4tverket Ur Bj\u00f6rk.<\/em><\/p>\n<p style=\"padding-left: 30px;\"><em>\u00d6STG\u00d6TSKA SL\u00d6JDARE<\/em><br \/>\n<em> Sture Nyberg hemsida <\/em><br \/>\n<em> Ramon Persson hemsida <\/em><br \/>\n<em> Ludwig Zackrisson<\/em><\/p>\n<\/blockquote>\n<p>L\u00c4NKAR<br \/>\nSture Nyberg <a href=\"http:\/\/sturenyberg.nu\/index.html\" target=\"_blank\">hemsida <\/a><br \/>\nRamon Persson <a href=\"http:\/\/www.ramonpersson.se\/n\u00e4ver-808891\" target=\"_blank\">hemsida <\/a><br \/>\nLudwig Zackrisson <a href=\"https:\/\/slojdpojken.wordpress.com\/author\/slojdpojken\/\" target=\"_blank\">blogg <\/a><br \/>\nNorrk\u00f6pings stadsmuseum <a href=\"http:\/\/www.norrkopingsstadsmuseum.se\/\" target=\"_blank\">hemsida<\/a> <a href=\"https:\/\/www.facebook.com\/Norrkopingsstadsmuseum?fref=ts\" target=\"_blank\">Facebook <\/a><br \/>\nAllt vad h\u00e4nder kan skapa Ur bj\u00f6rk <a href=\"https:\/\/www.kultursidan.nu\/?p=26805\" target=\"_blank\">recension<\/a> Kultursidan.nu 3\/9 2016<\/p>\n","protected":false},"excerpt":{"rendered":"<p>KORTKORT\/NORRK\u00d6PING \u00d6stg\u00f6tska sl\u00f6jdare kan ocks\u00e5 bj\u00f6rk. Tre utvalda sl\u00f6jdare bidrar till utst\u00e4llningen Ur bj\u00f6rk p\u00e5 Norrk\u00f6pings stadsmuseum. Traditionen med svepaskar, n\u00e4verburkar f\u00f6rnyas in i v\u00e5r samtid. Utst\u00e4llningspubliken tycker om att t\u00e4lja. <a class=\"continue-reading-link\" href=\"https:\/\/www.kultursidan.nu\/?p=27771\">L\u00e4s mer <span class=\"meta-nav\">&rarr; <\/span><\/a><\/p>\n","protected":false},"author":1001006,"featured_media":0,"comment_status":"closed","ping_status":"open","sticky":false,"template":"","format":"standard","meta":{"_jetpack_memberships_contains_paid_content":false,"footnotes":""},"categories":[7],"tags":[61,47],"class_list":["post-27771","post","type-post","status-publish","format-standard","hentry","category-norrkoping","tag-hantverk","tag-utstallning"],"jetpack_featured_media_url":"","jetpack_sharing_enabled":true,"_links":{"self":[{"href":"https:\/\/www.kultursidan.nu\/index.php?rest_route=\/wp\/v2\/posts\/27771","targetHints":{"allow":["GET"]}}],"collection":[{"href":"https:\/\/www.kultursidan.nu\/index.php?rest_route=\/wp\/v2\/posts"}],"about":[{"href":"https:\/\/www.kultursidan.nu\/index.php?rest_route=\/wp\/v2\/types\/post"}],"author":[{"embeddable":true,"href":"https:\/\/www.kultursidan.nu\/index.php?rest_route=\/wp\/v2\/users\/1001006"}],"replies":[{"embeddable":true,"href":"https:\/\/www.kultursidan.nu\/index.php?rest_route=%2Fwp%2Fv2%2Fcomments&post=27771"}],"version-history":[{"count":0,"href":"https:\/\/www.kultursidan.nu\/index.php?rest_route=\/wp\/v2\/posts\/27771\/revisions"}],"wp:attachment":[{"href":"https:\/\/www.kultursidan.nu\/index.php?rest_route=%2Fwp%2Fv2%2Fmedia&parent=27771"}],"wp:term":[{"taxonomy":"category","embeddable":true,"href":"https:\/\/www.kultursidan.nu\/index.php?rest_route=%2Fwp%2Fv2%2Fcategories&post=27771"},{"taxonomy":"post_tag","embeddable":true,"href":"https:\/\/www.kultursidan.nu\/index.php?rest_route=%2Fwp%2Fv2%2Ftags&post=27771"}],"curies":[{"name":"wp","href":"https:\/\/api.w.org\/{rel}","templated":true}]}}