{"id":27878,"date":"2016-11-12T22:02:41","date_gmt":"2016-11-12T21:02:41","guid":{"rendered":"https:\/\/intelligent-friend-7861.standoutwp.com\/?p=27878"},"modified":"2016-11-12T22:22:30","modified_gmt":"2016-11-12T21:22:30","slug":"jobbcirkus-tillbaka-pa-arbetets-museum","status":"publish","type":"post","link":"https:\/\/www.kultursidan.nu\/?p=27878","title":{"rendered":"Jobbcirkus tillbaka p\u00e5 Arbetets museum"},"content":{"rendered":"<p><img loading=\"lazy\" decoding=\"async\" class=\"alignnone size-medium wp-image-27879\" src=\"https:\/\/www.kultursidan.nu\/wp-content\/uploads\/2016\/11\/unspecified-3-567x377.jpeg\" alt=\"Jobbcirkus\" width=\"567\" height=\"377\" srcset=\"https:\/\/www.kultursidan.nu\/wp-content\/uploads\/2016\/11\/unspecified-3-567x377.jpeg 567w, https:\/\/www.kultursidan.nu\/wp-content\/uploads\/2016\/11\/unspecified-3-768x510.jpeg 768w, https:\/\/www.kultursidan.nu\/wp-content\/uploads\/2016\/11\/unspecified-3.jpeg 1024w, https:\/\/www.kultursidan.nu\/wp-content\/uploads\/2016\/11\/unspecified-3-501x333.jpeg 501w, https:\/\/www.kultursidan.nu\/wp-content\/uploads\/2016\/11\/unspecified-3-150x100.jpeg 150w\" sizes=\"auto, (max-width: 567px) 100vw, 567px\" \/><br \/>\n<em>Uppfr\u00e4schad. Utst\u00e4llningen Jobbcirkus har kommit tillbaka till Arbetets museum\u00a0 f\u00f6r att hj\u00e4lpa nya \u00e5rskullar p\u00e5 h\u00f6gstadiet att fundera \u00f6ver framtiden.<\/em><\/p>\n<p>&nbsp;<\/p>\n<h1><span style=\"color: #ff0000;\">&#8221;Var inte r\u00e4dd att ta nya steg&#8221;<\/span><\/h1>\n<p>&nbsp;<\/p>\n<p>NORRK\u00d6PING <strong>Vad ska du bli n\u00e4r du blir stor?<\/strong> Arbetets museum skapade utst\u00e4llningen <em>Jobbcirkus<\/em> f\u00f6r tre \u00e5r sedan. Den bes\u00f6ktes d\u00e5 av 5.000 elever och s\u00e5gs av ytterligare 50.000 museibes\u00f6kare. Nu \u00e4r <em>Jobbcirkus<\/em> tillbaka. Nya h\u00f6gstadieungdomar har v\u00e4xt upp och beh\u00f6ver v\u00e4gledning f\u00f6r att hitta r\u00e4tt inf\u00f6r gymnasievalet.<\/p>\n<p><strong>Ska gymnasiet vara en yrkesutbildning eller leda vidare till h\u00f6gre studier?<\/strong> Utst\u00e4llningen ger inte svar p\u00e5 fr\u00e5gan, d\u00e4remot \u00f6ppnar den f\u00f6r att ungdomarna ska fundera \u00f6ver vad de sj\u00e4lva vill och t\u00e4nker.<\/p>\n<p>\u2013 Var inte r\u00e4dd att ta nya steg, det r\u00e5det ger Elisabeth Nilsson.<\/p>\n<p>N\u00e4r hon var ung ber\u00e4ttade hon f\u00f6r SYO-konsulenten p\u00e5 skolan att hon ville bli bergsingenj\u00f6r och fick till svar att det var nog inte ett l\u00e4mpligt yrke f\u00f6r en flicka. Som tur var lyssnade hon inte p\u00e5 honom. Hon utbildade sig till ingenj\u00f6r, jobbade p\u00e5 st\u00e5lverk, fick flera chefsjobb och blev till sist landsh\u00f6vding i \u00d6sterg\u00f6tland.<\/p>\n<p>&nbsp;<\/p>\n<p><a title=\"Elisabeth Nilsson\" href=\"https:\/\/www.flickr.com\/photos\/kultursidan\/30640496760\/in\/album-72157665025427649\/\"><img loading=\"lazy\" decoding=\"async\" src=\"https:\/\/c1.staticflickr.com\/6\/5760\/30640496760_1307b5ab1f.jpg\" alt=\"Elisabeth Nilsson\" width=\"500\" height=\"398\" \/><\/a><br \/>\n<em> V\u00e4lutbildad. Elisabeth Nilsson visste vad hon ville och blev ingenj\u00f6r. Sedan gick hon vidare, som landsh\u00f6vding leder hon l\u00e4nsstyrelsens arbete i \u00d6sterg\u00f6tland.<\/em><\/p>\n<p>&nbsp;<\/p>\n<p><strong>Framtiden \u00e4r sv\u00e5rare att sia om, det enda som \u00e4r s\u00e4kert \u00e4r att det inte kommer att se ut som det g\u00f6r nu. <\/strong>Vid nyinvigningen f\u00f6r en tid sedan talade generationsforskaren Anders Parment fr\u00e5n Stockholms Universitet. Hans f\u00f6rel\u00e4sning hade temat \u201d80- och 90-talister, kr\u00e4sna och kr\u00e4vande eller en m\u00f6jlighet till utveckling?\u201d<\/p>\n<p>I ett snabbt tempo beskrev Anders Parment hur trender f\u00f6r\u00e4ndras och hur inst\u00e4llning till olika saker f\u00f6r\u00e4ndras. Delningsekonomin har blivit en trend, varf\u00f6r egen bil eller gr\u00e4sklippare n\u00e4r man kan dela med grannen. Samtidigt finns reklamen som lockar till nyink\u00f6p, g\u00e4rna skr\u00e4ddarsydda, fast det som redan finns fungerar utm\u00e4rkt.<\/p>\n<p>Urbaniseringen spelar ocks\u00e5 in. Allt fler s\u00f6ker sig till \u201dheta omr\u00e5den\u201d vilket g\u00f6r att skolor p\u00e5 landsbygden f\u00e5r sv\u00e5rt att \u00f6verleva, det blir en ond cirkel.<\/p>\n<p><strong>En tendens \u00e4r ocks\u00e5 att arbetsgivarna nu inte annonserar om toppjobben i annonser i traditionella media.<\/strong> Sociala media och andra kanaler blir allt viktigare. Men arbetsgivarna s\u00f6ker inte bara en person utan ocks\u00e5 personens sociala n\u00e4tverk. De v\u00e4nder sig inte till de som \u00e4r arbetsl\u00f6sa utan till de som redan har ett bra jobb.<\/p>\n<p>Det \u00e4r numera s\u00e5 att man f\u00f6rv\u00e4ntas arbeta l\u00e4ngre \u00e4n tidigare generationer men ocks\u00e5 att man byter arbete flera g\u00e5nger. Att arbeta p\u00e5 samma arbetsplats hela sitt yrkesverksamma liv \u00e4r inte dagens modell.<\/p>\n<p>&nbsp;<\/p>\n<p><a title=\"Mervan Smajic tar emot och ber\u00e4ttar om sitt jobb.\" href=\"https:\/\/www.flickr.com\/photos\/kultursidan\/10081258874\/in\/album-72157665025427649\/\"><img loading=\"lazy\" decoding=\"async\" src=\"https:\/\/c3.staticflickr.com\/3\/2879\/10081258874_b2a9e3b0e6.jpg\" alt=\"Mervan Smajic tar emot och ber\u00e4ttar om sitt jobb.\" width=\"500\" height=\"333\" \/><\/a><br \/>\n<em>Industrijobb f\u00f6r framtiden. Mervan Smajic ber\u00e4ttade redan f\u00f6r tre \u00e5r sedan om hur han som CNC-operat\u00f6r styr maskinerna inom industrin. Ett viktigt jobb n\u00e4r utvecklingen g\u00e5r mot skr\u00e4ddarsydda produkter.<\/em><\/p>\n<p>&nbsp;<\/p>\n<p><strong>\u00d6sterg\u00f6tland kanske inte beh\u00f6ver s\u00e5 m\u00e5nga bergsingenj\u00f6rer, snarare byggingenj\u00f6rer, l\u00e4rare, omsorgspersonal.<\/strong> Klart \u00e4r att det kommer att beh\u00f6vas personer med b\u00e5de praktisk och teoretisk kompetens, helst b\u00e5de och. Norrk\u00f6ping v\u00e4xer s\u00e5 det knakar, \u00d6sterg\u00f6tland st\u00e5r inf\u00f6r gigantiska reryteringsbehov redan nu.<\/p>\n<p><strong><em>Jobbcirkus<\/em> har utvecklats sedan sist genom ett samarbete med Ebersteinska gymnasiet i Norrk\u00f6ping.<\/strong> Nyanl\u00e4nda elever som g\u00e5r spr\u00e5kintroduktionen har hj\u00e4lpt till med filmen \u201dNy i den svenska skolan\u201d, \u00f6versatt texter till sina hemspr\u00e5k, gjort en audioguide och utbildats till guider som kan v\u00e4gleda andra nyanl\u00e4nda kamrater i utst\u00e4llningen p\u00e5 deras hemspr\u00e5k.<\/p>\n<p>En av dem \u00e4r Abdifatah Mohammed Aden som har varit i Sverige i ett och ett halvt \u00e5r. Han vill utbilda sig till journalist, bland annat f\u00f6r att kunna beskriva situationen i sitt forna hemland Somalia.<\/p>\n<p><strong>2018 planerar Arbetets museum en utst\u00e4llning som riktar sig till mellanstadieelever och som kommer att kallas <em>Joblabb.<\/em><\/strong> \u00c5ret d\u00e4rp\u00e5 f\u00f6ljer en utst\u00e4llning om robotisering, automatisering och digitalisering, ber\u00e4ttar museichefen Niclas Cserhalmi.<\/p>\n<p>Den tekniska utvecklingen g\u00f6r det m\u00f6jligt att ers\u00e4tta m\u00e5nga av dagens arbetsuppgifter, inte bara de enklaste jobben. Men vad kommer i st\u00e4llet? Var hittar dagens ungdomar mening och k\u00e4nner sig nyttiga i framtiden?<\/p>\n<p>\u00a9 <em>Text: Sven \u00c5ke Molund och Ann-Charlotte Sandelin<\/em><\/p>\n<p>BILDSPEL (FLASH) \u2013 KLICKA P\u00c5 BILDEN <em><br \/>\nALT\/MOBIL: SE BILDSPELET <a title=\"Bildspel\" href=\"https:\/\/www.flickr.com\/photos\/kultursidan\/sets\/72157665025427649\/show\/\" target=\"_blank\">H\u00c4R<\/a><\/em><br \/>\n<object width=\"400\" height=\"300\"><param name=\"flashvars\" value=\"offsite=true&amp;lang=en-us&amp;page_show_url=%2Fphotos%2Fkultursidan%2Fsets%2F72157665025427649%2Fshow%2F&amp;page_show_back_url=%2Fphotos%2Fkultursidan%2Fsets%2F72157665025427649%2F&amp;set_id=72157665025427649&amp;jump_to=\" \/><param name=\"movie\" value=\"https:\/\/www.flickr.com\/apps\/slideshow\/show.swf?v=1811922554\" \/><param name=\"allowFullScreen\" value=\"true\" \/><\/object><\/p>\n<blockquote>\n<h3><em>ARBETETS MUSEUM Norrk\u00f6ping<\/em><\/h3>\n<p>21 oktober 2016 \u2013 14 maj 2017<em><br \/>\n<\/em><strong>Jobbcirkus<\/strong><br \/>\n<em>Utst\u00e4llning riktad mot ungdomar i \u00e5k 8 och 9<\/em><br \/>\n<em>Ursprungligen producerad 2013<br \/>\nProducent: Maria Asplund<\/em><br \/>\n<em>Arr: Arbetets museum med st\u00f6d av \u00d6stsam, L\u00e4nsstyrelsen, Unionen, IF-Metall, Svenskt n\u00e4ringsliv och Industrikompetens samt enskilda f\u00f6retag och kommuner<\/em><\/p><\/blockquote>\n<p>L\u00c4NKAR<br \/>\nArbetets Museum <a href=\"http:\/\/www.arbetetsmuseum.se\" target=\"_blank\">hemsida<\/a> <a href=\"https:\/\/www.facebook.com\/arbetetsmuseum\" target=\"_blank\">Facebook <\/a><br \/>\nJobbcirkus inf\u00f6r gymnasievalet <a href=\"https:\/\/www.kultursidan.nu\/?p=12450\" target=\"_blank\">reportage<\/a> Kultursidan.nu 4\/10 2013<\/p>\n","protected":false},"excerpt":{"rendered":"<p>NORRK\u00d6PING Vad ska du bli n\u00e4r du blir stor? Arbetets museum skapade utst\u00e4llningen Jobbcirkus f\u00f6r tre \u00e5r sedan. Nu \u00e4r den tillbaka. Nya h\u00f6gstadieungdomar har v\u00e4xt upp och beh\u00f6ver v\u00e4gledning f\u00f6r att hitta r\u00e4tt inf\u00f6r gymnasievalet. <a class=\"continue-reading-link\" href=\"https:\/\/www.kultursidan.nu\/?p=27878\">L\u00e4s mer <span class=\"meta-nav\">&rarr; <\/span><\/a><\/p>\n","protected":false},"author":1001006,"featured_media":0,"comment_status":"closed","ping_status":"open","sticky":false,"template":"","format":"standard","meta":{"_jetpack_memberships_contains_paid_content":false,"footnotes":""},"categories":[7],"tags":[47],"class_list":["post-27878","post","type-post","status-publish","format-standard","hentry","category-norrkoping","tag-utstallning"],"jetpack_featured_media_url":"","jetpack_sharing_enabled":true,"_links":{"self":[{"href":"https:\/\/www.kultursidan.nu\/index.php?rest_route=\/wp\/v2\/posts\/27878","targetHints":{"allow":["GET"]}}],"collection":[{"href":"https:\/\/www.kultursidan.nu\/index.php?rest_route=\/wp\/v2\/posts"}],"about":[{"href":"https:\/\/www.kultursidan.nu\/index.php?rest_route=\/wp\/v2\/types\/post"}],"author":[{"embeddable":true,"href":"https:\/\/www.kultursidan.nu\/index.php?rest_route=\/wp\/v2\/users\/1001006"}],"replies":[{"embeddable":true,"href":"https:\/\/www.kultursidan.nu\/index.php?rest_route=%2Fwp%2Fv2%2Fcomments&post=27878"}],"version-history":[{"count":0,"href":"https:\/\/www.kultursidan.nu\/index.php?rest_route=\/wp\/v2\/posts\/27878\/revisions"}],"wp:attachment":[{"href":"https:\/\/www.kultursidan.nu\/index.php?rest_route=%2Fwp%2Fv2%2Fmedia&parent=27878"}],"wp:term":[{"taxonomy":"category","embeddable":true,"href":"https:\/\/www.kultursidan.nu\/index.php?rest_route=%2Fwp%2Fv2%2Fcategories&post=27878"},{"taxonomy":"post_tag","embeddable":true,"href":"https:\/\/www.kultursidan.nu\/index.php?rest_route=%2Fwp%2Fv2%2Ftags&post=27878"}],"curies":[{"name":"wp","href":"https:\/\/api.w.org\/{rel}","templated":true}]}}