{"id":27902,"date":"2016-11-14T17:38:39","date_gmt":"2016-11-14T16:38:39","guid":{"rendered":"https:\/\/intelligent-friend-7861.standoutwp.com\/?p=27902"},"modified":"2016-11-29T11:13:53","modified_gmt":"2016-11-29T10:13:53","slug":"samtal-mitt-i-konsten-tisdag-onsdag","status":"publish","type":"post","link":"https:\/\/www.kultursidan.nu\/?p=27902","title":{"rendered":"Samtal mitt i konsten tisdag-onsdag"},"content":{"rendered":"<h2>Smidda tr\u00e4dd i naturlig storlek<\/h2>\n<p>NORRK\u00d6PING <strong>Bilden<\/strong> <strong>och poesin. Smide.<\/strong> Tv\u00e5 gallerier bjuder b\u00e5da in till samtal i veckan, mitt under p\u00e5g\u00e5ende utst\u00e4llningar. Till Kronan kommer Anna Hallberg och Filip Lindberg. Till Konstforum smederna Stefan och Johannes Asp.<\/p>\n<p><strong>Galleri Kronan bjuder in till en tisdagskv\u00e4ll som l\u00e5ter poeterna Anna Hallberg och Filip Lindberg unders\u00f6ka bildens verkan i poesin.<\/strong> Men ocks\u00e5 om hur bilden verkar i och genom andra konstn\u00e4rliga kontexter. \u00c4ven publiken ska lockas in i samtalet.<\/p>\n<p>Anna Hallberg debuterade med diktsamlingen <em>Friktion<\/em> 2001 och \u00e4r en viktig r\u00f6st som h\u00e4vdar konstens betydelse f\u00f6r samh\u00e4llet och demokratin. N\u00e4sta \u00e5r kommer hennes sjunde diktsamling <em>Chow Chow<\/em> ut.<\/p>\n<p>Filip Lindberg, fr\u00e5n Norrk\u00f6ping men bor i Uppsala d\u00e4r han studerar litteratur p\u00e5 masterniv\u00e5. Han debuterade med diktsamlingen <em>(\u00c4mne saknas)<\/em> 2014, ett bildrelaterat verk som \u00e4ven st\u00e4lldes ut p\u00e5 Galleri Kronan i b\u00f6rjan av 2015. Ordet blev bild. \u00c4ven andra diktsamlingen <em>(f\u00f6r)s\u00f6rj mig<\/em> \u00e4r mycket bildm\u00e4ssig.<\/p>\n<p><strong>Johannes Asp tog hem utm\u00e4rkelsen \u00c5rets \u00f6stg\u00f6tska hantverk med ljusstaken <em>Folke<\/em>, f\u00f6r v\u00e4rmeljus, \u00e5r 2013.<\/strong> Smederna Stefan och Johannes fr\u00e5n Asp &amp; Karlssons smidesverkstad, r\u00f6r sig fr\u00e5n konstsmide till byggnadssmide.<\/p>\n<p>P\u00e5 onsdag g\u00e4star de Konstforum och ber\u00e4ttar om sina arbeten. N\u00e5got de ocks\u00e5 vill lyfta fram \u00e4r sina tr\u00e4dskapelser, smidesverk i n\u00e4ranog naturlig storlek.<\/p>\n<blockquote>\n<h3><em>KRONAN Norrk\u00f6ping<\/em><\/h3>\n<p>15 november 2016 kl 19<em><br \/>\n<strong>Bildens verkan i poesin<\/strong><\/em><br \/>\n<em> Anna Hallberg och Filip Lindberg<\/em><\/p>\n<h3><em>KONSTFORUM Norrk\u00f6ping<\/em><\/h3>\n<p>16 november 2016 kl 19<br \/>\n<em><strong>Smidesarbeten<br \/>\n<\/strong>Stefan och Johannes Asp<\/em><\/p><\/blockquote>\n<p>L\u00c4NKAR<br \/>\nAnna Hallberg <a href=\"http:\/\/www.albertbonniersforlag.se\/Forfattare\/H\/anna-hallberg\/\" target=\"_blank\">info <\/a><br \/>\nAsp &amp; Karlsson smidesverkstad <a href=\"http:\/\/www.aspokarlsson.se\/valkommen.html\" target=\"_blank\">hemsida<\/a><br \/>\nGalleri Kronan <a href=\"http:\/\/www.gallerikronan.se\" target=\"_blank\">hemsida<\/a> <a href=\"https:\/\/www.facebook.com\/Galleri-Kronan-222739187788587\/?fref=ts\" target=\"_blank\">Facebook <\/a><br \/>\nKonstforum <a href=\"http:\/\/konstforumnorrkoping.se\" target=\"_blank\">hemsida<\/a> <a href=\"https:\/\/www.facebook.com\/pages\/Konstforum-Norrk%C3%B6ping\/436387379718835?fref=ts\" target=\"_blank\">Facebook<br \/>\n<\/a>N\u00e5got skaver hos Filip Lindberg <a href=\"https:\/\/www.kultursidan.nu\/?p=19897\" target=\"_blank\">recension<\/a> Kultursidan.nu 23\/5 2015<br \/>\nTv\u00e5 om\u00f6jlighetens konstn\u00e4rer p\u00e5 Kronan <a href=\"https:\/\/www.kultursidan.nu\/?p=18778\" target=\"_blank\">reportage<\/a> Kultursidan.nu 6\/2 2015<br \/>\nPoesi som en humanistisk dator <a href=\"https:\/\/www.kultursidan.nu\/?p=15895\" target=\"_blank\">recension<\/a> Kultursidan.nu 14\/7 2014<br \/>\nFilip Lindberg tolkar om konsten p\u00e5 Popsi <a href=\"https:\/\/www.kultursidan.nu\/?p=9291\" target=\"_blank\">reportage<\/a> Kultursidan.nu 3\/7 2013<\/p>\n","protected":false},"excerpt":{"rendered":"<p>KORTNYTT\/NORRK\u00d6PING Bilden och poesin. Smidet. Tv\u00e5 gallerier bjuder b\u00e5da in till samtal i veckan, mitt under p\u00e5g\u00e5ende utst\u00e4llningar. Till Kronan kommer poeterna Anna Hallberg och Filip Lindberg, till Konstforum smederna Stefan och Johannes Asp. <a class=\"continue-reading-link\" href=\"https:\/\/www.kultursidan.nu\/?p=27902\">L\u00e4s mer <span class=\"meta-nav\">&rarr; <\/span><\/a><\/p>\n","protected":false},"author":1001006,"featured_media":0,"comment_status":"closed","ping_status":"open","sticky":false,"template":"","format":"standard","meta":{"_jetpack_memberships_contains_paid_content":false,"footnotes":""},"categories":[81,7],"tags":[53,61,14,51],"class_list":["post-27902","post","type-post","status-publish","format-standard","hentry","category-snappat","category-norrkoping","tag-foredrag","tag-hantverk","tag-konst","tag-poesi"],"jetpack_featured_media_url":"","jetpack_sharing_enabled":true,"_links":{"self":[{"href":"https:\/\/www.kultursidan.nu\/index.php?rest_route=\/wp\/v2\/posts\/27902","targetHints":{"allow":["GET"]}}],"collection":[{"href":"https:\/\/www.kultursidan.nu\/index.php?rest_route=\/wp\/v2\/posts"}],"about":[{"href":"https:\/\/www.kultursidan.nu\/index.php?rest_route=\/wp\/v2\/types\/post"}],"author":[{"embeddable":true,"href":"https:\/\/www.kultursidan.nu\/index.php?rest_route=\/wp\/v2\/users\/1001006"}],"replies":[{"embeddable":true,"href":"https:\/\/www.kultursidan.nu\/index.php?rest_route=%2Fwp%2Fv2%2Fcomments&post=27902"}],"version-history":[{"count":0,"href":"https:\/\/www.kultursidan.nu\/index.php?rest_route=\/wp\/v2\/posts\/27902\/revisions"}],"wp:attachment":[{"href":"https:\/\/www.kultursidan.nu\/index.php?rest_route=%2Fwp%2Fv2%2Fmedia&parent=27902"}],"wp:term":[{"taxonomy":"category","embeddable":true,"href":"https:\/\/www.kultursidan.nu\/index.php?rest_route=%2Fwp%2Fv2%2Fcategories&post=27902"},{"taxonomy":"post_tag","embeddable":true,"href":"https:\/\/www.kultursidan.nu\/index.php?rest_route=%2Fwp%2Fv2%2Ftags&post=27902"}],"curies":[{"name":"wp","href":"https:\/\/api.w.org\/{rel}","templated":true}]}}