{"id":27915,"date":"2016-11-15T16:25:11","date_gmt":"2016-11-15T15:25:11","guid":{"rendered":"https:\/\/intelligent-friend-7861.standoutwp.com\/?p=27915"},"modified":"2016-11-15T16:26:43","modified_gmt":"2016-11-15T15:26:43","slug":"flyktingboende-far-lyft-i-framtidsland","status":"publish","type":"post","link":"https:\/\/www.kultursidan.nu\/?p=27915","title":{"rendered":"Flyktingboende f\u00e5r lyft i Framtidsland"},"content":{"rendered":"<p><img loading=\"lazy\" decoding=\"async\" class=\"alignnone size-medium wp-image-27919\" src=\"https:\/\/www.kultursidan.nu\/wp-content\/uploads\/2016\/11\/unspecified-6-567x377.jpeg\" alt=\"Better Shelter\" width=\"567\" height=\"377\" srcset=\"https:\/\/www.kultursidan.nu\/wp-content\/uploads\/2016\/11\/unspecified-6-567x377.jpeg 567w, https:\/\/www.kultursidan.nu\/wp-content\/uploads\/2016\/11\/unspecified-6-768x510.jpeg 768w, https:\/\/www.kultursidan.nu\/wp-content\/uploads\/2016\/11\/unspecified-6-1024x680.jpeg 1024w, https:\/\/www.kultursidan.nu\/wp-content\/uploads\/2016\/11\/unspecified-6-501x333.jpeg 501w, https:\/\/www.kultursidan.nu\/wp-content\/uploads\/2016\/11\/unspecified-6-150x100.jpeg 150w, https:\/\/www.kultursidan.nu\/wp-content\/uploads\/2016\/11\/unspecified-6.jpeg 1280w\" sizes=\"auto, (max-width: 567px) 100vw, 567px\" \/><br \/>\n<em>Lyft f\u00f6r flyktingar. Ebersteinskas byggelever monterade snabbt ihop Better Shelter som st\u00e5r i utst\u00e4llningen Framtidsland.<\/em><\/p>\n<p>&nbsp;<\/p>\n<h1><span style=\"color: #ff0000;\">Better Shelter kan vara b\u00f6rjan till ett nytt liv<\/span><\/h1>\n<p>&nbsp;<\/p>\n<p>NORRK\u00d6PING <strong>Ett helt litet hus i ett platt paket.<\/strong> Det tog inte l\u00e5ng tid f\u00f6r eleverna fr\u00e5n Bygg- och anl\u00e4ggningsprogrammet vid Ebersteinska gymnasiet att montera <em>Better Shelter<\/em> p\u00e5 Arbetets museum. Det nya flyktingboendet \u00e4r b\u00e4ttre, v\u00e4rdigare och svenskdesignat.<\/p>\n<p><strong>\u00c5r 2015 befann sig 65,3 miljoner m\u00e4nniskor p\u00e5 flykt n\u00e5gonstans i v\u00e4rlden.<\/strong> Det \u00e4r fler \u00e4n Italiens hela befolkning. 21,3 miljoner av dessa definieras som flyktingar. Av dessa \u00e4r 5,2 miljoner palestinska flyktingar medan 16,1 miljoner \u00e4r registrerade under FN-organet UNHCR. Dessa uppgifter \u00e5terfinns i en folder som det svenska sociala f\u00f6retaget Better Shelter l\u00e4mnade till pressen vid en tr\u00e4ff p\u00e5 Arbetets Museum under m\u00e5ndagseftermiddagen.<\/p>\n<p>&nbsp;<\/p>\n<p><a title=\"M\u00e4rta T\u00e4rne fr\u00e5n Better Shelter tillsammans med l\u00e4raren fr\u00e5n Ebersteinska\" href=\"https:\/\/www.flickr.com\/photos\/kultursidan\/22823141268\/in\/album-72157660797914478\/\"><img loading=\"lazy\" decoding=\"async\" src=\"https:\/\/c5.staticflickr.com\/6\/5668\/22823141268_a6c15048be.jpg\" alt=\"M\u00e4rta T\u00e4rne fr\u00e5n Better Shelter tillsammans med l\u00e4raren fr\u00e5n Ebersteinska\" width=\"500\" height=\"332\" \/><\/a><br \/>\n<em>Planering. M\u00e4rta T\u00e4rne fr\u00e5n Better Shelter tillsammans med l\u00e4raren fr\u00e5n Ebersteinska gymnasiet.<\/em><\/p>\n<p>&nbsp;<\/p>\n<p><strong><em>Better Shelter<\/em> \u00e4r en flyktingbostad som skapats av svenska designers f\u00f6r ett mera h\u00e5llbart och tryggare boende \u00e4n tunna t\u00e4ltdukar i flyktingl\u00e4ger.<\/strong> Varje bostad \u00e4r p\u00e5 17,5 kvm och \u00e4r avsedd f\u00f6r familjer p\u00e5 max fem personer. De kommer i byggsatser och levereras i tv\u00e5 platta paket p\u00e5 IKEA-vis f\u00f6r montage p\u00e5 plats. Fyra personer ska p\u00e5 cirka 4,5 timmar kunna bygga en bostad.<\/p>\n<p>Id\u00e9n till Better Shelter kl\u00e4cktes i H\u00e4llefors \u00e5r 2010, parallellt med produktutvecklingen skapades \u00e4ven organisationen med samma namn. Utvecklingen har sedan skett i samarbete med Ikeastiftelsen och FN:s flyktingorgan UNHCR. UNHCR har hittills best\u00e4llt 30.000 bost\u00e4der och av dessa \u00e4r 15.000 redan uppsatta.<\/p>\n<p><strong>Under m\u00e5ndagen visade elever fr\u00e5n Bygg- och anl\u00e4ggningsprogrammet vid Ebersteinska gymnasiet i Norrk\u00f6ping hur man monterar Better Shelter. <\/strong>Utst\u00e4llningen <em>Framtidsland<\/em> p\u00e5 Arbetets Museum blev platsen f\u00f6r en utst\u00e4lld bostad fr\u00e5n Better Shelter.<\/p>\n<p>Som i f\u00f6rfabricerade produkter var det m\u00e4ngder med sm\u00e5prylar i paketen som skulle monteras tillsammans med stativ och stabiliseringsdetaljer. P\u00e5 en b\u00e4nk fanns en bruksanvisning tillg\u00e4nglig, liknande de som medf\u00f6ljer IKEA-produkter, om man skulle fastna p\u00e5 n\u00e5gon detalj. Eleverna var dock v\u00e4l f\u00f6rberedda s\u00e5 bruksanvisningen kom knappast till anv\u00e4ndning den h\u00e4r g\u00e5ngen.<\/p>\n<p>&nbsp;<\/p>\n<p><a title=\"Better Shelter\"><img loading=\"lazy\" decoding=\"async\" src=\"https:\/\/c7.staticflickr.com\/6\/5566\/22823141078_76b41ef54f.jpg\" alt=\"Better Shelter\" width=\"500\" height=\"332\" \/><\/a><br \/>\n<em> Montering. Hela huset ryms i tv\u00e5 platta paket, kartongen under f\u00f6nstret \u00e4r det ena.<\/em><\/p>\n<p>&nbsp;<\/p>\n<p><strong>Utst\u00e4llningen visar p\u00e5 tv\u00e5 saker.<\/strong> Den ena reflektionen jag g\u00f6r \u00e4r att det med sm\u00e5 och snabba \u00e5tg\u00e4rder g\u00e5r g\u00f6ra livet mera skonsamt f\u00f6r utsatta flyktingfamiljer, men att det \u00e4nd\u00e5 m\u00e5ste vara en sv\u00e5r boendesituation. Den andra reflektionen \u00e4r att en svensk uppfinnare st\u00e5r bakom denna praktiska l\u00f6sning.<\/p>\n<p>\u2013 Det finns ett stort intresse f\u00f6r att visa <em>Better Shelter<\/em>, s\u00e4ger M\u00e4rta T\u00e4rne fr\u00e5n organisationen Better Shelter. Tekniska Museet i Stockholm har redan installerat ett.<\/p>\n<p>M\u00e4rta T\u00e4rne tycker dock att l\u00f6sningen i Norrk\u00f6ping \u00e4r speciell eftersom man h\u00e4r tagit gymnasieelever till hj\u00e4lp att montera byggsatsen.<\/p>\n<p>Arbetets museums intendent Truls Olin menar att det \u00e4r en naturlig del i <em>Framtidsland<\/em> att visa en bostad f\u00f6r m\u00e4nniskor i en flyktingsituation.<\/p>\n<p>\u2013 F\u00f6r dessa personer kan denna typ av bostad vara en b\u00f6rjan till en ny framtid!<\/p>\n<p><strong><em>Better Shelter<\/em> kommer att vara uppsatt som en tillf\u00e4llig del av l\u00e5ngtidsutst\u00e4llningen <em>Framtidsland<\/em> fram till och med maj 2017.<\/strong> Bilder fr\u00e5n flyktingl\u00e4ger kommer att visa hur bostaden anv\u00e4nds i verkligheten. Det \u00e4r ocks\u00e5 meningen att man efter hand, som en del i olika pedagogiska projekt, kan komma att inreda \u201dbostaden\u201d.<\/p>\n<p>Utst\u00e4llningen ing\u00e5r ocks\u00e5 som en del i \u201dGlobala veckor\u201d som f\u00f6r p\u00e5g\u00e5r i Norrk\u00f6ping under november.<\/p>\n<p>\u00a9 <em>Text och foto: Sven \u00c5ke Molund<\/em><\/p>\n<p>BILDSPEL (FLASH) \u2013 KLICKA P\u00c5 BILDEN <em><br \/>\nALT\/MOBIL: SE BILDSPELET <a title=\"Bildspel\" href=\"https:\/\/www.flickr.com\/photos\/kultursidan\/sets\/72157660797914478\/show\/\" target=\"_blank\">H\u00c4R<\/a><\/em><br \/>\n<object width=\"400\" height=\"300\"><param name=\"flashvars\" value=\"offsite=true&amp;lang=en-us&amp;page_show_url=%2Fphotos%2Fkultursidan%2Fsets%2F72157660797914478%2Fshow%2F&amp;page_show_back_url=%2Fphotos%2Fkultursidan%2Fsets%2F72157660797914478%2F&amp;set_id=72157660797914478&amp;jump_to=\" \/><param name=\"movie\" value=\"https:\/\/www.flickr.com\/apps\/slideshow\/show.swf?v=1811922554\" \/><param name=\"allowFullScreen\" value=\"true\" \/><\/object><\/p>\n<blockquote>\n<h3><em>GLOBALA VECKOR Norrk\u00f6ping &amp; Link\u00f6ping<\/em><\/h3>\n<p>11 \u2013 27 november 2016<\/p>\n<h3><em>ARBETETS MUSEUM Norrk\u00f6ping<\/em><\/h3>\n<p>14 november 2016 \u2013 maj 2017<em><br \/>\n<strong>Better Shelter<br \/>\n<\/strong>Bostad<\/em><\/p><\/blockquote>\n<p>L\u00c4NKAR<br \/>\nGlobala veckor <a href=\"http:\/\/www.norrkoping.se\/organisation\/valfard\/globala-norrkoping\/kalendarium\/\" target=\"_blank\">program<\/a><br \/>\nBetter Shelter <a href=\"http:\/\/www.bettershelter.org\" target=\"_blank\">hemsida<\/a> <a href=\"https:\/\/www.facebook.com\/BetterShelter.org\/\" target=\"_blank\">Facebook<\/a><br \/>\nArbetets Museum <a href=\"http:\/\/www.arbetetsmuseum.se\" target=\"_blank\">hemsida<\/a> <a href=\"https:\/\/www.facebook.com\/arbetetsmuseum\" target=\"_blank\">Facebook<br \/>\n<\/a>Globala veckor med Child Mothers <a href=\"https:\/\/www.kultursidan.nu\/?p=27867\" target=\"_blank\">reportage<\/a> Kultursidan.nu 11\/11 2016<\/p>\n","protected":false},"excerpt":{"rendered":"<p>NORRK\u00d6PING Ett helt litet hus i tv\u00e5 platta paket. Det tog inte l\u00e5ng tid f\u00f6r eleverna fr\u00e5n Bygg- och anl\u00e4ggningsprogrammet vid Ebersteinska gymnasiet att montera Better Shelter p\u00e5 Arbetets museum. Det nya flyktingboendet \u00e4r b\u00e4ttre, v\u00e4rdigare och svenskdesignat. <a class=\"continue-reading-link\" href=\"https:\/\/www.kultursidan.nu\/?p=27915\">L\u00e4s mer <span class=\"meta-nav\">&rarr; <\/span><\/a><\/p>\n","protected":false},"author":1001006,"featured_media":0,"comment_status":"closed","ping_status":"open","sticky":false,"template":"","format":"standard","meta":{"_jetpack_memberships_contains_paid_content":false,"footnotes":""},"categories":[7],"tags":[47],"class_list":["post-27915","post","type-post","status-publish","format-standard","hentry","category-norrkoping","tag-utstallning"],"jetpack_featured_media_url":"","jetpack_sharing_enabled":true,"_links":{"self":[{"href":"https:\/\/www.kultursidan.nu\/index.php?rest_route=\/wp\/v2\/posts\/27915","targetHints":{"allow":["GET"]}}],"collection":[{"href":"https:\/\/www.kultursidan.nu\/index.php?rest_route=\/wp\/v2\/posts"}],"about":[{"href":"https:\/\/www.kultursidan.nu\/index.php?rest_route=\/wp\/v2\/types\/post"}],"author":[{"embeddable":true,"href":"https:\/\/www.kultursidan.nu\/index.php?rest_route=\/wp\/v2\/users\/1001006"}],"replies":[{"embeddable":true,"href":"https:\/\/www.kultursidan.nu\/index.php?rest_route=%2Fwp%2Fv2%2Fcomments&post=27915"}],"version-history":[{"count":0,"href":"https:\/\/www.kultursidan.nu\/index.php?rest_route=\/wp\/v2\/posts\/27915\/revisions"}],"wp:attachment":[{"href":"https:\/\/www.kultursidan.nu\/index.php?rest_route=%2Fwp%2Fv2%2Fmedia&parent=27915"}],"wp:term":[{"taxonomy":"category","embeddable":true,"href":"https:\/\/www.kultursidan.nu\/index.php?rest_route=%2Fwp%2Fv2%2Fcategories&post=27915"},{"taxonomy":"post_tag","embeddable":true,"href":"https:\/\/www.kultursidan.nu\/index.php?rest_route=%2Fwp%2Fv2%2Ftags&post=27915"}],"curies":[{"name":"wp","href":"https:\/\/api.w.org\/{rel}","templated":true}]}}