{"id":28014,"date":"2016-11-22T18:20:02","date_gmt":"2016-11-22T17:20:02","guid":{"rendered":"https:\/\/intelligent-friend-7861.standoutwp.com\/?p=28014"},"modified":"2016-11-22T18:20:02","modified_gmt":"2016-11-22T17:20:02","slug":"blandart-oppnar-for-julen-pa-radhuset","status":"publish","type":"post","link":"https:\/\/www.kultursidan.nu\/?p=28014","title":{"rendered":"BlandArt \u00f6ppnar f\u00f6r julen p\u00e5 R\u00e5dhuset"},"content":{"rendered":"<p><img loading=\"lazy\" decoding=\"async\" class=\"alignnone size-medium wp-image-28015\" src=\"https:\/\/www.kultursidan.nu\/wp-content\/uploads\/2016\/11\/Lars-Malm-\u2013-vy-567x414.jpg\" alt=\"Lars Malm\" width=\"567\" height=\"414\" srcset=\"https:\/\/www.kultursidan.nu\/wp-content\/uploads\/2016\/11\/Lars-Malm-\u2013-vy-567x414.jpg 567w, https:\/\/www.kultursidan.nu\/wp-content\/uploads\/2016\/11\/Lars-Malm-\u2013-vy-768x561.jpg 768w, https:\/\/www.kultursidan.nu\/wp-content\/uploads\/2016\/11\/Lars-Malm-\u2013-vy-1024x748.jpg 1024w, https:\/\/www.kultursidan.nu\/wp-content\/uploads\/2016\/11\/Lars-Malm-\u2013-vy-456x333.jpg 456w, https:\/\/www.kultursidan.nu\/wp-content\/uploads\/2016\/11\/Lars-Malm-\u2013-vy-150x110.jpg 150w, https:\/\/www.kultursidan.nu\/wp-content\/uploads\/2016\/11\/Lars-Malm-\u2013-vy.jpg 1280w\" sizes=\"auto, (max-width: 567px) 100vw, 567px\" \/><br \/>\n<em>Sommarminnen. Lars Malms blommande sk\u00e4rm delar av rummet. Till v\u00e4nster tv\u00e5 sk\u00e5p med gr\u00f6na rankor. I bakgrunden verk av Lena Neander\u00a0 och Anders Fredin. Ett keramikfat skymtar i f\u00f6nstret.<\/em><\/p>\n<p>&nbsp;<\/p>\n<h1><span style=\"color: #ff0000;\">Blandade genrer breder ut sig<\/span><\/h1>\n<p>&nbsp;<\/p>\n<p>S\u00d6DERK\u00d6PING <strong>Nu blommar det p\u00e5 Galleri R\u00e5dhuset.<\/strong> Lars Malms tr\u00e4arbeten dominerar BlandArts <em>H\u00f6stutst\u00e4llning<\/em> men h\u00e4r finns konst och konsthantverk i fler genrer. Therese Hurtig \u00e4r sista ungdomsutst\u00e4llaren i Lilla Galleriet.<\/p>\n<p>&nbsp;<\/p>\n<h2>BlandArt<\/h2>\n<p>&nbsp;<\/p>\n<p><strong>Tv\u00e5 sk\u00e4rmar (?) med slingrande v\u00e4xtlighet i klara f\u00e4rger tar plats i Galleri R\u00e5dhuset.<\/strong> <strong><em>Lars Malms<\/em><\/strong> fantasi bevarar sommaren. Annars visar han nya sk\u00e5p, n\u00e5gra vars dekorationer anspelar p\u00e5 samma v\u00e4xtgl\u00e4dje, andra med stramare linjef\u00f6ring. Och fortfarande har han pippi i skallen, det b\u00f6rjade redan i somras&#8230;<\/p>\n<p><strong><em>Sigrid Ericsson<\/em><\/strong> har en osviklig k\u00e4nsla f\u00f6r f\u00e4rm, form, ljus i sitt oljem\u00e5leri. Hon \u00e4r en m\u00e4stare p\u00e5 att antyda, som i <em>Stilleben<\/em>, kanske n\u00e5gra enkla k\u00e4rl p\u00e5 ett bord, ljuset spelar in fr\u00e5n f\u00f6nstret. \u00d6verraskar g\u00f6r d\u00e5 ett portr\u00e4tt i r\u00f6tt, r\u00f6tt, r\u00f6tt mot brungul grund.<\/p>\n<p>M\u00e5lar g\u00f6r \u00e4ven <strong><em>Ohla S\u00f6derlund<\/em><\/strong> som tar oss norrut i sina vintermotiv med markerade leder och \u00f6ppna vattendrag. Dessutom arbetar han vidare med grafik, sm\u00e5 \u00f6gonblicksbilder av h\u00e4ndelser, personer och milj\u00f6er i svart och vitt, kraftfullt som i serieteckningar.<\/p>\n<p><strong><em>Janne Bergstr\u00f6ms<\/em><\/strong> gouacher ber\u00e4ttar om \u00e4ventyr. Husfasader vickar och breder ut sig, f\u00e4rger och former i ett mer \u00e4n vanligt levande landskap och en vit bil som smiter ut i natten.<\/p>\n<p>&nbsp;<\/p>\n<p><a title=\"Lena Neander\" href=\"https:\/\/www.flickr.com\/photos\/kultursidan\/30370454943\/in\/album-72157676847814716\/\"><img loading=\"lazy\" decoding=\"async\" src=\"https:\/\/c8.staticflickr.com\/6\/5615\/30370454943_40b840256a.jpg\" alt=\"Lena Neander\" width=\"500\" height=\"305\" \/><\/a><br \/>\n<em>Samma fast olika. Lena Neanders Skorstenar II och I som m\u00e5ning respektive bildv\u00e4v.<\/em><\/p>\n<p>&nbsp;<\/p>\n<p><strong>Bildv\u00e4vnad tar tid.<\/strong> <strong><em>Lena Neander<\/em><\/strong> har f\u00e5ngat <em>Skorstenar I<\/em> i gammal fabriksmilj\u00f6. Invid h\u00e4nger en l\u00e4tt m\u00e5lning av samma motiv. \u00d6gat v\u00e4xlar mellan detalj och struktur, f\u00e4rgval och stramhet.<\/p>\n<p><strong><em>Anders Fredin<\/em><\/strong>, BlandArts yngste medlem, broderar. <em>Rutor och linjer<\/em> med lekfull matematik, kanske bara skissade i ett rutblock, kanske en tanke om arkitektur. Det strikta pr\u00f6vandet avbryts av en liten platts\u00f6msfigur i <em>M\u00f6rkrets <\/em>h\u00f6rn.<\/p>\n<p><strong>I en f\u00f6nsternisch hittar vi <em>Bj\u00f6rn R\u00f6merts <\/em>musikanter, smidda i tr\u00e5dsvart j\u00e4rn. <\/strong>I en annan f\u00f6nsternisch och p\u00e5 podier st\u00e5r<strong> <em>K\u00e5ge Olssons<\/em> <\/strong>keramik. Sk\u00e5lar med \u00f6ppna former, bruksvaror. N\u00e5got f\u00f6r julbordet kanh\u00e4nda.<\/p>\n<p>&nbsp;<\/p>\n<p><a title=\"Therese Hurtig\" href=\"https:\/\/www.flickr.com\/photos\/kultursidan\/31177581115\/in\/album-72157676847814716\/\"><img loading=\"lazy\" decoding=\"async\" src=\"https:\/\/c4.staticflickr.com\/6\/5773\/31177581115_491ee3a76d.jpg\" alt=\"Therese Hurtig\" width=\"500\" height=\"394\" \/><\/a><br \/>\n<em> Blyerts. Therese Hurtig \u00e4r h\u00f6stens sista ungdomsutst\u00e4llare i Lilla galleriet i R\u00e5dhuset.<\/em><\/p>\n<p>&nbsp;<\/p>\n<h2>Therese Hurtig<\/h2>\n<p>&nbsp;<\/p>\n<p><strong>BlandArt har i h\u00f6st \u00f6ppnat Lilla Galleriet i R\u00e5dhuset f\u00f6r yngre utst\u00e4llare med lokal anknytning, en slags stipendieverksamhet.<\/strong> <strong><em>Therese Hurtig<\/em><\/strong> \u00e4r h\u00f6stens tredje och sista efter Fraidoon Negargar och Linda Samuelsson. Hon \u00e4r b\u00f6rdig fr\u00e5n Bottna och Norrk\u00f6ping och har studerat p\u00e5 Valands Konstskola i G\u00f6teborg i tre \u00e5r.<\/p>\n<p>Kanske det \u00e4r efter \u00e4ldre tiders fotografiska f\u00f6rlagor hon f\u00e5ngat gestalterna p\u00e5 sina mjuksvarta bilder i blyerts. Motiven tr\u00e4der fram med f\u00f6renklad sk\u00e4rpa mot en mer uppl\u00f6st bakgrund. Magiska tillbakablickar.<\/p>\n<p>\u00a9 <em>Text: Ann-Charlotte Sandelin<br \/>\n<\/em>\u00a9 <em>Foto: Boy Svedberg<\/em><\/p>\n<p>BILDSPEL (FLASH) \u2013 KLICKA P\u00c5 BILDEN <em><br \/>\nALT\/MOBIL: SE BILDSPELET <a title=\"Bildspel\" href=\"https:\/\/www.flickr.com\/photos\/kultursidan\/sets\/72157676847814716\/show\/\" target=\"_blank\">H\u00c4R<\/a><\/em><br \/>\n<object width=\"400\" height=\"300\"><param name=\"flashvars\" value=\"offsite=true&amp;lang=en-us&amp;page_show_url=%2Fphotos%2Fkultursidan%2Fsets%2F72157676847814716%2Fshow%2F&amp;page_show_back_url=%2Fphotos%2Fkultursidan%2Fsets%2F72157676847814716%2F&amp;set_id=72157676847814716&amp;jump_to=\" \/><param name=\"movie\" value=\"https:\/\/www.flickr.com\/apps\/slideshow\/show.swf?v=1811922554\" \/><param name=\"allowFullScreen\" value=\"true\" \/><\/object><\/p>\n<blockquote>\n<h3><em>GALLERI R\u00c5DHUSET S\u00f6derk\u00f6ping<\/em><\/h3>\n<p><em>12 november \u2013 18 december 2016<br \/>\n<strong>H\u00f6stutst\u00e4llning<\/strong><\/em><br \/>\n<em> BlandArt<\/em><\/p>\n<h3><em>LILLA GALLERIET S\u00f6derk\u00f6pings R\u00e5dhus<\/em><\/h3>\n<p><em>12 \u2013 27 november 2016<br \/>\n<strong>Therese Hurtig<\/strong><\/em><\/p><\/blockquote>\n<p>L\u00c4NKAR<br \/>\nTherese Hurtig <a href=\"http:\/\/www.theresehurtig.com\" target=\"_blank\">hemsida <\/a><br \/>\nBlandArt <a href=\"http:\/\/www.blandart.com\" target=\"_blank\">hemsida<\/a> <a href=\"https:\/\/www.facebook.com\/pages\/BlandArt\/309889599061583?fref=ts\" target=\"_blank\">Facebook<\/a><\/p>\n","protected":false},"excerpt":{"rendered":"<p>S\u00d6DERK\u00d6PING Nu blommar det p\u00e5 Galleri R\u00e5dhuset. Lars Malms tr\u00e4arbeten dominerar BlandArts H\u00f6stutst\u00e4llning men h\u00e4r finns konst och konsthantverk i fler genrer. Therese Hurtig \u00e4r sista ungdomsutst\u00e4llaren i Lilla Galleriet. <a class=\"continue-reading-link\" href=\"https:\/\/www.kultursidan.nu\/?p=28014\">L\u00e4s mer <span class=\"meta-nav\">&rarr; <\/span><\/a><\/p>\n","protected":false},"author":1001006,"featured_media":0,"comment_status":"closed","ping_status":"open","sticky":false,"template":"","format":"standard","meta":{"_jetpack_memberships_contains_paid_content":false,"footnotes":""},"categories":[6],"tags":[14],"class_list":["post-28014","post","type-post","status-publish","format-standard","hentry","category-soderkoping","tag-konst"],"jetpack_featured_media_url":"","jetpack_sharing_enabled":true,"_links":{"self":[{"href":"https:\/\/www.kultursidan.nu\/index.php?rest_route=\/wp\/v2\/posts\/28014","targetHints":{"allow":["GET"]}}],"collection":[{"href":"https:\/\/www.kultursidan.nu\/index.php?rest_route=\/wp\/v2\/posts"}],"about":[{"href":"https:\/\/www.kultursidan.nu\/index.php?rest_route=\/wp\/v2\/types\/post"}],"author":[{"embeddable":true,"href":"https:\/\/www.kultursidan.nu\/index.php?rest_route=\/wp\/v2\/users\/1001006"}],"replies":[{"embeddable":true,"href":"https:\/\/www.kultursidan.nu\/index.php?rest_route=%2Fwp%2Fv2%2Fcomments&post=28014"}],"version-history":[{"count":0,"href":"https:\/\/www.kultursidan.nu\/index.php?rest_route=\/wp\/v2\/posts\/28014\/revisions"}],"wp:attachment":[{"href":"https:\/\/www.kultursidan.nu\/index.php?rest_route=%2Fwp%2Fv2%2Fmedia&parent=28014"}],"wp:term":[{"taxonomy":"category","embeddable":true,"href":"https:\/\/www.kultursidan.nu\/index.php?rest_route=%2Fwp%2Fv2%2Fcategories&post=28014"},{"taxonomy":"post_tag","embeddable":true,"href":"https:\/\/www.kultursidan.nu\/index.php?rest_route=%2Fwp%2Fv2%2Ftags&post=28014"}],"curies":[{"name":"wp","href":"https:\/\/api.w.org\/{rel}","templated":true}]}}