{"id":2811,"date":"2011-10-26T18:11:25","date_gmt":"2011-10-26T16:11:25","guid":{"rendered":"https:\/\/intelligent-friend-7861.standoutwp.com\/?p=2811"},"modified":"2011-10-27T15:36:36","modified_gmt":"2011-10-27T13:36:36","slug":"stig-jacobsson-far-broocmanpriset","status":"publish","type":"post","link":"https:\/\/www.kultursidan.nu\/?p=2811","title":{"rendered":"Stig Jacobsson f\u00e5r Broocmanpriset"},"content":{"rendered":"<p>[flickr]http:\/\/www.flickr.com\/photos\/kultursidan\/6282748628\/[\/flickr]<\/p>\n<p><em>Stig Jacobsson vet h\u00e4rvidlag hur en symfoniorkester\u00a0l\u00e5ter.<\/em><\/p>\n<p><em><br \/>\n<\/em><br \/>\n<iframe loading=\"lazy\" width=\"560\" height=\"315\" src=\"http:\/\/www.youtube.com\/embed\/fV0QfpJeSX0\" frameborder=\"0\" allowfullscreen><\/iframe><br \/>\n<em>Intervju med\u00a0Stig Jacobsson.<br \/>\n<\/em><\/p>\n<p><em><br \/>\n<\/em><\/p>\n<h1><span style=\"color: #ff0000;\">En folkbildare dekoreras<\/span><\/h1>\n<p><strong><br \/>\n<\/strong><\/p>\n<p><strong>Norrk\u00f6pings symfoniorkester (SON) har all anledning att b\u00f6rja fira. <\/strong>N\u00e4sta \u00e5r fyller man hundra j\u00e4mnt och musikerna kommer givetvis att f\u00e5 ta emot appl\u00e5der och gratulationer fr\u00e5n alla h\u00e5ll. Men en viktig person vid orkesterns administration uppm\u00e4rksammas redan nu.<\/p>\n<p>Programredakt\u00f6ren och programpresentat\u00f6ren Stig Jacobsson har varit verksam hos SON i n\u00e4rmare 30 \u00e5r och varit en betydande tillg\u00e5ng med sin stora kunskap om den klassiska musiken. Nu bel\u00f6nas han med Norrk\u00f6pings tidningars kulturpris Broocmanpriset i form av en medalj och 20 000 kronor.<\/p>\n<p><strong>Stig Jacobsson var med redan p\u00e5 den tid d\u00e5 konstmusiken fortfarande ben\u00e4mndes &#8221;seri\u00f6s musik&#8221;. <\/strong>Men trots m\u00e4ngder av boktitlar, artiklar i fackpress och \u00e4ven radioprogram \u00e4r han sj\u00e4lv seri\u00f6s med en stor glimt i \u00f6gat. P\u00e5 fr\u00e5gan om han spelar n\u00e5got instrument sj\u00e4lv blir det sj\u00e4lvklara svaret.<\/p>\n<p>\u2013 Jag \u00e4r v\u00e4ldigt duktig p\u00e5 att spela grammofon, men det \u00e4r ocks\u00e5 det enda.<\/p>\n<p>Det klassiska musikintresset tog sin, kanske osannolika, b\u00f6rjan i uppv\u00e4xtstaden Sala. Han kan sj\u00e4lv fortfarande vara f\u00f6rv\u00e5nad \u00f6ver sitt yrkesval. Men han var inte helt ensam.<\/p>\n<p>\u2013 Vi var n\u00e5gra stycken i gymnasiet som gick mot alla str\u00f6mmar och intresserade oss f\u00f6r den h\u00e4r musiken.<\/p>\n<p>D\u00e5 var musikvalet radikalt. Fokus l\u00e5g p\u00e5 modernister som Bo Nilsson, Luigi Nono och samtida symfoniker som Dmitrij Sjostakovitj och Allan Pettersson.<\/p>\n<p><strong>Redan under barndomen fanns intresset. <\/strong>Han inspirerades han av sin fem \u00e5r \u00e4ldre bror som var jazzkunnig. Genom honom m\u00f6tte han den klassiska musiken genom Gershwins <em>Rhapsody in blue<\/em>. D\u00e4r best\u00e4mdes mycket av framtiden.<\/p>\n<p>Efter det f\u00f6ljde en snabb karri\u00e4r som folkh\u00f6gskolel\u00e4rare och studier i musikvetenskap vid Uppsala universitet. Han engagerades av Rikskonserter, som f\u00f6rr i tiden hade ett lokalkontor i Norrk\u00f6ping. Till detta kontor kom han i b\u00f6rjan av 1980-talet. Och p\u00e5 den v\u00e4gen \u00e4r det g\u00e4llande hans l\u00e5nga relation till SON. Han blev den f\u00f6rste utomst\u00e5ende person att sitta med i programr\u00e5det och efter ett tag anst\u00e4lldes han som orkesterns programchef.<\/p>\n<p><strong>Stig Jacobsson \u00e4r mycket uppskattad som f\u00f6rel\u00e4sare, inte minst i hemstaden S\u00f6derk\u00f6ping.<\/strong> Han brinner ocks\u00e5 f\u00f6r att sprida den klassiska musiken till den yngre generationen. Han \u00e4r l\u00e4rare i musikhistoria vid Musikgymnasiet De Geer. Hur skall d\u00e5 de unga lockas att fylla p\u00e5 i b\u00e4nkraderna efter en allt \u00e4ldre publik i konserthusen?<\/p>\n<p>\u2013 Det finns nog inget bra recept p\u00e5 det, s\u00e4ger han med ett skratt. Men vi har en omfattande barn- och ungdomsverksamhet. Vi kan hoppas att de upplevelserna sitter kvar s\u00e5 att man senare kommer tillbaka av egen kraft.<\/p>\n<p>Och visst finns det kraft i den klassiska musiken. Det \u00e4r Stig Jacobssons karri\u00e4r ett starkt bevis p\u00e5.<\/p>\n<p><em> <\/em><em><em>Text, foto &amp; video: <\/em><\/em><em>Michael Eriksson<\/em><em><br \/>\n<\/em><\/p>\n<p><em><em> <\/em><\/em><\/p>\n<ul>\n<li>\n<h3>BROOCMANPRISET\u00a02011\ufeff\u00a0Norrk\u00f6ping<\/h3>\n<\/li>\n<li><em>Tilldelades den 14 oktober<\/em> \u2013 Norrk\u00f6pings Tidningars &#8221;f\u00f6delsedag&#8221; \u2013<br \/>\nNorrk\u00f6pings symfoniorkesters programredakt\u00f6r <strong>Stig Jacobsson<\/strong><br \/>\noch Flimmers ordf\u00f6rande och Cnemas chef <strong>Johan Karlsson<\/strong>.<\/li>\n<li>Juryns motivering till Stig Jacobsson som pristagare:<br \/>\n&#8221;\ufeffF\u00f6r att ha h\u00e5llit Norrk\u00f6ping levande som musikstad<br \/>\nmed sin stora kunskap om klassisk musik och pedagogiska f\u00f6rm\u00e5ga<br \/>\natt levandeg\u00f6ra musiken\u00a0i ord, inte minst f\u00f6r och med<br \/>\nNorrk\u00f6pings hundra\u00e5rsjubilerande symfoniorkester.&#8221;<\/li>\n<li><em>Prisutdelning sker den 29 november 2011<\/em><\/li>\n<\/ul>\n<p>&nbsp;<\/p>\n<p><em><br \/>\n<\/em><\/p>\n<p>[flickr-gallery mode=&#8221;photoset&#8221; photoset=&#8221;72157627981378224&#8243;]<\/p>\n","protected":false},"excerpt":{"rendered":"<p>&#8221;F\u00f6r att ha h\u00e5llit Norrk\u00f6ping levande som musikstad&#8221;. S\u00e5 beskriver juryn Stig Jacobsson &#8211; pedagogen med hj\u00e4rtat hos den klassiska musiken.  <a class=\"continue-reading-link\" href=\"https:\/\/www.kultursidan.nu\/?p=2811\">L\u00e4s mer <span class=\"meta-nav\">&rarr; <\/span><\/a><\/p>\n","protected":false},"author":1001006,"featured_media":0,"comment_status":"open","ping_status":"open","sticky":false,"template":"","format":"standard","meta":{"_jetpack_memberships_contains_paid_content":false,"footnotes":""},"categories":[7,6],"tags":[13,39],"class_list":["post-2811","post","type-post","status-publish","format-standard","hentry","category-norrkoping","category-soderkoping","tag-musik","tag-pris"],"jetpack_featured_media_url":"","jetpack_sharing_enabled":true,"_links":{"self":[{"href":"https:\/\/www.kultursidan.nu\/index.php?rest_route=\/wp\/v2\/posts\/2811","targetHints":{"allow":["GET"]}}],"collection":[{"href":"https:\/\/www.kultursidan.nu\/index.php?rest_route=\/wp\/v2\/posts"}],"about":[{"href":"https:\/\/www.kultursidan.nu\/index.php?rest_route=\/wp\/v2\/types\/post"}],"author":[{"embeddable":true,"href":"https:\/\/www.kultursidan.nu\/index.php?rest_route=\/wp\/v2\/users\/1001006"}],"replies":[{"embeddable":true,"href":"https:\/\/www.kultursidan.nu\/index.php?rest_route=%2Fwp%2Fv2%2Fcomments&post=2811"}],"version-history":[{"count":0,"href":"https:\/\/www.kultursidan.nu\/index.php?rest_route=\/wp\/v2\/posts\/2811\/revisions"}],"wp:attachment":[{"href":"https:\/\/www.kultursidan.nu\/index.php?rest_route=%2Fwp%2Fv2%2Fmedia&parent=2811"}],"wp:term":[{"taxonomy":"category","embeddable":true,"href":"https:\/\/www.kultursidan.nu\/index.php?rest_route=%2Fwp%2Fv2%2Fcategories&post=2811"},{"taxonomy":"post_tag","embeddable":true,"href":"https:\/\/www.kultursidan.nu\/index.php?rest_route=%2Fwp%2Fv2%2Ftags&post=2811"}],"curies":[{"name":"wp","href":"https:\/\/api.w.org\/{rel}","templated":true}]}}