{"id":28204,"date":"2016-12-04T13:29:46","date_gmt":"2016-12-04T12:29:46","guid":{"rendered":"https:\/\/intelligent-friend-7861.standoutwp.com\/?p=28204"},"modified":"2016-12-04T13:35:46","modified_gmt":"2016-12-04T12:35:46","slug":"unga-mastare-visar-sig-pa-stadsbiblioteket","status":"publish","type":"post","link":"https:\/\/www.kultursidan.nu\/?p=28204","title":{"rendered":"Unga m\u00e4stare visar sig p\u00e5 Stadsbiblioteket"},"content":{"rendered":"<p><img loading=\"lazy\" decoding=\"async\" class=\"alignnone size-medium wp-image-28205\" src=\"https:\/\/www.kultursidan.nu\/wp-content\/uploads\/2016\/12\/DSCF6151-567x378.jpg\" alt=\"Tv\u00e5 m\u00e4stare m\u00f6ts\" width=\"567\" height=\"378\" srcset=\"https:\/\/www.kultursidan.nu\/wp-content\/uploads\/2016\/12\/DSCF6151-567x378.jpg 567w, https:\/\/www.kultursidan.nu\/wp-content\/uploads\/2016\/12\/DSCF6151-768x512.jpg 768w, https:\/\/www.kultursidan.nu\/wp-content\/uploads\/2016\/12\/DSCF6151-1024x682.jpg 1024w, https:\/\/www.kultursidan.nu\/wp-content\/uploads\/2016\/12\/DSCF6151-500x333.jpg 500w, https:\/\/www.kultursidan.nu\/wp-content\/uploads\/2016\/12\/DSCF6151-150x100.jpg 150w, https:\/\/www.kultursidan.nu\/wp-content\/uploads\/2016\/12\/DSCF6151.jpg 1280w\" sizes=\"auto, (max-width: 567px) 100vw, 567px\" \/><br \/>\n<em>Portr\u00e4tt. Tecknaren Mohsen Ahmadi hittar ofta sina bildid\u00e9er p\u00e5 Google. Mohammad Mohammadi s\u00f6ker upp sina motiv.<br \/>\n<\/em><\/p>\n<p>&nbsp;<\/p>\n<h1><span style=\"color: #ff0000;\">Id\u00e9baserat fotografi och mjuka teckningar<\/span><\/h1>\n<p>&nbsp;<\/p>\n<p>NORRK\u00d6PING <strong>En skog av stafflier p\u00e5 sm\u00e4ckra \u2013 och sk\u00f6ra \u2013 ben.<\/strong> \u201dTv\u00e5 m\u00e4stare m\u00f6ts\u201d har intagit Stadsbibliotekets Salongen. Id\u00e9baserat fotografi och mjuka teckningar av m\u00e4nniskor och djur bjuder in bes\u00f6karna till Mohammad Mohammadis och Mohsen Ahmadis utst\u00e4llning.<\/p>\n<p>&nbsp;<\/p>\n<p><a title=\"ur Mohammad Mohammadis vido som f\u00f6ljer Mohsen Ahmadis tecknande av statsminister Stefan L\u00f6fven\" href=\"https:\/\/www.flickr.com\/photos\/kultursidan\/30586846774\/in\/album-72157673425917624\/\"><img loading=\"lazy\" decoding=\"async\" src=\"https:\/\/c7.staticflickr.com\/6\/5477\/30586846774_91db6d725b.jpg\" alt=\"ur Mohammad Mohammadis film som f\u00f6ljer Mohsen Ahmadis tecknande av statsminister Stefan L\u00f6fven\" width=\"500\" height=\"333\" \/><\/a><br \/>\n<em>H\u00e5rfint. Ur Mohammad Mohammadis film som f\u00f6ljer Mohsen Ahmadis tecknande av statsminister Stefan L\u00f6fven.<\/em><\/p>\n<p>&nbsp;<\/p>\n<p><strong>\u2013 Hybris \u2013 eller en str\u00e5lande id\u00e9!<\/strong> Det var vad jag t\u00e4nkte n\u00e4r Mohsen sade att han ville g\u00f6ra ett portr\u00e4tt av statsminister Stefan L\u00f6fven och \u00f6verl\u00e4mna den till honom, erk\u00e4nde Cecilia Ekdahl Waldo i sitt invigningstal p\u00e5 bibilioteket.<\/p>\n<p>Hon pekar p\u00e5 videofilmen som med time laps-teknik komprimerar m\u00e5nga teckningstimmar \u2013 teckningen tog 100 timmar i verkligheten \u2013 till sju minuter. Och visst fick statsministern teckningen till sist, \u00e4ven om han inte tog emot den personligen den dagen i maj d\u00e5 Spr\u00e5kintroklassen, d\u00e4r hon \u00e4r stolt l\u00e4rare, \u00e5kte till Stockholm f\u00f6r att l\u00e4ra sig om Sveriges huvudstad. Lika stolt \u00e4r hon \u00f6ver utst\u00e4llningen de ville g\u00f6ra och som nu \u00e4r p\u00e5 plats.<\/p>\n<p>\u2013 B\u00e4ttre plats \u00e4n Stadsbiblioteket finns inte, sl\u00e5r Cicila Ekdahl Waldo fast.<\/p>\n<p>&nbsp;<\/p>\n<p><a title=\"Mohsen Ahmadi, tecknare\" href=\"https:\/\/www.flickr.com\/photos\/kultursidan\/31371888606\/in\/album-72157673425917624\/\"><img loading=\"lazy\" decoding=\"async\" src=\"https:\/\/c7.staticflickr.com\/6\/5816\/31371888606_27701e4202.jpg\" alt=\"Mohsen Ahmadi, tecknare\" width=\"500\" height=\"333\" \/><\/a><br \/>\n<em> Bic-pennornas m\u00e4stare. Mohsen Ahmadis fotorealistiska teckningar pr\u00e4glas av v\u00e4rme.<\/em><\/p>\n<p>&nbsp;<\/p>\n<p><strong>Visst sticker killarna ut hakan n\u00e4r de ger utst\u00e4llningen titeln \u201dTv\u00e5 m\u00e4stare m\u00f6ts\u201d.<\/strong> Tydligt \u00e4r \u00e4nd\u00e5 att det \u00e4r tv\u00e5 mycket beg\u00e5vade blivande konstn\u00e4rer som visar sina verk. Mohsen Ahmadi uppt\u00e4ckte tecknandet genom en v\u00e4n f\u00f6r drygt tv\u00e5 \u00e5r sedan, gick en kurs och ville snart byta fr\u00e5n blyerts till bl\u00e4ck.<\/p>\n<p>\u2013 Det \u00e4r sv\u00e5rare, f\u00f6rklarar han och s\u00e4ger att bl\u00e4ckpennan avsl\u00f6jar minsta felsteg. \u2013 Det g\u00e5r inte att sudda, som med blyerts, utan det \u00e4r bara att kasta och b\u00f6rja om.<\/p>\n<p>Mohsen Ahmadi anv\u00e4nder helt vanliga enkla bic-pennor, och klagar \u00f6ver det bristf\u00e4lliga utbudet p\u00e5 olika kul\u00f6rer i Norrk\u00f6ping.<\/p>\n<p>Det ger \u00e5 andra sidan en \u00e5terh\u00e5llen f\u00e4rgskala i bl\u00e5tt, svart, gr\u00f6nt och lite r\u00f6tt i hans del av utst\u00e4llningen. Teckningarna \u00e4r stora, de har visserligen scannats in och skrivits ut men \u00e4r i originalstorlek.<\/p>\n<p><strong>Han \u00e4r h\u00e4pnadsv\u00e4ckande skicklig, tecknar fotorealistiskt och med v\u00e4rme.<\/strong> Motiven blickar bak\u00e5t \u2013 jag skulle tolka det som att han h\u00e4r vill visa den afghanska kulturen f\u00f6r v\u00e4rlden. Absolut b\u00e4st \u00e4r bilden av brodern, som st\u00e5r f\u00f6r sig sj\u00e4lv invid bibliotekets lilla damm \u2013 mycket k\u00e4rleksfull. Men d\u00e4r \u00e4r en h\u00e4st, ett barn med ostyrigt h\u00e5r, en ung kvinna i traditionell dr\u00e4kt.<\/p>\n<p>Jag fastnar f\u00f6r de \u00e4ldre m\u00e4nnen som talar med varandra i en paus i det h\u00e5rda arbetet. D\u00e5ligt betald dagl\u00f6nare \u00e4r i stort sett det b\u00e4sta flyktingarna fr\u00e5n Afghanistan kan f\u00e5 i Iran. Deras \u00f6ppna ansikten \u00e4r ett budskap som n\u00e5r fram till mig.<\/p>\n<p>&nbsp;<\/p>\n<p><a title=\"Mohammad Mohammadi, fotograf och filmare\" href=\"https:\/\/www.flickr.com\/photos\/kultursidan\/31371890046\/in\/album-72157673425917624\/\"><img loading=\"lazy\" decoding=\"async\" src=\"https:\/\/c7.staticflickr.com\/6\/5797\/31371890046_8ce8f2bfa9.jpg\" alt=\"Mohammad Mohammadi, fotograf och filmare\" width=\"500\" height=\"333\" \/><\/a><br \/>\n<em>Dr\u00f6m. Mohammad Mohammadi har liksom m\u00e5nga andra av de unga afghanska barn som kommit till Sverige v\u00e4xt upp i Iran, dit f\u00f6r\u00e4ldrarna flydde. Han s\u00e4ger att jag inte kan ana hur stor rasismen \u00e4r d\u00e4r mot flyktingarna.<\/em><\/p>\n<p>&nbsp;<\/p>\n<p><strong>Det \u00e4r Mohammad Mohammadi som gjort videofilmen som rullar framf\u00f6r bibliotekets egen Moastaty.<\/strong> Han \u00e4r en van filmmakare: <em>K\u00e4nsla<\/em> har rullat i mitt Facebookfl\u00f6de, jag hittar flera klipp p\u00e5 YouTube. Och s\u00e5 har han gjort en dokument\u00e4rfilm om Mohsen Ahmadi, <em>Pojken och pennan<\/em>, som \u00e4nnu inte haft premi\u00e4r.<\/p>\n<p><strong>Men h\u00e4r visar han foton fr\u00e5n stad och natur<\/strong>. Som fotografier \u00e4r de skickligt f\u00e5ngade men tyngden ligger i att de \u00e4r konceptuella, id\u00e9baserade. Det understryks av de korta texterna som \u00e5tf\u00f6ljer de flesta bilderna. Jag f\u00e5ngas av f\u00e5glar som flyger upp och en text om flykt och att v\u00e5ga ta risker.<\/p>\n<p>\u2013 Det ska vara en bra komposition och inneh\u00e5ll i bilden. Sedan skriver jag en bra text och kopplar den till verkligheten, s\u00e4ger Mohammad Mohammadi.<\/p>\n<p><strong>Jag ber honom v\u00e4lja ut en favoritbild och f\u00f6rklara varf\u00f6r \u2013 det blir tv\u00e5.<\/strong> Dels den t\u00e4ta tallskogen som str\u00e4var upp\u00e5t. <em>M\u00e5l<\/em> \u00e4r titeln \u2013 och han f\u00f6rklarar hur de unga tr\u00e4dens grenar \u00e4r som meningsfulla delm\u00e5l. Men allteftersom tr\u00e4det skjuter i h\u00f6jden f\u00f6rtorkar de l\u00e4gre grenarna till f\u00f6rm\u00e5n f\u00f6r kronan \u2013 det st\u00f6rsta m\u00e5let i livet.<\/p>\n<p>\u2013 De sm\u00e5 hj\u00e4lper p\u00e5 v\u00e4gen upp, s\u00e4ger Mohammad Mohammadi.<\/p>\n<p>Den andra bilden heter <em>Dr\u00f6m<\/em>, en tydligt arrangerad bild. Gosedjur som bundits upp vid unga tr\u00e4dstammar, n\u00e4rmast snarast av h\u00e5rda buntband. En pojke kikar blygt fram och h\u00e5ller ett obundet gosedjur i handen.<\/p>\n<p style=\"padding-left: 60px;\"><em>Barn i Afghanistan dr\u00f6mmer om sin framtid, men har s\u00e4llan n\u00e5gon m\u00f6jlighet att f\u00f6rverkliga den.<\/em><\/p>\n<p>\u201dDu \u00e4r en filosof\u201d, s\u00e4ger jag. \u201dJa\u201d, svarar Mohammad, \u201djag t\u00e4nker mycket.\u201d<\/p>\n<p>\u00a9 <em>Text och foto: Ann-Charlotte Sandelin<\/em><\/p>\n<p>BILDSPEL (FLASH) \u2013 KLICKA P\u00c5 BILDEN <em><br \/>\nALT\/MOBIL: SE BILDSPELET <a title=\"Bildspel\" href=\"https:\/\/www.flickr.com\/photos\/kultursidan\/sets\/72157673425917624\/show\/\" target=\"_blank\">H\u00c4R<\/a><\/em><br \/>\n<object width=\"400\" height=\"300\"><param name=\"flashvars\" value=\"offsite=true&amp;lang=en-us&amp;page_show_url=%2Fphotos%2Fkultursidan%2Fsets%2F72157673425917624%2Fshow%2F&amp;page_show_back_url=%2Fphotos%2Fkultursidan%2Fsets%2F72157673425917624%2F&amp;set_id=72157673425917624&amp;jump_to=\" \/><param name=\"movie\" value=\"https:\/\/www.flickr.com\/apps\/slideshow\/show.swf?v=1811922554\" \/><param name=\"allowFullScreen\" value=\"true\" \/><\/object><\/p>\n<blockquote>\n<h3><em>STADSBIBLIOTEKET Norrk\u00f6ping<\/em><\/h3>\n<p>2 \u2013 18 december 2016<em><br \/>\n<strong>Tv\u00e5 m\u00e4stare m\u00f6ts<\/strong><\/em><em><br \/>\nMohammad Mohammadi, fotografi och video<br \/>\nMohsen Ahmadi, teckning<\/em><\/p><\/blockquote>\n<p>L\u00c4NKAR<br \/>\nMohammad Mohammadi <a href=\"https:\/\/www.facebook.com\/events\/337258459975060\/\" target=\"_blank\">FB-evenemang<\/a> <a href=\"https:\/\/www.youtube.com\/watch?v=1mFWPso9x2E\" target=\"_blank\">K\u00e4nsla <\/a><br \/>\nStadsbiblioteket <a href=\"http:\/\/www.nsb.norrkoping.se\/web\/norrkoping\" target=\"_blank\">hemsida<\/a> <a href=\"https:\/\/www.facebook.com\/Norrkopingsstadsbibliotek?fref=ts\" target=\"_blank\">Facebook<\/a><\/p>\n","protected":false},"excerpt":{"rendered":"<p>NORRK\u00d6PING En skog av stafflier p\u00e5 sm\u00e4ckra \u2013 och sk\u00f6ra \u2013 ben. \u201dTv\u00e5 m\u00e4stare m\u00f6ts\u201d har intagit Stadsbibliotekets Salongen. Id\u00e9baserat fotografi och mjuka teckningar av m\u00e4nniskor och djur bjuder in bes\u00f6karna till Mohammad Mohammadis och Mohsen Ahmadis utst\u00e4llning. <a class=\"continue-reading-link\" href=\"https:\/\/www.kultursidan.nu\/?p=28204\">L\u00e4s mer <span class=\"meta-nav\">&rarr; <\/span><\/a><\/p>\n","protected":false},"author":1001006,"featured_media":0,"comment_status":"closed","ping_status":"open","sticky":false,"template":"","format":"standard","meta":{"_jetpack_memberships_contains_paid_content":false,"footnotes":""},"categories":[7],"tags":[17,14],"class_list":["post-28204","post","type-post","status-publish","format-standard","hentry","category-norrkoping","tag-foto","tag-konst"],"jetpack_featured_media_url":"","jetpack_sharing_enabled":true,"_links":{"self":[{"href":"https:\/\/www.kultursidan.nu\/index.php?rest_route=\/wp\/v2\/posts\/28204","targetHints":{"allow":["GET"]}}],"collection":[{"href":"https:\/\/www.kultursidan.nu\/index.php?rest_route=\/wp\/v2\/posts"}],"about":[{"href":"https:\/\/www.kultursidan.nu\/index.php?rest_route=\/wp\/v2\/types\/post"}],"author":[{"embeddable":true,"href":"https:\/\/www.kultursidan.nu\/index.php?rest_route=\/wp\/v2\/users\/1001006"}],"replies":[{"embeddable":true,"href":"https:\/\/www.kultursidan.nu\/index.php?rest_route=%2Fwp%2Fv2%2Fcomments&post=28204"}],"version-history":[{"count":0,"href":"https:\/\/www.kultursidan.nu\/index.php?rest_route=\/wp\/v2\/posts\/28204\/revisions"}],"wp:attachment":[{"href":"https:\/\/www.kultursidan.nu\/index.php?rest_route=%2Fwp%2Fv2%2Fmedia&parent=28204"}],"wp:term":[{"taxonomy":"category","embeddable":true,"href":"https:\/\/www.kultursidan.nu\/index.php?rest_route=%2Fwp%2Fv2%2Fcategories&post=28204"},{"taxonomy":"post_tag","embeddable":true,"href":"https:\/\/www.kultursidan.nu\/index.php?rest_route=%2Fwp%2Fv2%2Ftags&post=28204"}],"curies":[{"name":"wp","href":"https:\/\/api.w.org\/{rel}","templated":true}]}}