{"id":28231,"date":"2016-12-05T15:09:39","date_gmt":"2016-12-05T14:09:39","guid":{"rendered":"https:\/\/intelligent-friend-7861.standoutwp.com\/?p=28231"},"modified":"2016-12-19T19:11:28","modified_gmt":"2016-12-19T18:11:28","slug":"bravalla-festival-firar-fem-med-fyra-och-sex","status":"publish","type":"post","link":"https:\/\/www.kultursidan.nu\/?p=28231","title":{"rendered":"Br\u00e5valla festival firar fem med fyra och sex"},"content":{"rendered":"<h2>Campingbyar med olika inriktningar<\/h2>\n<p>KORTNYTT\/NORRK\u00d6PING<br \/>\n<strong>Fem\u00e5rsjubileum. Fyra dagar. Sex bandsl\u00e4pp<\/strong>. Br\u00e5vallafestivalen fyller fem sommaren 2017. Arrang\u00f6rerna har tagit sig friheten att experimentera varje \u00e5r, s\u00e5 \u00e4ven inf\u00f6r kommande festival i m\u00e5nadsskiftet juni-juli.<\/p>\n<p><strong>Fyra dagar.<\/strong> F\u00f6rra \u00e5rets f\u00f6rfest f\u00f6r de som checkat in p\u00e5 campingen v\u00e4xer till ytterligare en festivaldag. Inneb\u00e4r det att det inte blir n\u00e5gon f\u00f6rfest den h\u00e4r g\u00e5ngen?<\/p>\n<p>Biljettf\u00f6rs\u00e4ljningen har \u00f6ppnat (f\u00f6rutom det lilla snabbsl\u00e4ppet p\u00e5 Turistbyr\u00e5n i Norrk\u00f6ping i fredags). I h\u00f6st \u00e4r det Early Birdpriset som g\u00e4ller. En endagsbiljett kostar fr\u00e5n 795 kronor, festivalpasset 1.890 kronor. L\u00e4gg p\u00e5 300 kronor f\u00f6r t\u00e4ltcamping eller 800 kronor f\u00f6r bekv\u00e4mare camping. Och campingen delas upp i flera olika byar med olika inriktningar, med och utan alkohol, motorer och extra milj\u00f6ansvar. Vissa gr\u00e4ns\u00f6vertr\u00e4delser kan g\u00f6ras, inte andra. Alla festivalbes\u00f6kare ombedes ha civilkurage.<\/p>\n<p><strong>Sex bandsl\u00e4pp.<\/strong> Br\u00e5vallas f\u00f6rsta bandsl\u00e4pp var f\u00f6rst\u00e5s tungt (och mansdominerat), merparten amerikanska akter. I \u00e5r f\u00e5r vi direkt veta vilken dag de kommer.<\/p>\n<ul>\n<li>Onsdag 28\/6 : <strong><em>System of a Down<\/em><\/strong>, armenisk-amerikansk metal fr\u00e5n Hollywood, Kalifornien.<\/li>\n<li>Torsdag 29\/6: Amerikanska h\u00e5rdrockarna <strong><em>Linkin Park<\/em><\/strong> fr\u00e5n Kalifornien. F\u00f6rhoppningsvis kommer rapparen <strong><em>Mac Miller<\/em><\/strong> fr\u00e5n Pittsburgh, Pennsylvania den h\u00e4r g\u00e5ngen, han skulle kommit redan i somras.<\/li>\n<li>Fredag 30\/6: Rapgruppen <strong><em>Die Antwoord<\/em><\/strong> som mixar Sydafrikas tre st\u00f6rsta spr\u00e5k: boernas afrikaans, de svartas xhosa och engelska.<\/li>\n<li>L\u00f6rdag 1\/7: Nederl\u00e4ndske DJ:n <strong><em>Martin Garrix<\/em><\/strong> l\u00e4gger ut mjuka ljudmattor ovanp\u00e5 synttrummor. Supergruppen <em><strong>Prophets Of Rage<\/strong><\/em>, som plockat medlemmar fr\u00e5n Rage Against the Machine, Public Enemy och Cypress Hill .<\/li>\n<\/ul>\n<blockquote>\n<h3><em>BR\u00c5VALLA Norrk\u00f6ping<\/em><\/h3>\n<p>28 juni \u2013 1 juli 2017<em><br \/>\n<strong>Musikfestival<\/strong><\/em><br \/>\n<em> Arr: FKP Scorpio<\/em><\/p><\/blockquote>\n<p>L\u00c4NKAR<br \/>\n<a href=\"https:\/\/soundcloud.com\/dieantwoord\" target=\"_blank\">Die Antwoord<\/a>\u00a0 | <a href=\"https:\/\/soundcloud.com\/linkin_park\" target=\"_blank\">Linkin Park<\/a> | <a href=\"https:\/\/soundcloud.com\/macmillerfisherman\" target=\"_blank\">Mac Miller<\/a> | <a href=\"https:\/\/soundcloud.com\/martingarrix\" target=\"_blank\">Martin Garrix<\/a>\u00a0 | <a href=\"https:\/\/play.spotify.com\/user\/indebanvan\/playlist\/2RyOxtNp2psrP1X0myB8Sj?play=true&amp;utm_source=open.spotify.com&amp;utm_medium=open\" target=\"_blank\">Prophets Of Rage<\/a> | <a href=\"https:\/\/play.spotify.com\/artist\/5eAWCfyUhZtHHtBdNk56l1\" target=\"_blank\">System of a Down<\/a><br \/>\nBr\u00e5valla Festival <a href=\"http:\/\/www.bravallafestival.se\" target=\"_blank\">hemsida<\/a> <a href=\"http:\/\/www.bravallafestival.se\/biljetter.html\" target=\"_blank\">biljetter<\/a>\u00a0 <a href=\"https:\/\/www.facebook.com\/bravallafestivalen\/?fref=ts\" target=\"_blank\">Facebook<\/a>\u00a0 <a href=\"https:\/\/www.facebook.com\/events\/1235720856494135\/\" target=\"_blank\">FB-evenemang<\/a><\/p>\n","protected":false},"excerpt":{"rendered":"<p>KORTNYTT\/NORRK\u00d6PING Fem\u00e5rsjubileum. Br\u00e5vallas f\u00f6rsta bandsl\u00e4pp var f\u00f6rst\u00e5s (manligt) tungt. Die Antwoord, Linkin Park, Mac Miller, Martin Garrix, Prophets Of Rage, System of a Down. <a class=\"continue-reading-link\" href=\"https:\/\/www.kultursidan.nu\/?p=28231\">L\u00e4s mer <span class=\"meta-nav\">&rarr; <\/span><\/a><\/p>\n","protected":false},"author":1001006,"featured_media":0,"comment_status":"closed","ping_status":"open","sticky":false,"template":"","format":"standard","meta":{"_jetpack_memberships_contains_paid_content":false,"footnotes":""},"categories":[81,7],"tags":[29,13],"class_list":["post-28231","post","type-post","status-publish","format-standard","hentry","category-snappat","category-norrkoping","tag-festival","tag-musik"],"jetpack_featured_media_url":"","jetpack_sharing_enabled":true,"_links":{"self":[{"href":"https:\/\/www.kultursidan.nu\/index.php?rest_route=\/wp\/v2\/posts\/28231","targetHints":{"allow":["GET"]}}],"collection":[{"href":"https:\/\/www.kultursidan.nu\/index.php?rest_route=\/wp\/v2\/posts"}],"about":[{"href":"https:\/\/www.kultursidan.nu\/index.php?rest_route=\/wp\/v2\/types\/post"}],"author":[{"embeddable":true,"href":"https:\/\/www.kultursidan.nu\/index.php?rest_route=\/wp\/v2\/users\/1001006"}],"replies":[{"embeddable":true,"href":"https:\/\/www.kultursidan.nu\/index.php?rest_route=%2Fwp%2Fv2%2Fcomments&post=28231"}],"version-history":[{"count":0,"href":"https:\/\/www.kultursidan.nu\/index.php?rest_route=\/wp\/v2\/posts\/28231\/revisions"}],"wp:attachment":[{"href":"https:\/\/www.kultursidan.nu\/index.php?rest_route=%2Fwp%2Fv2%2Fmedia&parent=28231"}],"wp:term":[{"taxonomy":"category","embeddable":true,"href":"https:\/\/www.kultursidan.nu\/index.php?rest_route=%2Fwp%2Fv2%2Fcategories&post=28231"},{"taxonomy":"post_tag","embeddable":true,"href":"https:\/\/www.kultursidan.nu\/index.php?rest_route=%2Fwp%2Fv2%2Ftags&post=28231"}],"curies":[{"name":"wp","href":"https:\/\/api.w.org\/{rel}","templated":true}]}}