{"id":28235,"date":"2016-12-05T16:13:27","date_gmt":"2016-12-05T15:13:27","guid":{"rendered":"https:\/\/intelligent-friend-7861.standoutwp.com\/?p=28235"},"modified":"2016-12-05T16:13:27","modified_gmt":"2016-12-05T15:13:27","slug":"carolas-juldrom-om-en-gava-att-ta-emot-recension","status":"publish","type":"post","link":"https:\/\/www.kultursidan.nu\/?p=28235","title":{"rendered":"Carolas juldr\u00f6m om en g\u00e5va att ta emot (recension)"},"content":{"rendered":"<p><img loading=\"lazy\" decoding=\"async\" class=\"alignnone size-medium wp-image-28237\" src=\"https:\/\/www.kultursidan.nu\/wp-content\/uploads\/2016\/12\/Carola-5-567x378.jpg\" alt=\"Carola\" width=\"567\" height=\"378\" srcset=\"https:\/\/www.kultursidan.nu\/wp-content\/uploads\/2016\/12\/Carola-5-567x378.jpg 567w, https:\/\/www.kultursidan.nu\/wp-content\/uploads\/2016\/12\/Carola-5-768x512.jpg 768w, https:\/\/www.kultursidan.nu\/wp-content\/uploads\/2016\/12\/Carola-5-1024x682.jpg 1024w, https:\/\/www.kultursidan.nu\/wp-content\/uploads\/2016\/12\/Carola-5-500x333.jpg 500w, https:\/\/www.kultursidan.nu\/wp-content\/uploads\/2016\/12\/Carola-5-150x100.jpg 150w, https:\/\/www.kultursidan.nu\/wp-content\/uploads\/2016\/12\/Carola-5.jpg 1280w\" sizes=\"auto, (max-width: 567px) 100vw, 567px\" \/><br \/>\n<em>F\u00f6rnyare. Nyligen sl\u00e4ppte Carola ett album med nyskrivna juls\u00e5nger.<\/em><\/p>\n<p>&nbsp;<\/p>\n<h1><span style=\"color: #ff0000;\">Det \u00e4r befriande att f\u00e5 sakta ner<br \/>\n<\/span><\/h1>\n<p>&nbsp;<\/p>\n<p>RECENSION\/NORRK\u00d6PING <strong>Julkonserterna duggar t\u00e4tt i december.<\/strong> I s\u00f6ndags var det dags f\u00f6r Carola att g\u00f6ra ett stopp i Norrk\u00f6ping p\u00e5 sin julturn\u00e9 Dr\u00f6mmen om julen. Hon f\u00f6rmedlar julens budskap med egna ber\u00e4ttelser, samt nya och gamla juls\u00e5nger.<\/p>\n<p><strong>Det \u00e4r en blandad publik som minglar i De Geerhallens foaj\u00e9 innan konserten.<\/strong> V\u00e4l inne i salongen syns det att konkurrensen om julkonsertspubliken \u00e4r h\u00e5rd. Det gapar tomt lite h\u00e4r och d\u00e4r p\u00e5 parketten och h\u00f6gre upp p\u00e5 balkongerna \u00e4r det ganska tomt. Men fansen sitter allra l\u00e4ngst fram d\u00e4r scengolvet har \u00f6ppnats upp och gjort plats f\u00f6r n\u00e5gra extra stolsrader.<\/p>\n<p>En isbl\u00e5 fond v\u00e4rms upp av en t\u00e4nd gran och tv\u00e5 t\u00e4nda stearinljus i en stallykta. Nedtonat och enkelt. Ett ensamt piano och s\u00e5 g\u00f6r Carola entr\u00e9. Hon l\u00e4ser de f\u00f6rsta stroferna ur <em>V\u00e5r dr\u00f6m om julen<\/em> och t\u00e4nder ett tomtebloss. Det blir en lite trevande inledning d\u00e4r b\u00e5de hon och publiken ska komma i r\u00e4tt st\u00e4mning.<\/p>\n<p>&nbsp;<\/p>\n<p><a title=\"Carola\" href=\"https:\/\/www.flickr.com\/photos\/kultursidan\/31321404811\/in\/album-72157677354413366\/\"><img loading=\"lazy\" decoding=\"async\" src=\"https:\/\/c4.staticflickr.com\/6\/5751\/31321404811_f367182672.jpg\" alt=\"Carola\" width=\"333\" height=\"500\" \/><\/a><br \/>\n<em>Julens f\u00f6rsta tomtebloss.<\/em><\/p>\n<p>&nbsp;<\/p>\n<p><strong>Carola \u00e4r den artist som, i mitt tycke, har gjort mest f\u00f6r att f\u00f6rnya den svenska juls\u00e5ngsrepertoaren. <\/strong>Skivan <em>Dr\u00f6mmen om julen<\/em>, som sl\u00e4pptes i oktober, inneh\u00e5ller flertalet helt nyskrivna s\u00e5nger av Peter Nordahl (musik) och Ulla-Carin Nyquist (text). Det \u00e4r ocks\u00e5 dessa s\u00e5nger som utg\u00f6r stommen i julkonserten.<\/p>\n<p>Det \u00e4r finst\u00e4mda s\u00e5nger om l\u00e4ngtan, f\u00f6rv\u00e4ntan, fred p\u00e5 jorden och frid i sinnet. Det som \u00e4r julens k\u00e4rna men som ofta \u00f6verskuggas av stress, press och pakethysteri. Det \u00e4r befriande att f\u00e5 sakta ner och ta det lugnt. Kanske det som de flesta av oss \u00f6nskar mest av allt av julen.<\/p>\n<p><strong>Carola delar frikostigt med sig av sina minnen av barndomens jular d\u00e4r god mat, sl\u00e4ktingar och gl\u00e4dje spelat stor roll.<\/strong> Om en pappa som g\u00e4rna tar en sv\u00e4ngom med mamma, men som ocks\u00e5 vill k\u00f6pa den fulaste granen och tr\u00e4ffa den mest ensamma m\u00e4nniskan till jul. F\u00f6r alla m\u00e5ste f\u00e5 bli sedda. Allt beh\u00f6ver inte vara perfekt f\u00f6r att det ska vara full\u00e4ndat.<\/p>\n<p>En glimt av en lite busigare Carola f\u00e5r vi n\u00e4r hon river av ett jazzigt potpurri p\u00e5 <em>Jag s\u00e5g mamma kyssa tomten <\/em>och<em> Mitt vinterland<\/em>. Den sista l\u00e5ten blir det omtag p\u00e5. Lite fnittrigt konstaterar Carola att hon nog tappade h\u00e4lften av texten, s\u00e5 det \u00e4r lika bra att ta den en g\u00e5ng till.<\/p>\n<p>&nbsp;<\/p>\n<p><a title=\"Carola med band\" href=\"https:\/\/www.flickr.com\/photos\/kultursidan\/31292036472\/in\/album-72157677354413366\/\"><img loading=\"lazy\" decoding=\"async\" src=\"https:\/\/c1.staticflickr.com\/6\/5735\/31292036472_4603bfccd7.jpg\" alt=\"Carola med band\" width=\"500\" height=\"333\" \/><\/a><br \/>\n<em> Vinterskymning. I det kalla bl\u00e5 beh\u00f6vs julens v\u00e4rme.<\/em><\/p>\n<p>&nbsp;<\/p>\n<p><strong>Bandets s\u00e4ttning med piano, trummor, bas, cello och gitarr ger en fin inramning.<\/strong> Det \u00e4r rutinerade musiker som p\u00e5 ett s\u00e4kert s\u00e4tt backar upp Carola och ibland tr\u00e4der fram sj\u00e4lva.<\/p>\n<p>Som n\u00e4r kapellm\u00e4stare G\u00f6ran Eriksson bjuder p\u00e5 ett suggestivt gitarrsolo i l\u00e5ten <em>I denna natt blir v\u00e4rlden ny <\/em>fr\u00e5n skivan \u201dJul i Betlehem 2\u201d. Trummor som hj\u00e4rtslag och en gitarr som b\u00e5de skriker och gr\u00e5ter ger en helt ny tolkning av denna l\u00e5t. Det tar tag i hj\u00e4rtat.<\/p>\n<p><strong>Ett knippe traditionella juls\u00e5nger f\u00e5r ocks\u00e5 plats i konserten<\/strong> \u2013 <em>Stilla natt, Tusen juleljus, Det str\u00e5lar en stj\u00e4rna, Jul jul str\u00e5lande <\/em>jul och en k\u00e4nsligt tolkad<em> Gl\u00e4ns \u00f6ver sj\u00f6 och strand.<\/em> Carola \u00e4r en m\u00e4stare p\u00e5 att f\u00f6rmedla text. \u00c4ven gamla utslitna juls\u00e5nger k\u00e4nns som nya n\u00e4r hon sjunger dem. Det \u00e4r som om man nu pl\u00f6tsligt f\u00f6rst\u00e5r vad de handlar om.<\/p>\n<p><strong>Julen som en g\u00e5va att ta emot \u2013 det \u00e4r en vacker tanke, och en t\u00e4nkv\u00e4rd s\u00e5dan tycker jag.<\/strong> Carola lyckas f\u00f6rmedla julefrid med sin finst\u00e4mda konsert helt utan choser. Men hon skickar ocks\u00e5 med oss sann julgl\u00e4dje med sitt hejdundrande extranummer av gospeln <em>Go Tell It On The Mountain<\/em>.<\/p>\n<p>\u00a9 <em>Text: Felicia Ericsson<br \/>\n<\/em>\u00a9 <em>Foto: Human Golmohammadi<\/em><\/p>\n<p>BILDSPEL (FLASH) \u2013 KLICKA P\u00c5 BILDEN <em><br \/>\nALT\/MOBIL: SE BILDSPELET <a title=\"Bildspel\" href=\"https:\/\/www.flickr.com\/photos\/kultursidan\/sets\/72157677354413366\/show\/\" target=\"_blank\">H\u00c4R<\/a><\/em><br \/>\n<object width=\"400\" height=\"300\"><param name=\"flashvars\" value=\"offsite=true&amp;lang=en-us&amp;page_show_url=%2Fphotos%2Fkultursidan%2Fsets%2F72157677354413366%2Fshow%2F&amp;page_show_back_url=%2Fphotos%2Fkultursidan%2Fsets%2F72157677354413366%2F&amp;set_id=72157677354413366&amp;jump_to=\" \/><param name=\"movie\" value=\"https:\/\/www.flickr.com\/apps\/slideshow\/show.swf?v=1811922554\" \/><param name=\"allowFullScreen\" value=\"true\" \/><\/object><\/p>\n<blockquote>\n<h3><em>DE GEERHALLEN Norrk\u00f6ping<\/em><\/h3>\n<p>4 december 2016<br \/>\n<strong><em> Carola \u2013 Dr\u00f6mmen om julen<\/em><\/strong><br \/>\n<em> Medverkande: Carola med band<\/em><\/p>\n<p style=\"padding-left: 30px;\"><em><strong>Dr\u00f6mmen om julen<\/strong> kommer till Link\u00f6ping Konsert &amp; Kongress den 15 december<\/em><\/p>\n<\/blockquote>\n<p>L\u00c4NKAR<br \/>\nCarola <a href=\"http:\/\/www.carola.com\/hem.html\" target=\"_blank\">hemsida<\/a> <a href=\"https:\/\/www.facebook.com\/carolahaggkvist\/?fref=ts\" target=\"_blank\">Facebook <\/a><\/p>\n","protected":false},"excerpt":{"rendered":"<p>NORRK\u00d6PING Julkonserterna duggar t\u00e4tt i december. I s\u00f6ndags var det dags f\u00f6r Carola att g\u00f6ra ett stopp i Norrk\u00f6ping p\u00e5 sin julturn\u00e9 Dr\u00f6mmen om julen. Hon f\u00f6rmedlar julens budskap med egna ber\u00e4ttelser samt nya och gamla juls\u00e5nger. <a class=\"continue-reading-link\" href=\"https:\/\/www.kultursidan.nu\/?p=28235\">L\u00e4s mer <span class=\"meta-nav\">&rarr; <\/span><\/a><\/p>\n","protected":false},"author":1001006,"featured_media":0,"comment_status":"closed","ping_status":"open","sticky":false,"template":"","format":"standard","meta":{"_jetpack_memberships_contains_paid_content":false,"footnotes":""},"categories":[7],"tags":[13],"class_list":["post-28235","post","type-post","status-publish","format-standard","hentry","category-norrkoping","tag-musik"],"jetpack_featured_media_url":"","jetpack_sharing_enabled":true,"_links":{"self":[{"href":"https:\/\/www.kultursidan.nu\/index.php?rest_route=\/wp\/v2\/posts\/28235","targetHints":{"allow":["GET"]}}],"collection":[{"href":"https:\/\/www.kultursidan.nu\/index.php?rest_route=\/wp\/v2\/posts"}],"about":[{"href":"https:\/\/www.kultursidan.nu\/index.php?rest_route=\/wp\/v2\/types\/post"}],"author":[{"embeddable":true,"href":"https:\/\/www.kultursidan.nu\/index.php?rest_route=\/wp\/v2\/users\/1001006"}],"replies":[{"embeddable":true,"href":"https:\/\/www.kultursidan.nu\/index.php?rest_route=%2Fwp%2Fv2%2Fcomments&post=28235"}],"version-history":[{"count":0,"href":"https:\/\/www.kultursidan.nu\/index.php?rest_route=\/wp\/v2\/posts\/28235\/revisions"}],"wp:attachment":[{"href":"https:\/\/www.kultursidan.nu\/index.php?rest_route=%2Fwp%2Fv2%2Fmedia&parent=28235"}],"wp:term":[{"taxonomy":"category","embeddable":true,"href":"https:\/\/www.kultursidan.nu\/index.php?rest_route=%2Fwp%2Fv2%2Fcategories&post=28235"},{"taxonomy":"post_tag","embeddable":true,"href":"https:\/\/www.kultursidan.nu\/index.php?rest_route=%2Fwp%2Fv2%2Ftags&post=28235"}],"curies":[{"name":"wp","href":"https:\/\/api.w.org\/{rel}","templated":true}]}}