{"id":28267,"date":"2016-12-06T18:04:08","date_gmt":"2016-12-06T17:04:08","guid":{"rendered":"https:\/\/intelligent-friend-7861.standoutwp.com\/?p=28267"},"modified":"2016-12-06T18:17:02","modified_gmt":"2016-12-06T17:17:02","slug":"spannande-foredrag-om-vegaexpeditionen","status":"publish","type":"post","link":"https:\/\/www.kultursidan.nu\/?p=28267","title":{"rendered":"Sp\u00e4nnande f\u00f6redrag om Vegaexpeditionen"},"content":{"rendered":"<p><img loading=\"lazy\" decoding=\"async\" class=\"alignnone size-medium wp-image-28268\" src=\"https:\/\/www.kultursidan.nu\/wp-content\/uploads\/2016\/12\/Vega-i-vinterkvarter-567x387.jpg\" alt=\"Vega i vinterkvarter\" width=\"567\" height=\"387\" srcset=\"https:\/\/www.kultursidan.nu\/wp-content\/uploads\/2016\/12\/Vega-i-vinterkvarter-567x387.jpg 567w, https:\/\/www.kultursidan.nu\/wp-content\/uploads\/2016\/12\/Vega-i-vinterkvarter-768x524.jpg 768w, https:\/\/www.kultursidan.nu\/wp-content\/uploads\/2016\/12\/Vega-i-vinterkvarter-488x333.jpg 488w, https:\/\/www.kultursidan.nu\/wp-content\/uploads\/2016\/12\/Vega-i-vinterkvarter-150x102.jpg 150w, https:\/\/www.kultursidan.nu\/wp-content\/uploads\/2016\/12\/Vega-i-vinterkvarter.jpg 900w\" sizes=\"auto, (max-width: 567px) 100vw, 567px\" \/><br \/>\n<em>I isens skruvst\u00e4d. Skeppet Vega l\u00e5g fastfruset i isen i tio m\u00e5nader. I mitten av juli 1879 lossnade fartyget ur isens grepp och kunde forts\u00e4tta f\u00e4rden utmed Sibiriens norra kust.<br \/>\n<\/em><\/p>\n<p>&nbsp;<\/p>\n<h1><span style=\"color: #ff0000;\">Trettonde f\u00f6rs\u00f6ket att finna Nordostpassagen<\/span><\/h1>\n<p>&nbsp;<\/p>\n<p>NORRK\u00d6PING <strong>Skeppet satt fastfruset i havet i tio m\u00e5nader. <\/strong>Hans Almqvist, \u00e4ttling till skeppsl\u00e4karen p\u00e5 Vega, ger en sp\u00e4nnande och m\u00e5lande beskrivning, med glimten i \u00f6gat, av Vegaexpeditionen och uppt\u00e4ckten av Nordostpassagen 1878-1880.<\/p>\n<p>En forskningsresa som r\u00f6nte stor framg\u00e5ng \u00f6ver hela v\u00e5rt klot. Den anses som en av Sveriges fr\u00e4msta vetenskapliga framg\u00e5ngar, men \u00e4r kanske inte lika mycket n\u00e4mnd som andra polarf\u00e4rder.<\/p>\n<p><strong>F\u00f6reningen Antikvariatets V\u00e4nner bj\u00f6d under torsdagens kultursoar\u00e9<\/strong> p\u00e5 f\u00f6redrag som passande nog inleddes med musik fr\u00e5n Vegaexpeditionens tidsepok, med Eva Genberg p\u00e5 piano och Hans-\u00c5ke Landqvist, trumpet.<\/p>\n<p>\u2013 De misslyckade forskningsresorna har blivit de mest omtalade och den lyckade, Vegaexpeditionen, minst omtalad, inleder Hans Almqvist, l\u00e4kare och f\u00f6redragsh\u00e5llare.<\/p>\n<p>&nbsp;<\/p>\n<p><a title=\"Hans Almqvist\" href=\"https:\/\/www.flickr.com\/photos\/kultursidan\/31462789485\/in\/album-72157673590662603\/\"><img loading=\"lazy\" decoding=\"async\" src=\"https:\/\/c6.staticflickr.com\/6\/5762\/31462789485_b28849c7e3.jpg\" alt=\"Hans Almqvist\" width=\"500\" height=\"419\" \/><\/a><br \/>\n<em>Spegling. Hans Almqvist l\u00e4ser h\u00f6gt ur Vega-Svens dagbok. Antikvariatets bokhyllor speglar sig i skyltf\u00f6nstrets stora glasruta.<\/em><\/p>\n<p>&nbsp;<\/p>\n<p><strong>Vad handlade denna f\u00e4rd om?<\/strong> Jo, f\u00f6r att se om det inte gick att ta sig runt norra halvklotet vidare till Asien. Redan fr\u00e5n mitten av 1700-talet inleddes unders\u00f6kningar och tankeg\u00e5ngar om en sj\u00f6v\u00e4g och handelsrutt till Asien via Norra Ishavet. Nordostpassagen. M\u00e5nga f\u00f6rs\u00f6k hade inletts och misslyckats. Vegaexpeditionen \u2013 skulle bli det trettonde.<\/p>\n<p><strong>Initiativtagare till f\u00f6rs\u00f6ket var den svenske adelsmannen och geologen Adolf Erik Nordenski\u00f6ld, med tidigare erfarenhet av arktiska forskningsresor.<\/strong> Med hj\u00e4lp av sponsorer som Kung Oscar II, privatpersoner och n\u00e5gra vetenskapliga institutioner, kunde Nordenski\u00f6ld inf\u00f6rskaffa ett \u00e4ldre valf\u00e5ngstfartyg \u2013 Vega. Fartyget byggdes om f\u00f6r att klara arktiska f\u00f6rh\u00e5llanden.<\/p>\n<p>Adolf Palander som chef, hade tidigare varit med vid n\u00e5gra andra expeditioner. Av \u00f6ver hundra frivilliga valdes 21 bes\u00e4ttningsm\u00e4n ut och sju vetenskapsm\u00e4n, inklusive Nordenski\u00f6ld och en xylograf tillika timmerman.<\/p>\n<p>\u2013 Min pappas farbror, Ernst Almqvist, var l\u00e4kare och lichenolog, och var en av de yngsta ombord p\u00e5 Vega. N\u00e4r jag tr\u00e4ffade honom 1946 var han 93 \u00e5r, och den ende efterlevande, ber\u00e4ttar Hans Almqvist. Han var den bidragande orsaken till att jag blev l\u00e4kare.<\/p>\n<p><strong>Den 21 juli 1878 l\u00e4mnar Vega med dess bes\u00e4ttning Troms\u00f6, genom Karahavet, ett kort uppeh\u00e5ll i Dickson och Nordenski\u00f6ld\u00f6arna.<\/strong> I september fr\u00f6s b\u00e5ten fast utanf\u00f6r Tjukterhalv\u00f6n. D\u00e4r satt de fast i tio m\u00e5nader.<\/p>\n<p>Det \u00e4r sv\u00e5rt att f\u00f6rest\u00e4lla sig att kunna leva med ett st\u00e4ndigt ljudande, knakande och sjungande ljud av stora ismassor som skaver och trycker mot skrovet. I m\u00e5nad efter m\u00e5nad. I temperaturer som 45 minusgrader. N\u00e5gonstans vid norra halvklotet. Inga sj\u00f6kort \u00f6ver omr\u00e5det finns \u2013 \u00e4nnu. Och p\u00e5 en resa som ingen annan person lyckats med.<\/p>\n<p>\u201d..och vi murade in en bleckburk. I den hade vi skrivit v\u00e5ra namn och fartygets och var vi var ifr\u00e5n. Sen l\u00f6dde jag ihop den. Om d\u00e4r kom n\u00e5gon m\u00e4nniska d\u00e4r, f\u00f6r d\u00e4r har ingen varit f\u00f6rr i v\u00e4rlden, kanh\u00e4nda d\u00e4r inte heller kommer n\u00e5gon d\u00e4r mer\u201d, l\u00e4ser Hans Almqvist ur Vega-Svens dagbok.<\/p>\n<p>Dagboken som timmermannen Sven Andersson egentligen skrev till sin hustru d\u00e4r hemma. I Karlskrona. Boken f\u00f6rsvann n\u00e5gonstans i Japan, Nagasaki och hittades m\u00e4rkligt nog av en svensk sj\u00f6kapten tjugo \u00e5r senare i Shanghai, Kina.<\/p>\n<p>&nbsp;<\/p>\n<p><a title=\"Julafton p\u00e5 Vega\" href=\"https:\/\/www.flickr.com\/photos\/kultursidan\/30654415323\/in\/album-72157673590662603\/\"><img loading=\"lazy\" decoding=\"async\" src=\"https:\/\/c4.staticflickr.com\/6\/5683\/30654415323_851341ced9.jpg\" alt=\"Julafton p\u00e5 Vega\" width=\"500\" height=\"307\" \/><\/a><br \/>\n<em> Julafton p\u00e5 Vega. Att uppr\u00e4tth\u00e5lla st\u00e4mningen var en viktig del av framg\u00e5ngarna. Liksom att vara f\u00f6rberedda p\u00e5 strapatsrika f\u00f6rh\u00e5llanden.<\/em><\/p>\n<p>&nbsp;<\/p>\n<p><strong>\u2013 Hur kom det sig att expeditionen lyckades, fr\u00e5gar Hans Almqvist retoriskt.<\/strong><\/p>\n<p>Fr\u00e4mst antagligen f\u00f6r att det var en erfaren bes\u00e4ttning och kapten, att det var planerat med fulla f\u00f6rr\u00e5d f\u00f6r eventuell infrysning, en 60 cm extra isolering i vissa utrymmen d\u00e4r temperaturer mellan 17 och 20 plusgrader kunde uppm\u00e4tas. Husdjur, C-vitamindoser, fasta dag- och veckorutiner, fysiska aktiviteter, dagsljus n\u00e5gra timmar per dag, regelbundna l\u00e4karunders\u00f6kningar och socialt umg\u00e4nge med andra \u2013 urbefolkningen tjukterna. Att l\u00e4sa en ny tidning varje dag, som Aftonbladet var en annan. Visserligen ett \u00e5r gammal\u2026<\/p>\n<p><strong>18 juli 1879 lossnade b\u00e5ten pl\u00f6tsligt och f\u00e4rden kunde forts\u00e4tta mot Stilla havet och Berings sund.<\/strong> Den 20 juli kl 12.00 passerades Ostkap. De hade klarat det. Genom Nordostpassagen.<\/p>\n<p>F\u00e4rden fortsatte mot Alaska och Asien. I Yokohama fanns en telegraf och f\u00f6r f\u00f6rsta g\u00e5ngen kunde bes\u00e4ttningen meddela Sverige att expeditionen hade lyckats och att alla var vid liv.<\/p>\n<p>Ber\u00f6mmelsen om f\u00e4rden hade n\u00e5tt resten av v\u00e4rlden och de firades med pompa och st\u00e5t var de \u00e4n kom. Hemf\u00e4rden tog sex m\u00e5nader.<\/p>\n<p><strong>Den 24 april 1880 anl\u00e4nder expedition Vega till Stockholm.<\/strong> Med ett spektakul\u00e4rt ljud- och ljusspel \u00f6ver himlen, ropar, jublar och vinkar tiotusentals m\u00e4nniskor till bes\u00e4ttningen n\u00e4r fartyget l\u00e5ter ankaret g\u00e5.<\/p>\n<p>\u2013 I almanackan har vi Vegadagen, den 25 april, som en hyllning och minne av expeditionen, p\u00e5pekar Hans Almqvist.<\/p>\n<p>Alla deltagare fick varsin medalj plus 3.000 kr som riksdagsbel\u00f6ning. Det var mycket pengar p\u00e5 den tiden och m\u00e5nga k\u00f6pte hus. Nordenski\u00f6ld blev invald i Svenska Akademien, Palander adlad och sj\u00f6minister, Sveriges ende amiral.<\/p>\n<p>\u00a9 <em>Text och foto: Agneta \u00d6stlund<\/em><\/p>\n<p>BILDSPEL (FLASH) \u2013 KLICKA P\u00c5 BILDEN <em><br \/>\nALT\/MOBIL: SE BILDSPELET <a title=\"Bildspel\" href=\"https:\/\/www.flickr.com\/photos\/kultursidan\/sets\/72157673590662603\/show\/\" target=\"_blank\">H\u00c4R<\/a><\/em><br \/>\n<object width=\"400\" height=\"300\"><param name=\"flashvars\" value=\"offsite=true&amp;lang=en-us&amp;page_show_url=%2Fphotos%2Fkultursidan%2Fsets%2F72157673590662603%2Fshow%2F&amp;page_show_back_url=%2Fphotos%2Fkultursidan%2Fsets%2F72157673590662603%2F&amp;set_id=72157673590662603&amp;jump_to=\" \/><param name=\"movie\" value=\"https:\/\/www.flickr.com\/apps\/slideshow\/show.swf?v=1811922554\" \/><param name=\"allowFullScreen\" value=\"true\" \/><\/object><\/p>\n<blockquote>\n<h3><em>ANTIKVARIATET Norrk\u00f6ping<\/em><\/h3>\n<p>1 december 2016<em><br \/>\n<strong>Vegaexpeditionen 1878 \u2013 1880<br \/>\noch uppt\u00e4ckten av Nordostpassagen<\/strong><\/em><br \/>\n<em> f\u00f6rel\u00e4sning av Hans Almqvist<\/em><br \/>\n<em> Arr: F\u00f6reningen Antikvariatets v\u00e4nner och Folkuniversitetet<\/em><\/p><\/blockquote>\n<p>L\u00c4NKAR<br \/>\nVegaexpeditionen <a href=\"https:\/\/sv.wikipedia.org\/wiki\/Vegaexpeditionen\" target=\"_blank\">Wikipedia <\/a><br \/>\nTjukternas teckning av Vega <a href=\"http:\/\/www.nrm.se\/faktaomnaturenochrymden\/vaxter\/kryptogamer\/manadenskryptogam\/alger\/algeriishavet\/tjukternasteckningavvega.1945.html\" target=\"_blank\">Naturhistoriska riksmuseet<\/a><br \/>\nAntikvariatet i Norrk\u00f6ping <a href=\"https:\/\/www.facebook.com\/Antikvariatet-i-Norrk\u00f6ping-155880004456321\/\" target=\"_blank\">Facebook<\/a> <a href=\"https:\/\/www.facebook.com\/events\/1039353812878186\/\" target=\"_blank\">FB-evenemang<\/a><\/p>\n","protected":false},"excerpt":{"rendered":"<p>NORRK\u00d6PING Fastfrusna i ishavet i tio m\u00e5nader. Hans Almqvist gav p\u00e5 Antikvariatet en sp\u00e4nnande beskrivning av Vegaexpeditionens uppt\u00e4ckt av Nordostpassagen 1878-1880. Det trettonde f\u00f6rs\u00f6ket, det som lyckades. <a class=\"continue-reading-link\" href=\"https:\/\/www.kultursidan.nu\/?p=28267\">L\u00e4s mer <span class=\"meta-nav\">&rarr; <\/span><\/a><\/p>\n","protected":false},"author":1001006,"featured_media":0,"comment_status":"closed","ping_status":"open","sticky":false,"template":"","format":"standard","meta":{"_jetpack_memberships_contains_paid_content":false,"footnotes":""},"categories":[7],"tags":[90,53],"class_list":["post-28267","post","type-post","status-publish","format-standard","hentry","category-norrkoping","tag-bildning","tag-foredrag"],"jetpack_featured_media_url":"","jetpack_sharing_enabled":true,"_links":{"self":[{"href":"https:\/\/www.kultursidan.nu\/index.php?rest_route=\/wp\/v2\/posts\/28267","targetHints":{"allow":["GET"]}}],"collection":[{"href":"https:\/\/www.kultursidan.nu\/index.php?rest_route=\/wp\/v2\/posts"}],"about":[{"href":"https:\/\/www.kultursidan.nu\/index.php?rest_route=\/wp\/v2\/types\/post"}],"author":[{"embeddable":true,"href":"https:\/\/www.kultursidan.nu\/index.php?rest_route=\/wp\/v2\/users\/1001006"}],"replies":[{"embeddable":true,"href":"https:\/\/www.kultursidan.nu\/index.php?rest_route=%2Fwp%2Fv2%2Fcomments&post=28267"}],"version-history":[{"count":0,"href":"https:\/\/www.kultursidan.nu\/index.php?rest_route=\/wp\/v2\/posts\/28267\/revisions"}],"wp:attachment":[{"href":"https:\/\/www.kultursidan.nu\/index.php?rest_route=%2Fwp%2Fv2%2Fmedia&parent=28267"}],"wp:term":[{"taxonomy":"category","embeddable":true,"href":"https:\/\/www.kultursidan.nu\/index.php?rest_route=%2Fwp%2Fv2%2Fcategories&post=28267"},{"taxonomy":"post_tag","embeddable":true,"href":"https:\/\/www.kultursidan.nu\/index.php?rest_route=%2Fwp%2Fv2%2Ftags&post=28267"}],"curies":[{"name":"wp","href":"https:\/\/api.w.org\/{rel}","templated":true}]}}