{"id":28401,"date":"2016-12-16T11:31:04","date_gmt":"2016-12-16T10:31:04","guid":{"rendered":"https:\/\/intelligent-friend-7861.standoutwp.com\/?p=28401"},"modified":"2016-12-16T11:33:53","modified_gmt":"2016-12-16T10:33:53","slug":"christoffer-nobin-till-blasarsymfonikerna","status":"publish","type":"post","link":"https:\/\/www.kultursidan.nu\/?p=28401","title":{"rendered":"Christoffer Nobin till Bl\u00e5sarsymfonikerna"},"content":{"rendered":"<h2>Han skrev barnoperan Hion om natten f\u00f6r SON<\/h2>\n<p>KORTNYTT\/LINK\u00d6PING<br \/>\n<strong>B\u00e5de dirigent och komposit\u00f6r. <\/strong>Christoffer Nobin \u00e4r \u00d6stg\u00f6ta Bl\u00e5sarsymfonikers nye konstn\u00e4rlig ledare och chefdirigent. Han har g\u00e4stat s\u00e5v\u00e4l Link\u00f6ping som Norrk\u00f6ping under de senaste \u00e5ren, bland annat skrivit barnopera f\u00f6r SON.<\/p>\n<p><strong>Det var Christoffer Nobin som ledde \u00d6stg\u00f6ta Bl\u00e5sarsymfoniker vid s\u00e4songs\u00f6ppningen i h\u00f6stas.<\/strong> Nu blir han orkesterns konstn\u00e4rlige ledare fr\u00e5n 1 januari 2017 och dess chefdirigent 1 juli. Christoffer Nobin eftertr\u00e4der Cathrine Winnes.<\/p>\n<p>38 \u00e5r gammal har Christoffer Nobin stor erfarenhet i bagaget som dirigent, tons\u00e4ttare och arrang\u00f6r. \u00d6stg\u00f6tamusiken framh\u00e5ller i sitt pressmeddelande Christoffer Nobins stora genrebredd, fr\u00e5n klassiskt till dataspelsmusik. Han har dirigerat symfoniorkestrar och operor i Sverige och utomlands.<\/p>\n<p><strong>Norrk\u00f6pings symfoniorkester har haft ett gott och n\u00e4ra samarbete med Christoffer Nobin.<\/strong> En stor framg\u00e5ng var barnoperan <em>Hion om natten<\/em> skriven f\u00f6r SON som uruppf\u00f6rdes h\u00f6sten 2014.<\/p>\n<p><strong>Vem som blir \u00d6stg\u00f6tamusikens nye l\u00e4nsmusikchef \u00e4r \u00e4nnu inte klart.<\/strong> F\u00f6r n\u00e4rvarande uppr\u00e4tth\u00e5ller Hans Lundgren tj\u00e4nsten som tillf\u00f6rordnad l\u00e4nsmusikchef.<\/p>\n<p>L\u00c4NKAR<br \/>\n\u00d6stg\u00f6tamusiken <a href=\"http:\/\/www.ostgotamusiken.se\" target=\"_blank\">hemsida<\/a> <a href=\"https:\/\/www.facebook.com\/\u00d6stg\u00f6tamusiken-119589751389546\/?fref=ts\" target=\"_blank\">Facebook<\/a><br \/>\nGott &amp; blandat i SON:s \u00d6nskekonsert <a href=\"https:\/\/www.kultursidan.nu\/?p=22330\" target=\"_blank\">recension<\/a> Kultursidan.nu 8\/11 2015<br \/>\nSON &amp; \u201dABBA\u201d Augustifestens succ\u00e9start <a href=\"https:\/\/www.kultursidan.nu\/?p=20953\" target=\"_blank\">reportage<\/a> Kultursidan.nu 12\/8 2015<br \/>\nUdda men bra barnopera om stora fr\u00e5gor <a href=\"https:\/\/www.kultursidan.nu\/?p=17980\" target=\"_blank\">recension<\/a> Kultursidan.nu 23\/11 2014<br \/>\nSON n\u00e4ra premi\u00e4r med Hion om natten <a href=\"https:\/\/www.kultursidan.nu\/?p=17798\" target=\"_blank\">reportage<\/a> Kultursidan.nu 11\/11 2014<br \/>\nSON l\u00e5ngt ute i rymden <a href=\"https:\/\/www.kultursidan.nu\/?p=17586\" target=\"_blank\">recension<\/a> 24\/10 Kultursidan.nu 2014<br \/>\nWeeping Willows: k\u00e4rlek \u00e4r politik <a href=\"https:\/\/www.kultursidan.nu\/?p=14511\" target=\"_blank\">reportage<\/a> Kultursidan.nu 4\/4 2014<br \/>\nKolliSON med musiken i h\u00f6gs\u00e4tet <a href=\"https:\/\/www.kultursidan.nu\/?p=13782\" target=\"_blank\">recension<\/a> Kultursidan.nu 2\/2 2014<br \/>\n\u00d6ppet hus med Peter och Vargen <a href=\"https:\/\/www.kultursidan.nu\/?p=13653\" target=\"_blank\">reportage<\/a> Kultursidan.nu 21\/1 2014<\/p>\n","protected":false},"excerpt":{"rendered":"<p>KORTNYTT\/LINK\u00d6PING B\u00e5de dirigent och komposit\u00f6r. Christoffer Nobin \u00e4r \u00d6stg\u00f6ta Bl\u00e5sarsymfonikers nye konstn\u00e4rlig ledare och chefsdirigent. Han har g\u00e4stat s\u00e5v\u00e4l Link\u00f6ping som Norrk\u00f6ping under de senaste \u00e5ren, bland annat skrivit barnopera f\u00f6r SON. <a class=\"continue-reading-link\" href=\"https:\/\/www.kultursidan.nu\/?p=28401\">L\u00e4s mer <span class=\"meta-nav\">&rarr; <\/span><\/a><\/p>\n","protected":false},"author":1001006,"featured_media":0,"comment_status":"closed","ping_status":"open","sticky":false,"template":"","format":"standard","meta":{"_jetpack_memberships_contains_paid_content":false,"footnotes":""},"categories":[55],"tags":[13],"class_list":["post-28401","post","type-post","status-publish","format-standard","hentry","category-linkoping","tag-musik"],"jetpack_featured_media_url":"","jetpack_sharing_enabled":true,"_links":{"self":[{"href":"https:\/\/www.kultursidan.nu\/index.php?rest_route=\/wp\/v2\/posts\/28401","targetHints":{"allow":["GET"]}}],"collection":[{"href":"https:\/\/www.kultursidan.nu\/index.php?rest_route=\/wp\/v2\/posts"}],"about":[{"href":"https:\/\/www.kultursidan.nu\/index.php?rest_route=\/wp\/v2\/types\/post"}],"author":[{"embeddable":true,"href":"https:\/\/www.kultursidan.nu\/index.php?rest_route=\/wp\/v2\/users\/1001006"}],"replies":[{"embeddable":true,"href":"https:\/\/www.kultursidan.nu\/index.php?rest_route=%2Fwp%2Fv2%2Fcomments&post=28401"}],"version-history":[{"count":0,"href":"https:\/\/www.kultursidan.nu\/index.php?rest_route=\/wp\/v2\/posts\/28401\/revisions"}],"wp:attachment":[{"href":"https:\/\/www.kultursidan.nu\/index.php?rest_route=%2Fwp%2Fv2%2Fmedia&parent=28401"}],"wp:term":[{"taxonomy":"category","embeddable":true,"href":"https:\/\/www.kultursidan.nu\/index.php?rest_route=%2Fwp%2Fv2%2Fcategories&post=28401"},{"taxonomy":"post_tag","embeddable":true,"href":"https:\/\/www.kultursidan.nu\/index.php?rest_route=%2Fwp%2Fv2%2Ftags&post=28401"}],"curies":[{"name":"wp","href":"https:\/\/api.w.org\/{rel}","templated":true}]}}