{"id":28494,"date":"2016-12-21T09:33:15","date_gmt":"2016-12-21T08:33:15","guid":{"rendered":"https:\/\/intelligent-friend-7861.standoutwp.com\/?p=28494"},"modified":"2016-12-21T09:33:15","modified_gmt":"2016-12-21T08:33:15","slug":"kortaste-dagens-kortfilmer-pa-skandia","status":"publish","type":"post","link":"https:\/\/www.kultursidan.nu\/?p=28494","title":{"rendered":"Kortaste dagens kortfilmer p\u00e5 Skandia"},"content":{"rendered":"<h2>Se korta filmer, snacka, fika<\/h2>\n<p>KORTNYTT\/NORRK\u00d6PING<br \/>\n<strong>Kortfilmer Kort &amp; Gott.<\/strong> \u00c5rets kortaste dag, vintersolst\u00e5ndets dag, har poppat upp som kortfilmernas dag. Ikv\u00e4ll blir det filmvisning p\u00e5 Skandiateatern, en g\u00e5ng en popul\u00e4r biograf p\u00e5 Drottninggatan.<\/p>\n<p><strong>Id\u00e9n kommer fr\u00e5n Frankrike och har spridit sig norrut.<\/strong> Enligt Svenska Filminstitutet deltar minst 25 orter i Sverige. H\u00e4r i Norrk\u00f6ping arrangerar Pop-up Cine en kortfilmskv\u00e4ll med korta filmer och fika.<\/p>\n<p>Filmerna <em>Las Palmas, Clumsy little acts of tenderness, Moms on fire, Infantile, But you are a dog, Drip Drop, Hopptornet <\/em>och<em> Man <\/em>visas fr\u00e5n sju p\u00e5 kv\u00e4llen. Filmerna \u00e4r mycket olika till sin karakt\u00e4r. Gemensamt \u00e4r att visuella spr\u00e5ket \u00e4r det b\u00e4rande spr\u00e5ket, filmerna kan ses oavsett vilket spr\u00e5k tittaren talar.<\/p>\n<p><strong>F\u00f6ranm\u00e4lan rekommenderas.<\/strong> Frivillig entr\u00e9.<\/p>\n<blockquote>\n<h3><em>SKANDIATEATERN Norrk\u00f6ping<\/em><\/h3>\n<p>21 december 2016<em><br \/>\n<strong>Kort &amp; Gott<\/strong><\/em><br \/>\n<em> Kortfilmer: Las Palmas, Clumsy little acts of tenderness, Moms on fire, Infantile, But you are a dog, Drip Drop, Hopptornet, Man.<\/em><br \/>\n<em>Arr: Pop-up Cine med st\u00f6d av Svenska Filminstitutet<\/em><\/p>\n<p><em>L\u00c4NKAR<\/em><br \/>\n<em>Pop-up Cine NKPG <a href=\"https:\/\/www.facebook.com\/popupcinenorrkoping\/\" target=\"_blank\">Facebook<\/a> <a href=\"https:\/\/www.facebook.com\/events\/206536336470705\/\" target=\"_blank\">FB-evenemang<\/a>\u00a0 <a href=\"https:\/\/vimeo.com\/193842445\" target=\"_blank\">trailer<\/a> <a href=\"https:\/\/simplesignup.se\/event\/87340-pop-up-cinema-21-dec-nkpg\" target=\"_blank\">anm\u00e4lan<\/a><\/em><\/p><\/blockquote>\n","protected":false},"excerpt":{"rendered":"<p>KORTNYTT\/NORRK\u00d6PING Kortfilmer Kort &#038; Gott. \u00c5rets kortaste dag har poppat upp som kortfilmernas dag. Ikv\u00e4ll blir det filmvisning p\u00e5 Skandiateatern, en g\u00e5ng en popul\u00e4r biograf p\u00e5 Drottninggatan. <a class=\"continue-reading-link\" href=\"https:\/\/www.kultursidan.nu\/?p=28494\">L\u00e4s mer <span class=\"meta-nav\">&rarr; <\/span><\/a><\/p>\n","protected":false},"author":1001006,"featured_media":0,"comment_status":"closed","ping_status":"open","sticky":false,"template":"","format":"standard","meta":{"_jetpack_memberships_contains_paid_content":false,"footnotes":""},"categories":[81,7],"tags":[38],"class_list":["post-28494","post","type-post","status-publish","format-standard","hentry","category-snappat","category-norrkoping","tag-film"],"jetpack_featured_media_url":"","jetpack_sharing_enabled":true,"_links":{"self":[{"href":"https:\/\/www.kultursidan.nu\/index.php?rest_route=\/wp\/v2\/posts\/28494","targetHints":{"allow":["GET"]}}],"collection":[{"href":"https:\/\/www.kultursidan.nu\/index.php?rest_route=\/wp\/v2\/posts"}],"about":[{"href":"https:\/\/www.kultursidan.nu\/index.php?rest_route=\/wp\/v2\/types\/post"}],"author":[{"embeddable":true,"href":"https:\/\/www.kultursidan.nu\/index.php?rest_route=\/wp\/v2\/users\/1001006"}],"replies":[{"embeddable":true,"href":"https:\/\/www.kultursidan.nu\/index.php?rest_route=%2Fwp%2Fv2%2Fcomments&post=28494"}],"version-history":[{"count":0,"href":"https:\/\/www.kultursidan.nu\/index.php?rest_route=\/wp\/v2\/posts\/28494\/revisions"}],"wp:attachment":[{"href":"https:\/\/www.kultursidan.nu\/index.php?rest_route=%2Fwp%2Fv2%2Fmedia&parent=28494"}],"wp:term":[{"taxonomy":"category","embeddable":true,"href":"https:\/\/www.kultursidan.nu\/index.php?rest_route=%2Fwp%2Fv2%2Fcategories&post=28494"},{"taxonomy":"post_tag","embeddable":true,"href":"https:\/\/www.kultursidan.nu\/index.php?rest_route=%2Fwp%2Fv2%2Ftags&post=28494"}],"curies":[{"name":"wp","href":"https:\/\/api.w.org\/{rel}","templated":true}]}}