{"id":28587,"date":"2017-01-02T10:36:24","date_gmt":"2017-01-02T09:36:24","guid":{"rendered":"https:\/\/intelligent-friend-7861.standoutwp.com\/?p=28587"},"modified":"2017-01-02T10:36:24","modified_gmt":"2017-01-02T09:36:24","slug":"stina-ekblad-laser-garays-betraktelser","status":"publish","type":"post","link":"https:\/\/www.kultursidan.nu\/?p=28587","title":{"rendered":"Stina Ekblad l\u00e4ser Garays Betraktelser"},"content":{"rendered":"<h2>\u2026och henne, om n\u00e5gon, lyssnar vi till<\/h2>\n<p>KORTNYTT\/NORRK\u00d6PING<br \/>\n<strong>R\u00f6sten bakom orden.<\/strong> Norrk\u00f6pingsf\u00f6rfattaren Melker Garays senaste bok <em>En tindrande natthimmel<\/em> ges nu \u00e4ven ut som ljudbok. Sk\u00e5despelaren Stina Ekblad l\u00e4ser lugnt och stillsamt, en r\u00f6st som utan \u00e5th\u00e4vor lockar till lyssning. Hennes finlandssvenska dialekt tillf\u00f6r, om s\u00e5 till\u00e5ts, en rej\u00e4l dos av Muminmamma \u2013 och henne, om n\u00e5gon, lyssnar vi till.<\/p>\n<p style=\"padding-left: 30px;\">&#8221;Och en tindrande natthimmel kan f\u00e5 oss att pl\u00f6tsligen se v\u00e5ra liv utifr\u00e5n,<br \/>\nbortom det som f\u00f6r oss \u00e4r livet.&#8221;<br \/>\n<em>ur En tindrande natthimmel<\/em><\/p>\n<p><strong>Kultursidan.nu har i flera \u00e5rs tid f\u00f6ljt f\u00f6rfattarens rastl\u00f6sa brottningsmatch med tillvarons svagheter och utmaningar. <\/strong><em>En tindrande natthimmel<\/em> best\u00e5r av femtio korta betraktelser\u00a0med existentiella och filosofiska fr\u00e5gest\u00e4llningar. Carina Johansson skrev om boken tidigt i h\u00f6stas:<\/p>\n<p>&#8221;Man kan s\u00e4ga att den \u00e4r pretenti\u00f6s, men p\u00e5 ett s\u00e4tt som en rak h\u00f6ger \u00e4r n\u00e4r den f\u00e5r kontakt med ansiktet.\u201d<\/p>\n<p>Recensenten diskuterar religionshistoria kontra f\u00f6rfattarens gudssyn.<\/p>\n<p>\u201dBakom tvivlet kan man ana en stark \u00f6vertygelse som ber\u00f6r det som \u00e4r ordl\u00f6st. En \u00f6vertygelse som inte f\u00f6ljer normerna. Det \u00e4r nog denna \u00f6vertygelse vi f\u00e5r tacka n\u00e4r vi l\u00e4ser Melker Garays b\u00f6cker. Inte hans tvivel.\u201d<\/p>\n<p>\u00a9 <em>Text: Ann-Charlotte Sandelin<\/em><\/p>\n<blockquote>\n<h3><em>TANKEBOK<\/em><\/h3>\n<p><strong><em>En tindrande natthimmel<\/em><\/strong><br \/>\n<em>Betraktelser<\/em><br \/>\n<em>Melker Garay<\/em><br \/>\n<em>Omslagsbild: Melker Garay<\/em><br \/>\n<em>Norl\u00e9n &amp; Slottner f\u00f6rlag 2016<br \/>\n<\/em><\/p>\n<p style=\"padding-left: 30px;\"><em>Ljudbok<br \/>\nInl\u00e4sning: Stina Ekblad<\/em><\/p>\n<\/blockquote>\n<p>L\u00c4NKAR<br \/>\nMelker Garay <a href=\"http:\/\/www.garay.se\" target=\"_blank\">hemsida<\/a> <a href=\"https:\/\/www.facebook.com\/pages\/F%C3%B6rfattaren-Melker-Garay\/413926635441258?fref=ts\" target=\"_blank\">Facebook<\/a><br \/>\nNorl\u00e9n &amp; Slottner f\u00f6rlag <a href=\"http:\/\/bokforlaget.com\" target=\"_blank\">hemsida<\/a> <a href=\"http:\/\/www.bokus.com\/bok\/9789188503121\/en-tindrande-natthimmel\/\" target=\"_blank\">ljudbok<\/a><br \/>\nMelker Garay brottas med Gud och moral <a href=\"https:\/\/www.kultursidan.nu\/?p=27287\" target=\"_blank\">recension<\/a> Kultursidan.nu 9\/10 2016<\/p>\n","protected":false},"excerpt":{"rendered":"<p>KORTNYTT\/NORRK\u00d6PING R\u00f6sten bakom orden. Norrk\u00f6pingsf\u00f6rfattaren Melker Garays senaste bok \u201dEn tindrande natthimmel\u201d ges nu \u00e4ven ut som ljudbok. Sk\u00e5despelaren Stina Ekblad l\u00e4ser h\u00f6gt. <a class=\"continue-reading-link\" href=\"https:\/\/www.kultursidan.nu\/?p=28587\">L\u00e4s mer <span class=\"meta-nav\">&rarr; <\/span><\/a><\/p>\n","protected":false},"author":1001006,"featured_media":0,"comment_status":"closed","ping_status":"open","sticky":false,"template":"","format":"standard","meta":{"_jetpack_memberships_contains_paid_content":false,"footnotes":""},"categories":[64,7],"tags":[16],"class_list":["post-28587","post","type-post","status-publish","format-standard","hentry","category-litteratur-2","category-norrkoping","tag-litteratur"],"jetpack_featured_media_url":"","jetpack_sharing_enabled":true,"_links":{"self":[{"href":"https:\/\/www.kultursidan.nu\/index.php?rest_route=\/wp\/v2\/posts\/28587","targetHints":{"allow":["GET"]}}],"collection":[{"href":"https:\/\/www.kultursidan.nu\/index.php?rest_route=\/wp\/v2\/posts"}],"about":[{"href":"https:\/\/www.kultursidan.nu\/index.php?rest_route=\/wp\/v2\/types\/post"}],"author":[{"embeddable":true,"href":"https:\/\/www.kultursidan.nu\/index.php?rest_route=\/wp\/v2\/users\/1001006"}],"replies":[{"embeddable":true,"href":"https:\/\/www.kultursidan.nu\/index.php?rest_route=%2Fwp%2Fv2%2Fcomments&post=28587"}],"version-history":[{"count":0,"href":"https:\/\/www.kultursidan.nu\/index.php?rest_route=\/wp\/v2\/posts\/28587\/revisions"}],"wp:attachment":[{"href":"https:\/\/www.kultursidan.nu\/index.php?rest_route=%2Fwp%2Fv2%2Fmedia&parent=28587"}],"wp:term":[{"taxonomy":"category","embeddable":true,"href":"https:\/\/www.kultursidan.nu\/index.php?rest_route=%2Fwp%2Fv2%2Fcategories&post=28587"},{"taxonomy":"post_tag","embeddable":true,"href":"https:\/\/www.kultursidan.nu\/index.php?rest_route=%2Fwp%2Fv2%2Ftags&post=28587"}],"curies":[{"name":"wp","href":"https:\/\/api.w.org\/{rel}","templated":true}]}}