{"id":28690,"date":"2017-01-10T13:00:47","date_gmt":"2017-01-10T12:00:47","guid":{"rendered":"https:\/\/intelligent-friend-7861.standoutwp.com\/?p=28690"},"modified":"2017-01-10T13:00:47","modified_gmt":"2017-01-10T12:00:47","slug":"eva-lindblad-norrkopingsrummets-van","status":"publish","type":"post","link":"https:\/\/www.kultursidan.nu\/?p=28690","title":{"rendered":"Eva Lindblad Norrk\u00f6pingsrummets V\u00e4n"},"content":{"rendered":"<h2>Hennes hj\u00e4rta brann starkt f\u00f6r stadens historia<\/h2>\n<p>KORTNYTT\/NORRK\u00d6PING<br \/>\n<strong>Hedrad.<\/strong> Eva Lindblad, tidigare ordf\u00f6rande f\u00f6r Norrk\u00f6pingsrummets V\u00e4nner, har f\u00e5tt utm\u00e4rkelsen Norrk\u00f6pingsrummets V\u00e4n postumt. Eva Lindblad avled i oktober.<\/p>\n<p><strong>Eva Lindblad har av Norrk\u00f6pingsrummets V\u00e4nners styrelse erh\u00e5llit utm\u00e4rkelsen Norrk\u00f6pingsrummets V\u00e4n 2016<\/strong> \u201df\u00f6r det fantastiska och breda arbete hon utf\u00f6rt under m\u00e5nga \u00e5r\u201d. I motiveringen skriver styrelsen:<\/p>\n<p style=\"padding-left: 30px;\">Eva var en sann kulturpersonlighet, och hennes hj\u00e4rta brann extra mycket f\u00f6r Norrk\u00f6pings historia. Hon har under sina \u00e5r i Norrk\u00f6pingsrummets V\u00e4nner b\u00e5de arbetat i rummet, varit ordf\u00f6rande i f\u00f6reningen och d\u00e4refter stannat kvar som en sann ideell eldsj\u00e4l.<\/p>\n<p style=\"padding-left: 30px;\">Eva har \u00e4ven under sina \u00e5r h\u00e4mtat hem, klippt ut och organiserat mycket av det material som idag g\u00e5r att finna i rummet. Utan hennes gedigna arbete under l\u00e5ng tid, hade Norrk\u00f6pingsrummet och dess v\u00e4nner inte varit, vad det \u00e4r idag.<\/p>\n<p><strong>Eva Lindblad avled sent i oktober 2016.<\/strong> Hon var \u00e4ven en flitig och uppskattad medarbetare h\u00e4r p\u00e5 Kultursidan.nu. Hennes sista recension handlade om Eva Dahlgrens konsert i De Geerhallen.<\/p>\n<p>\u00a9 <em>Text: Ann-Charlotte Sandelin<\/em><\/p>\n<blockquote>\n<h3><em>Norrk\u00f6pingsrummets V\u00e4nners V\u00e4n-utm\u00e4rkelse<strong><br \/>\n<\/strong><\/em><\/h3>\n<p><em><strong>2016: Eva Lindblad <\/strong><\/em><em>kulturpersonlighet och Norrk\u00f6pingsrummets eldsj\u00e4l<strong><br \/>\n2015: Magnus H\u00f6jer <\/strong><\/em><em>som b\u00e5de skrivit b\u00f6cker och gjort filmer om Norrk\u00f6ping. <\/em><br \/>\n<em><strong>2014: Peter Kristensson <\/strong><\/em><em>f\u00f6rfattare till boken <\/em>Norrk\u00f6pings gatunamn<em>.<\/em><\/p><\/blockquote>\n<p>L\u00c4NKAR<br \/>\nNorrk\u00f6pingsrummets V\u00e4nner <a href=\"http:\/\/www.norrkopingsrummet.se\" target=\"_blank\">hemsida<\/a> <a href=\"https:\/\/www.facebook.com\/Norrk\u00f6pingsrummets-V\u00e4nner-1430021007263869\/\" target=\"_blank\">Facebook<\/a><br \/>\nEva Dahlgen kommer alltid tillbaka <a href=\"https:\/\/www.kultursidan.nu\/?p=27640\" target=\"_blank\">recension<\/a> Kultursidan.nu 29\/10 2016<\/p>\n","protected":false},"excerpt":{"rendered":"<p>KORTNYTT\/NORRK\u00d6PING Hedrad. Eva Lindblad, tidigare ordf\u00f6rande f\u00f6r Norrk\u00f6pingsrummets V\u00e4nner, har f\u00e5tt utm\u00e4rkelsen Norrk\u00f6pingsrummets V\u00e4n postumt. Eva Lindblad avled i oktober. <a class=\"continue-reading-link\" href=\"https:\/\/www.kultursidan.nu\/?p=28690\">L\u00e4s mer <span class=\"meta-nav\">&rarr; <\/span><\/a><\/p>\n","protected":false},"author":1001006,"featured_media":0,"comment_status":"closed","ping_status":"open","sticky":false,"template":"","format":"standard","meta":{"_jetpack_memberships_contains_paid_content":false,"footnotes":""},"categories":[81,7],"tags":[],"class_list":["post-28690","post","type-post","status-publish","format-standard","hentry","category-snappat","category-norrkoping"],"jetpack_featured_media_url":"","jetpack_sharing_enabled":true,"_links":{"self":[{"href":"https:\/\/www.kultursidan.nu\/index.php?rest_route=\/wp\/v2\/posts\/28690","targetHints":{"allow":["GET"]}}],"collection":[{"href":"https:\/\/www.kultursidan.nu\/index.php?rest_route=\/wp\/v2\/posts"}],"about":[{"href":"https:\/\/www.kultursidan.nu\/index.php?rest_route=\/wp\/v2\/types\/post"}],"author":[{"embeddable":true,"href":"https:\/\/www.kultursidan.nu\/index.php?rest_route=\/wp\/v2\/users\/1001006"}],"replies":[{"embeddable":true,"href":"https:\/\/www.kultursidan.nu\/index.php?rest_route=%2Fwp%2Fv2%2Fcomments&post=28690"}],"version-history":[{"count":0,"href":"https:\/\/www.kultursidan.nu\/index.php?rest_route=\/wp\/v2\/posts\/28690\/revisions"}],"wp:attachment":[{"href":"https:\/\/www.kultursidan.nu\/index.php?rest_route=%2Fwp%2Fv2%2Fmedia&parent=28690"}],"wp:term":[{"taxonomy":"category","embeddable":true,"href":"https:\/\/www.kultursidan.nu\/index.php?rest_route=%2Fwp%2Fv2%2Fcategories&post=28690"},{"taxonomy":"post_tag","embeddable":true,"href":"https:\/\/www.kultursidan.nu\/index.php?rest_route=%2Fwp%2Fv2%2Ftags&post=28690"}],"curies":[{"name":"wp","href":"https:\/\/api.w.org\/{rel}","templated":true}]}}