{"id":28700,"date":"2017-01-10T18:31:36","date_gmt":"2017-01-10T17:31:36","guid":{"rendered":"https:\/\/intelligent-friend-7861.standoutwp.com\/?p=28700"},"modified":"2017-01-11T07:47:36","modified_gmt":"2017-01-11T06:47:36","slug":"kometen-tavlar-om-en-guldbjorn-i-berlin","status":"publish","type":"post","link":"https:\/\/www.kultursidan.nu\/?p=28700","title":{"rendered":"Kometen t\u00e4vlar om en Guldbj\u00f6rn i Berlin"},"content":{"rendered":"<p><img loading=\"lazy\" decoding=\"async\" class=\"alignnone size-medium wp-image-28701\" src=\"https:\/\/www.kultursidan.nu\/wp-content\/uploads\/2017\/01\/Kometen_Foto_-Rasmus-West-567x319.jpg\" alt=\"\" width=\"567\" height=\"319\" srcset=\"https:\/\/www.kultursidan.nu\/wp-content\/uploads\/2017\/01\/Kometen_Foto_-Rasmus-West-567x319.jpg 567w, https:\/\/www.kultursidan.nu\/wp-content\/uploads\/2017\/01\/Kometen_Foto_-Rasmus-West-768x432.jpg 768w, https:\/\/www.kultursidan.nu\/wp-content\/uploads\/2017\/01\/Kometen_Foto_-Rasmus-West-1024x576.jpg 1024w, https:\/\/www.kultursidan.nu\/wp-content\/uploads\/2017\/01\/Kometen_Foto_-Rasmus-West-150x84.jpg 150w, https:\/\/www.kultursidan.nu\/wp-content\/uploads\/2017\/01\/Kometen_Foto_-Rasmus-West.jpg 1280w\" sizes=\"auto, (max-width: 567px) 100vw, 567px\" \/><br \/>\n<em>Asyls\u00f6kande. Mot slutet av flykten n\u00e5r han Sverige och ska f\u00f6rs\u00f6ka bevisa sitt behov av skydd. <\/em><\/p>\n<p>&nbsp;<\/p>\n<h1><span style=\"color: #ff0000;\">\u201dLitteratur ska g\u00f6ra gott i v\u00e4rlden\u201d<\/span><\/h1>\n<p>&nbsp;<\/p>\n<p>NORRK\u00d6PING <strong>En stark filmber\u00e4ttelse.<\/strong> Kortfilmen <em>Kometen<\/em> l\u00e5ter den visuella ber\u00e4ttelsen om en ung homosexuell mans flykt till Sverige m\u00f6ta norrk\u00f6pingsf\u00f6rfattaren Melker Garays korta skymningsnovell med samma namn.<\/p>\n<p>Nu t\u00e4vlar den i Berlins internationella filmfestival <em>Berlinale<\/em> som h\u00e5lls i februari. Dessf\u00f6rinnan f\u00e5r den premi\u00e4r p\u00e5 G\u00f6teborgs filmfestival.<\/p>\n<p><strong>\u2013 Ja, det \u00e4r en stark film.<\/strong> Jag tycker mycket om den, vackra bilder och en riktigt kraftfull historia, kommenterar Anika V\u00e4th som \u00e4r presskoordinator f\u00f6r Berlinale Shorts.<\/p>\n<p>Hon har sett hela filmen. Annars har filmbolaget Bautafilm i Ume\u00e5 enbart sl\u00e4ppt en trailer och n\u00e5gra korta scener p\u00e5 Vimeo.<\/p>\n<p><strong>\u2013\u00a0Det k\u00e4nns sjukt kul att just den h\u00e4r filmen f\u00e5r en fin start.<\/strong> Den ber\u00e4ttar en viktig historia om att m\u00e5sta fly sitt hemland, \u00f6ver Medelhavet, till ett kallt och st\u00e4ngt Europa. Den \u00e4r gjord med sm\u00e5 medel och mycket vilja av m\u00e5nga engagerade m\u00e4nniskor, s\u00e4ger regiss\u00f6ren Victor Lindgren fr\u00e5n Bautafilm.<\/p>\n<p>&nbsp;<\/p>\n<p><a title=\"Melker Garay\" href=\"https:\/\/www.flickr.com\/photos\/kultursidan\/20827225881\/in\/album-72157677295821081\/\"><img loading=\"lazy\" decoding=\"async\" src=\"https:\/\/c2.staticflickr.com\/6\/5635\/20827225881_98f630fc96.jpg\" alt=\"Melker Garay\" width=\"500\" height=\"500\" \/><\/a><br \/>\n<em>&#8221;\u00d6ppet slut&#8221;. Melker Garays novell ligger som ett tolkningsraster \u00f6ver filmen, regiss\u00f6ren har inte \u00e4ndrat orden, bara kortat texten n\u00e5got. <\/em><\/p>\n<p>&nbsp;<\/p>\n<p><strong>Norrk\u00f6pingsf\u00f6rfattaren Melker Garay \u00e5ker med till Berlin i mitten av februari.<\/strong> Den elva minuter l\u00e5nga kortfilmen <em>Kometen<\/em> deltar som enda svensk film i filmfestivalen <em>Berlinales<\/em> avdelning f\u00f6r kortfilmer och har d\u00e4rmed chans p\u00e5 en \u201dGuldbj\u00f6rn\u201d. Eller en \u201dSilverbj\u00f6rn\u201d. Dessutom t\u00e4vlar den om utm\u00e4rkelsen \u201dAudi Short Film Award\u201d, som \u00e4r v\u00e4rd 20.000 euro, och kan nomineras till \u201dEuropean Film Awards\u201d.<\/p>\n<p>I \u00e4del t\u00e4vlan med \u00f6vriga 23 kortfilmer fr\u00e5n 19 l\u00e4nder i avdelningen Berlinale Shorts, d\u00e4r \u00e5rets tema \u00e4r \u201dReframing the Image\u201d.<\/p>\n<p><strong>Melker Garay hoppas att <em>Berlinale<\/em> blir startpunkten f\u00f6r fler visningar.<\/strong> Inte bara p\u00e5 filmfestivaler utan \u00e4ven visas i andra sammanhang, som i f\u00f6reningar och kanske framf\u00f6rallt f\u00f6r politiker och beslutsfattare.<\/p>\n<p>\u2013 Jag har just f\u00e5tt veta att den blivit uttagen \u00e4ven till G\u00f6teborgs filmfestival, s\u00e4ger han glatt.<\/p>\n<p>G\u00f6teborgsfestivalen p\u00e5g\u00e5r 27 januari till 6 februari, och Kometen kommer att visas vid tre tillf\u00e4llen. Berlinfestivalen startar strax d\u00e4rp\u00e5, 9 februari, och p\u00e5g\u00e5r till 19 samma m\u00e5nad.<\/p>\n<p><strong>Melker Garays <em>Kometen<\/em> f\u00e4rdas i en bana som tagit 2.000 \u00e5r att fullborda.<\/strong> Den ing\u00e5r i <em>F\u00e5gelskr\u00e4mman<\/em>, en samling korta skymningsnoveller, d\u00e4r kometen ges tanke och r\u00f6st. F\u00f6rra g\u00e5ngen s\u00e5gs den med f\u00f6rundran och skr\u00e4ck och f\u00f6rfattarens formuleringar g\u00f6r att l\u00e4saren associerar till ber\u00e4ttelsen om Kristi f\u00f6delse, d\u00e5 en stj\u00e4rna t\u00e4ndes p\u00e5 himlen.<\/p>\n<p>Den h\u00e4r g\u00e5ngen bryr sig ingen om dess ljus och kometen blir besviken. N\u00e4sta g\u00e5ng\u2026<\/p>\n<p>&nbsp;<\/p>\n<p><a title=\"Victor Lindgren\" href=\"https:\/\/www.flickr.com\/photos\/kultursidan\/32231360695\/in\/album-72157677295821081\/\"><img loading=\"lazy\" decoding=\"async\" src=\"https:\/\/c8.staticflickr.com\/1\/468\/32231360695_81683426f4.jpg\" alt=\"Victor Lindgren\" width=\"500\" height=\"333\" \/><\/a><br \/>\n<em> Engagerad. Victor Lindgren har gjort en film om en fr\u00e5ga som ber\u00f6r den str\u00e4ngare asyllagstiftning som inf\u00f6rdes i Sverige f\u00f6rra \u00e5ret.<\/em><\/p>\n<p>&nbsp;<\/p>\n<p><strong>Kometens ord st\u00e4lls nu i relation till Viktor Lindbergs ber\u00e4ttelse om en ung somaliers flykt till Sverige.<\/strong> Han spelas av Abdi Aziis, sj\u00e4lv flykting, som inspirerat till filmber\u00e4ttelsen. Abdi Aziis har flytt undan hatet mot homosexuella i hemlandet Somalia.<\/p>\n<p>I de scener som sl\u00e4ppts p\u00e5 Vimeo flyr Abdi undan gr\u00e4nsvakter, sitter p\u00e5 Centralen i Stockholm och m\u00f6ter tj\u00e4nstem\u00e4n i kalla kontorsrum \u2013 allt st\u00e4llt mot texten som h\u00e4mtats ur den korta novellen. Effekten i scenerna blir b\u00e5de stark och poetisk.<\/p>\n<p><strong>\u2013 Kometen har ett mycket viktig hbtq-flykting-tema,<\/strong> skriver Victor Lindberg i sin presentationstext till <em>Berlinale<\/em>. Han avslutar med att p\u00e5peka: De nya asyllagarna tog bort den tidigare m\u00f6jligheten f\u00f6r den h\u00e4r gruppen att beviljas asyl under &#8221;andra i behov av skydd&#8221;.<\/p>\n<p>\u2013 Det \u00e4r s\u00e5 h\u00e4r litteratur ska anv\u00e4ndas, till att g\u00f6ra gott i v\u00e4rlden. Inte samla damm p\u00e5 en bokhylla, s\u00e4ger en upprymd Melker Garay.<\/p>\n<p>\u00a9 <em>Text: Ann-Charlotte Sandelin<br \/>\n<\/em>\u00a9 <em>Foto: Rasmus West och Andr\u00e9as Br\u00e4nnstr\u00f6m f\u00f6r Bautafilm samt Niclas Kindahl<br \/>\n<\/em><\/p>\n<blockquote>\n<h3><em>KORTFILM<br \/>\n<\/em><\/h3>\n<p><em><strong>Kometen<\/strong><br \/>\nManus och regi: Viktor Lindgren<br \/>\nText h\u00e4mtad fr\u00e5n <\/em>Kometen<em>, en novell av Melker Garay<br \/>\nSk\u00e5despelare: Abdi Aziiz och Ali Dayah Abdi<br \/>\nProd: Bautafilm AB <\/em><em>&amp; MBG International AB med st\u00f6d av Film i V\u00e4sterbotten, utgiven <\/em><em>2017<\/em><\/p><\/blockquote>\n<p>L\u00c4NKAR<br \/>\nBerlinale <a href=\"https:\/\/www.berlinale.de\" target=\"_blank\">hemsida<\/a> <a href=\"https:\/\/www.berlinale.de\/en\/presse\/pressemitteilungen\/alle\/Alle-Detail_35284.html\" target=\"_blank\">Berlinale Shorts<\/a><br \/>\nBautafilm hemsida <a href=\"https:\/\/www.facebook.com\/Bautafilm\/?fref=ts\" target=\"_blank\">Facebook<\/a> <a href=\"http:\/\/bautafilm.se http:\/\/bautafilm.se\/?produktion=kometen\" target=\"_blank\">Kometen<\/a> <a href=\"https:\/\/vimeo.com\/198692015\" target=\"_blank\">trailer<\/a> <a href=\"https:\/\/vimeo.com\/198693562\" target=\"_blank\">Vimeo1<\/a> <a href=\"https:\/\/vimeo.com\/198695530\" target=\"_blank\">Vimeo2<\/a><br \/>\nG\u00f6teborgs filmfestival <a href=\"http:\/\/www.giff.se\" target=\"_blank\">hemsida<\/a> <a href=\"https:\/\/festival.giff.se\/events\/the-comet\" target=\"_blank\">Kometen<\/a><br \/>\nMelker Garay <a href=\"http:\/\/www.garay.se\" target=\"_blank\">hemsida<\/a> <a href=\"https:\/\/www.facebook.com\/F%C3%B6rfattaren-Melker-Garay-413926635441258\/?fref=ts\" target=\"_blank\">Facebook <\/a><br \/>\nMelker Garays absurda F\u00e5gelskr\u00e4mma <a href=\"https:\/\/www.kultursidan.nu\/?p=21094\" target=\"_blank\">recension<\/a> Kultursidan.nu 23\/8 2015<\/p>\n","protected":false},"excerpt":{"rendered":"<p>NORRK\u00d6PING En stark filmber\u00e4ttelse. Kortfilmen Kometen l\u00e5ter den visuella ber\u00e4ttelsen om en ung homosexuell mans flykt till Sverige m\u00f6ta Norrk\u00f6pingsf\u00f6rfattaren Melker Garays korta skymningsnovell. Den har utsetts att t\u00e4vla i Berlins filmfestival. <a class=\"continue-reading-link\" href=\"https:\/\/www.kultursidan.nu\/?p=28700\">L\u00e4s mer <span class=\"meta-nav\">&rarr; <\/span><\/a><\/p>\n","protected":false},"author":1001006,"featured_media":0,"comment_status":"closed","ping_status":"open","sticky":false,"template":"","format":"standard","meta":{"_jetpack_memberships_contains_paid_content":false,"footnotes":""},"categories":[64,7],"tags":[38,16],"class_list":["post-28700","post","type-post","status-publish","format-standard","hentry","category-litteratur-2","category-norrkoping","tag-film","tag-litteratur"],"jetpack_featured_media_url":"","jetpack_sharing_enabled":true,"_links":{"self":[{"href":"https:\/\/www.kultursidan.nu\/index.php?rest_route=\/wp\/v2\/posts\/28700","targetHints":{"allow":["GET"]}}],"collection":[{"href":"https:\/\/www.kultursidan.nu\/index.php?rest_route=\/wp\/v2\/posts"}],"about":[{"href":"https:\/\/www.kultursidan.nu\/index.php?rest_route=\/wp\/v2\/types\/post"}],"author":[{"embeddable":true,"href":"https:\/\/www.kultursidan.nu\/index.php?rest_route=\/wp\/v2\/users\/1001006"}],"replies":[{"embeddable":true,"href":"https:\/\/www.kultursidan.nu\/index.php?rest_route=%2Fwp%2Fv2%2Fcomments&post=28700"}],"version-history":[{"count":0,"href":"https:\/\/www.kultursidan.nu\/index.php?rest_route=\/wp\/v2\/posts\/28700\/revisions"}],"wp:attachment":[{"href":"https:\/\/www.kultursidan.nu\/index.php?rest_route=%2Fwp%2Fv2%2Fmedia&parent=28700"}],"wp:term":[{"taxonomy":"category","embeddable":true,"href":"https:\/\/www.kultursidan.nu\/index.php?rest_route=%2Fwp%2Fv2%2Fcategories&post=28700"},{"taxonomy":"post_tag","embeddable":true,"href":"https:\/\/www.kultursidan.nu\/index.php?rest_route=%2Fwp%2Fv2%2Ftags&post=28700"}],"curies":[{"name":"wp","href":"https:\/\/api.w.org\/{rel}","templated":true}]}}