{"id":28719,"date":"2017-01-11T11:02:42","date_gmt":"2017-01-11T10:02:42","guid":{"rendered":"https:\/\/intelligent-friend-7861.standoutwp.com\/?p=28719"},"modified":"2017-01-11T11:19:53","modified_gmt":"2017-01-11T10:19:53","slug":"bengt-goran-skolds-juloratorium-i-hedvig-recension","status":"publish","type":"post","link":"https:\/\/www.kultursidan.nu\/?p=28719","title":{"rendered":"Bengt-G\u00f6ran Sk\u00f6lds Juloratorium i Hedvig (recension)"},"content":{"rendered":"<p><img loading=\"lazy\" decoding=\"async\" class=\"alignnone size-medium wp-image-28720\" src=\"https:\/\/www.kultursidan.nu\/wp-content\/uploads\/2017\/01\/DSCF7357-567x378.jpg\" alt=\"\" width=\"567\" height=\"378\" srcset=\"https:\/\/www.kultursidan.nu\/wp-content\/uploads\/2017\/01\/DSCF7357-567x378.jpg 567w, https:\/\/www.kultursidan.nu\/wp-content\/uploads\/2017\/01\/DSCF7357-768x512.jpg 768w, https:\/\/www.kultursidan.nu\/wp-content\/uploads\/2017\/01\/DSCF7357-1024x682.jpg 1024w, https:\/\/www.kultursidan.nu\/wp-content\/uploads\/2017\/01\/DSCF7357-500x333.jpg 500w, https:\/\/www.kultursidan.nu\/wp-content\/uploads\/2017\/01\/DSCF7357-150x100.jpg 150w, https:\/\/www.kultursidan.nu\/wp-content\/uploads\/2017\/01\/DSCF7357.jpg 1280w\" sizes=\"auto, (max-width: 567px) 100vw, 567px\" \/><br \/>\n<em>Tv\u00e5 vise m\u00e4n. Henrik Bladh sj\u00f6ng \u00e4ven Herodes roll och Desmond Leonard \u00c4ngeln och n\u00e5gra korta strofer som Josef.<br \/>\n<\/em><\/p>\n<p>&nbsp;<\/p>\n<h1><span style=\"color: #ff0000;\">Popul\u00e4rmusik gifts s\u00f6ml\u00f6st med klassisk<\/span><\/h1>\n<p>&nbsp;<\/p>\n<p>RECENSION\/NORRK\u00d6PING <strong>Julevangeliet i m\u00e5ngf\u00e4rgad dr\u00e4kt.<\/strong> Den klassiska kyrkomusiken m\u00f6ter tong\u00e5ngar fr\u00e5n 1900-talets popul\u00e4rmusik i tons\u00e4ttaren Bengt-G\u00f6ran Sk\u00f6lds <em>Juloratorium<\/em>. K\u00f6r, solister och orkester genomf\u00f6rde en uppskattad konsert i Hedvigs kyrka i s\u00f6ndags.<\/p>\n<p><strong>Ett <em>Juloratorium<\/em> i popdr\u00e4kt och mer \u00e4n s\u00e5.<\/strong> Norrk\u00f6pingstons\u00e4ttaren Bengt-G\u00f6ran Sk\u00f6lds verk uppf\u00f6rdes i Hedvigs v\u00e4lfyllda kyrka i s\u00f6ndags, f\u00f6r sj\u00e4tte g\u00e5ngen sedan tillkomsten p\u00e5 1970-talet, en riktigt bra siffra f\u00f6r nutida musik.<\/p>\n<p>Den pensionerade organisten satt p\u00e5 f\u00f6rsta b\u00e4nk och kunde bara njuta n\u00e4r den stora dubbelk\u00f6ren \u2013 Sk\u00f6lds egen k\u00f6r Chorus Feminae och en projektk\u00f6r med s\u00e5ngare fr\u00e5n b\u00e5de Norrk\u00f6ping och Link\u00f6ping \u2013 drabbade samman med Br\u00e5vikssymfonikerna, en elektrifierad kompgrupp och tangentexperterna Henrik Bergion, flygel, och Fredrik Ing\u00e5, synth. Solister var Linn\u00e9a T\u00f6rnqvist, Henrik Bladh och Desmond Leonard. Allt under dirigenten Ann-Christin Hallgrens dynamiska och tydliga ledning.<\/p>\n<p>&nbsp;<\/p>\n<p><a title=\"Linn\u00e9a T\u00f6rnqvist\" href=\"https:\/\/www.flickr.com\/photos\/kultursidan\/32195353066\/in\/album-72157675307655863\/\"><img loading=\"lazy\" decoding=\"async\" src=\"https:\/\/c3.staticflickr.com\/1\/275\/32195353066_dcef654114.jpg\" alt=\"Linn\u00e9a T\u00f6rnqvist\" width=\"313\" height=\"500\" \/><\/a><br \/>\n<em>Mariabl\u00e5. Linn\u00e9a T\u00f6rnqvists solon pr\u00e4glades av vacker enkelhet.<\/em><\/p>\n<p>&nbsp;<\/p>\n<p><strong>Ouvertyren ger en snabbpresentation av musikaliska teman.<\/strong> Redan h\u00e4r framh\u00e5lls inspirationen fr\u00e5n jazz, romantik, Abba, you name it\u2026 som senare i verket s\u00f6ml\u00f6st gifts ihop med den klassisk musiken som ligger som en trygg matta, ibland framtr\u00e4der i all sin storhet.<\/p>\n<p>Julevangeliet, med profetia, herdar, Josef och Maria och de tre vise m\u00e4nnen, cirklar kring den nyf\u00f6dde. Men Sk\u00f6ld, som blandar rena bibelcitat med textstycken han skrivit sj\u00e4lv, startar med uppror och f\u00f6ljer till dramat till slutet, barnamorden i Betlehem.<\/p>\n<p><strong>Det judiska folket vill ha bort \u00f6verheten.<\/strong> Om 1970-talets tolkningsram l\u00e5g n\u00e4ra den tidens v\u00e4nsterrevolution\u00e4ra str\u00f6mningar vid uruppf\u00f6randet \u00e4r det den arabiska v\u00e5ren, med dess efterf\u00f6ljande h\u00f6st och h\u00e5rda vinter i Syrien, som nu ekar i meningsutbytet mellan folket och Herodes.<\/p>\n<p>\u201dBort med romerska vakten, bort med Herodes, bort med den gyllene \u00f6rnen!\u201d<\/p>\n<p>\u201dVem \u00e4r ledare f\u00f6r de skr\u00e4nande hoparna? Jag skall krossa dem som uppviglar folket!\u201d<\/p>\n<p><strong>Herodes, sjungs av Henrik Bladh.<\/strong> Hans tema \u2013 attacker uppifr\u00e5n och ned\u00e5t \u2013 p\u00e5minner inte s\u00e5 lite om Jesus starter i \u201dWhat\u2019s the Buzz\u201d ur <em>Jesus Christ Superstar<\/em>. H\u00e4r allts\u00e5 sjungna av hans antagonist.<\/p>\n<p>Desmond Leonard sjunger \u00c4ngelns roll men \u00e4r ocks\u00e5 en av de Vise m\u00e4nnen, tillsammans med Henrik Bladh. Desmond Leonard sjunger med inlevelse, har en fin musikalr\u00f6st. Efter att ha g\u00e5tt ut De Geer Musik v\u00e5ren 2016 studerar han nu till musikproducent i London.<\/p>\n<p><strong>Linn\u00e9a T\u00f6rnqvist sjunger Marias roll. <\/strong>Linn\u00e9a studerar nu s\u00e5ng p\u00e5 andra \u00e5ret p\u00e5 Musikh\u00f6gskolan i Stockholm och r\u00f6sten har utvecklats s\u00e5 att mikrofonen egentligen inte beh\u00f6vs, volymen m\u00e5ste skruvas ner.<\/p>\n<p>H\u00e4r har tons\u00e4ttaren valt att ligga n\u00e4ra juls\u00e5ngernas enkla men sk\u00f6na melodier, \u00e4ven i Magnificat. Hon sjunger stort, \u00f6ppet och utan synbarlig anstr\u00e4ngning i de h\u00f6gsta tonerna. \u201dJosef, o Josef, min v\u00e4n, \u00e4r du s\u00e5 sorgsen \u00e4n?\u201d \u00e4r i visans enkelhet b\u00e5de vacker och gripande. Enbart r\u00f6st till elgitarrens ackompanjemang.<\/p>\n<p>&nbsp;<\/p>\n<p><a title=\"Ann-Christin Hallgren ledde k\u00f6r och orkester\" href=\"https:\/\/www.flickr.com\/photos\/kultursidan\/31858037190\/in\/album-72157675307655863\/\"><img loading=\"lazy\" decoding=\"async\" src=\"https:\/\/c7.staticflickr.com\/1\/451\/31858037190_54254afc62.jpg\" alt=\"Ann-Christin Hallgren ledde k\u00f6r och orkester\" width=\"500\" height=\"333\" \/><\/a><br \/>\n<em>Tr\u00e5ngt om saligheten. Ann-Christin Hallgren ledde k\u00f6r och orkester som fyllde Hedvigs kor.<\/em><\/p>\n<p>&nbsp;<\/p>\n<p><strong>K\u00f6ren roar sig med musik som f\u00e4rgas av kyrkoklassiska tong\u00e5ngar men \u00e4ven av pop, dansband och andra popul\u00e4rgenrer.<\/strong> K\u00f6ren intar roller som folket, herdar, \u00e4nglak\u00f6r och pr\u00e4ster, f\u00f6ljande traditionen fr\u00e5n det antika grekiska dramat. Dock \u00f6vermannas mansr\u00f6sterna av tre g\u00e5nger s\u00e5 m\u00e5nga damer.<\/p>\n<p><strong>Hedvigskyrkans kor \u00e4r n\u00e5got av det bredaste i Norrk\u00f6ping, som gjort f\u00f6r stora k\u00f6revenemang.<\/strong> Den h\u00e4r g\u00e5ngen \u00e4r det mycket tr\u00e5ngt. Solisterna m\u00e5ste tr\u00e4nga sig fram till sina platser, fram och tillbaka.<\/p>\n<p>Rent generellt \u00e4r det trist med solister som g\u00e5r fram och g\u00f6r sitt och sedan f\u00f6rsvinner, en vana som borde utrotas. Den h\u00e4r g\u00e5ngen har de inte en chans att st\u00e5 kvar, det skulle vara om flygeln tr\u00e4ngs ytterligare en meter mot\/in i v\u00e4ggen.<\/p>\n<p><strong>Br\u00e5vikens kammarsymfoniker g\u00f6r ett fint jobb, inklusive ett hejdundrande pukasolo, ibland i samverkan med popkompet.<\/strong> Men, d\u00e4r det f\u00f6rr var tre kontrabasar f\u00e5r nu en ensam basist tr\u00e4ngas l\u00e4ngst fram f\u00f6r att ge balans \u00e5t klangbilden.<\/p>\n<p>Under de senaste \u00e5ren har orkestern decimerats, att H\u00f6rsalens renovering dragit ut p\u00e5 tiden har vad jag f\u00f6rst\u00e5r stor skuld. Det v\u00e4cker fr\u00e5gor om den klassiska musikens man\u00f6verutrymme i Norrk\u00f6ping redan utan att jag beh\u00f6ver stava till #musikhuvudstad2020.<\/p>\n<p>\u00a9 <em>Text och foto: Ann-Charlotte Sandelin<\/em><\/p>\n<p>BILDSPEL (FLASH) \u2013 KLICKA P\u00c5 BILDEN <em><br \/>\nALT\/MOBIL: SE BILDSPELET <a title=\"Bildspel\" href=\"https:\/\/www.flickr.com\/photos\/kultursidan\/sets\/72157675307655863\/show\/\" target=\"_blank\">H\u00c4R<\/a><\/em><br \/>\n<object width=\"400\" height=\"300\"><param name=\"flashvars\" value=\"offsite=true&amp;lang=en-us&amp;page_show_url=%2Fphotos%2Fkultursidan%2Fsets%2F72157675307655863%2Fshow%2F&amp;page_show_back_url=%2Fphotos%2Fkultursidan%2Fsets%2F72157675307655863%2F&amp;set_id=72157675307655863&amp;jump_to=\" \/><param name=\"movie\" value=\"https:\/\/www.flickr.com\/apps\/slideshow\/show.swf?v=1811922554\" \/><param name=\"allowFullScreen\" value=\"true\" \/><\/object><\/p>\n<blockquote>\n<h3><em>HEDVIGS KYRKA Norrk\u00f6ping<\/em><\/h3>\n<p><em>8 januari 2017<br \/>\n<strong>Juloratorium<\/strong><\/em><br \/>\n<em> av Bengt-G\u00f6ran Sk\u00f6ld<\/em><br \/>\n<em> Dirigent: Ann-Christin Hallgren<\/em><br \/>\n<em>Solister: Linn\u00e9a T\u00f6rnqvist, Henrik Bladh och Desmond Leonard<br \/>\nK\u00f6rer: <\/em><em>Chorus Feminae och Oratoriek\u00f6r<\/em><br \/>\n<em> Musiker: Br\u00e5vikens kammarsymfoniker och Kompgrupp<\/em><br \/>\n<em> samt Henrik Bergion och Fredrik Ing\u00e5, klaviatur<\/em><\/p><\/blockquote>\n<p>L\u00c4NKAR<br \/>\nBengt-G\u00f6ran Sk\u00f6ld <a href=\"https:\/\/sv.wikipedia.org\/wiki\/Bengt-G\u00f6ran_Sk\u00f6ld\" target=\"_blank\">Wikipedia<\/a><br \/>\nBr\u00e5vikens kammarsymfoniker <a href=\"http:\/\/www.braak.se\/\" target=\"_blank\">hemsida<\/a> <a href=\"https:\/\/www.facebook.com\/BravikensKammarsymfoniker\/?fref=ts\" target=\"_blank\">Facebook<\/a><br \/>\nS:t Olofs f\u00f6rsamling <a href=\"https:\/\/www.facebook.com\/stolofsforsamling\/?fref=ts\" target=\"_blank\">Facebook <\/a><\/p>\n","protected":false},"excerpt":{"rendered":"<p>NORRK\u00d6PING Julevangeliet i m\u00e5ngf\u00e4rgad dr\u00e4kt. Den klassiska kyrkomusiken m\u00f6ter tong\u00e5ngar fr\u00e5n 1900-talets popul\u00e4rmusik i tons\u00e4ttaren Bengt-G\u00f6ran Sk\u00f6lds Juloratorium. K\u00f6r, solister och orkester genomf\u00f6rde en uppskattad konsert i s\u00f6ndags. <a class=\"continue-reading-link\" href=\"https:\/\/www.kultursidan.nu\/?p=28719\">L\u00e4s mer <span class=\"meta-nav\">&rarr; <\/span><\/a><\/p>\n","protected":false},"author":1001006,"featured_media":0,"comment_status":"closed","ping_status":"open","sticky":false,"template":"","format":"standard","meta":{"_jetpack_memberships_contains_paid_content":false,"footnotes":""},"categories":[7],"tags":[13],"class_list":["post-28719","post","type-post","status-publish","format-standard","hentry","category-norrkoping","tag-musik"],"jetpack_featured_media_url":"","jetpack_sharing_enabled":true,"_links":{"self":[{"href":"https:\/\/www.kultursidan.nu\/index.php?rest_route=\/wp\/v2\/posts\/28719","targetHints":{"allow":["GET"]}}],"collection":[{"href":"https:\/\/www.kultursidan.nu\/index.php?rest_route=\/wp\/v2\/posts"}],"about":[{"href":"https:\/\/www.kultursidan.nu\/index.php?rest_route=\/wp\/v2\/types\/post"}],"author":[{"embeddable":true,"href":"https:\/\/www.kultursidan.nu\/index.php?rest_route=\/wp\/v2\/users\/1001006"}],"replies":[{"embeddable":true,"href":"https:\/\/www.kultursidan.nu\/index.php?rest_route=%2Fwp%2Fv2%2Fcomments&post=28719"}],"version-history":[{"count":0,"href":"https:\/\/www.kultursidan.nu\/index.php?rest_route=\/wp\/v2\/posts\/28719\/revisions"}],"wp:attachment":[{"href":"https:\/\/www.kultursidan.nu\/index.php?rest_route=%2Fwp%2Fv2%2Fmedia&parent=28719"}],"wp:term":[{"taxonomy":"category","embeddable":true,"href":"https:\/\/www.kultursidan.nu\/index.php?rest_route=%2Fwp%2Fv2%2Fcategories&post=28719"},{"taxonomy":"post_tag","embeddable":true,"href":"https:\/\/www.kultursidan.nu\/index.php?rest_route=%2Fwp%2Fv2%2Ftags&post=28719"}],"curies":[{"name":"wp","href":"https:\/\/api.w.org\/{rel}","templated":true}]}}