{"id":28726,"date":"2017-01-11T14:39:14","date_gmt":"2017-01-11T13:39:14","guid":{"rendered":"https:\/\/intelligent-friend-7861.standoutwp.com\/?p=28726"},"modified":"2017-01-13T16:02:33","modified_gmt":"2017-01-13T15:02:33","slug":"jalil-rez-visar-flyktminnen-pa-stinsen","status":"publish","type":"post","link":"https:\/\/www.kultursidan.nu\/?p=28726","title":{"rendered":"Jalil Rez visar flyktminnen p\u00e5 Stinsen"},"content":{"rendered":"<p><img loading=\"lazy\" decoding=\"async\" class=\"alignnone size-medium wp-image-28727\" src=\"https:\/\/www.kultursidan.nu\/wp-content\/uploads\/2017\/01\/6-567x374.jpg\" alt=\"\" width=\"567\" height=\"374\" srcset=\"https:\/\/www.kultursidan.nu\/wp-content\/uploads\/2017\/01\/6-567x374.jpg 567w, https:\/\/www.kultursidan.nu\/wp-content\/uploads\/2017\/01\/6-768x507.jpg 768w, https:\/\/www.kultursidan.nu\/wp-content\/uploads\/2017\/01\/6-1024x676.jpg 1024w, https:\/\/www.kultursidan.nu\/wp-content\/uploads\/2017\/01\/6-504x333.jpg 504w, https:\/\/www.kultursidan.nu\/wp-content\/uploads\/2017\/01\/6-150x99.jpg 150w, https:\/\/www.kultursidan.nu\/wp-content\/uploads\/2017\/01\/6.jpg 1280w\" sizes=\"auto, (max-width: 567px) 100vw, 567px\" \/><br \/>\n<em>Gatuliv. Minnen av hembygden \u00e4r en del av Jalil Rez utst\u00e4llning p\u00e5 Stinsen.<br \/>\n<\/em><\/p>\n<p>&nbsp;<\/p>\n<h1><span style=\"color: #ff0000;\">Det st\u00e5r &#8221;flykting&#8221; p\u00e5 hans visitkort<\/span><\/h1>\n<p>&nbsp;<\/p>\n<p>S\u00d6DERK\u00d6PING <strong>Han heter Jalil Rez och \u00e4r femton \u00e5r.\u00a0<\/strong> Genom att teckna och m\u00e5la bearbetar han sina minnen fr\u00e5n krigets Afghanistan. Nu st\u00e4ller han ut ett 40-tal av sina verk p\u00e5 Stinsen i S\u00f6derk\u00f6ping.<\/p>\n<p><strong>Han fick hj\u00e4lp med att h\u00e4nga sina tavlor inf\u00f6r utst\u00e4llningen<\/strong> av sin bildl\u00e4rare Lars Nygren och av sin svenska &#8221;mamma&#8221; Helena Gustavsdotter.<\/p>\n<p>\u2013 Jalil g\u00e5r i nian i bildprofilklass p\u00e5 Ramunderskolan. D\u00e4r g\u00e5r ett 25-tal elever som visat sig ha s\u00e4rskild lust och fallenhet f\u00f6r konst, ber\u00e4ttar Lars Nygren.<\/p>\n<p>Jalil Rez har trots sin ungdom sj\u00e4lv tagit initiativet till utst\u00e4llningen p\u00e5 Stinsen. Han \u00e4r ingen nyb\u00f6rjare, redan som fyra\u00e5ring b\u00f6rjade han rita och m\u00e5la. Idag har han hunnit s\u00e4lja flera tavlor. Han satsar\u00a0helhj\u00e4rtat\u00a0p\u00e5 att bli konstn\u00e4r.<\/p>\n<p>&nbsp;<\/p>\n<p><a title=\"Jalil Rez\" href=\"https:\/\/www.flickr.com\/photos\/kultursidan\/31870665660\/in\/album-72157679023060525\/\"><img loading=\"lazy\" decoding=\"async\" src=\"https:\/\/c5.staticflickr.com\/1\/303\/31870665660_2645d58d06.jpg\" alt=\"Jalil Rez\" width=\"355\" height=\"500\" \/><\/a><br \/>\n<em> &#8221;Vi hittade en lerig vattenp\u00f6l och alla ville dricka, men smugglarna tyckte vi skulle skynda oss.&#8221; Bilden ing\u00e5r i en serie med teckningar som skildrar flykten fr\u00e5n Afghanistan.<\/em><\/p>\n<p>&nbsp;<\/p>\n<p><strong>Han \u00e4r entusiastisk och or\u00e4dd och\u00a0pr\u00f6var sig fram inom\u00a0flera olika tekniker.<\/strong> Han m\u00e5lar i olja, akryl, akvarell och sprayteknik.\u00a0Plus att han\u00a0tecknar, vilket kanske \u00e4r hans starkaste sida, i utst\u00e4llningen ing\u00e5r ett par mycket bra portr\u00e4tt. Ibland tecknar han av\u00a0sitt motiv direkt, ibland anv\u00e4nder han sig av fotografier.<\/p>\n<p><strong>I en serie teckningar \u00e5terger han sin flykt fr\u00e5n Afghanistan.<\/strong> D\u00e4r kan man f\u00f6lja hela den strapatsrika resan han gjorde fr\u00e5n sin hemby tillsammans med sin pappa. Under resans g\u00e5ng skildes deras v\u00e4gar, de hamnade i olika flyktfordon. Jalil vet ingenting om var hans pappa befinner sig idag.<\/p>\n<p>Hans mamma och fyra sm\u00e5syskon finns kvar i Afghanistan. Med dem har han kontakt.<\/p>\n<p><strong>Nu har Jalil bott i Sverige i drygt ett \u00e5r.<\/strong> Han talar bra svenska och finner sig v\u00e4l tillr\u00e4tta.<\/p>\n<p>\u2013 Klimatet i Sverige \u00e4r ungef\u00e4r detsamma som i Afghanistan, s\u00e4ger han. Fast d\u00e4r \u00e4r det lite l\u00e4ngre och ljusare dagar.<\/p>\n<p>Tillsammans med en annan pojke fr\u00e5n Afghanistan har han sitt hem hos Helena Gustavsdotter i Sn\u00f6velstorp i v\u00e4ntan p\u00e5 att f\u00e5 asyl.<\/p>\n<p>&nbsp;<\/p>\n<p><a title=\"Jalil Rez\" href=\"https:\/\/www.flickr.com\/photos\/kultursidan\/32097553972\/in\/album-72157679023060525\/\"><img loading=\"lazy\" decoding=\"async\" src=\"https:\/\/c5.staticflickr.com\/1\/620\/32097553972_3aaba76a7d.jpg\" alt=\"Jalil Rez\" width=\"500\" height=\"497\" \/><\/a><br \/>\n<em>Sj\u00e4lvportr\u00e4tt. &#8221;Mina k\u00e4nslor \u00e4r min bodyguard.&#8221;<\/em><\/p>\n<p>&nbsp;<\/p>\n<p><strong>Hans konstverk bygger p\u00e5 minnen fr\u00e5n hembygden och fr\u00e5n flykten d\u00e4rifr\u00e5n.<\/strong> De flesta \u00e4r surrealistiska\u00a0och inneh\u00e5ller m\u00e5nga symboler.<\/p>\n<p>\u2013 Tidigare hade jag mardr\u00f6mmar, s\u00e4ger Jalil.<br \/>\n\u2013 Men nu har jag sagt nej till mardr\u00f6mmarna.\u00a0Nu f\u00e5r jag i st\u00e4llet utlopp f\u00f6r mina minnen genom att m\u00e5la dem. H\u00e4r i Sverige\u00a0har jag f\u00e5tt chansen\u00a0att m\u00e5la det\u00a0jag vill och k\u00e4nner f\u00f6r.<\/p>\n<p>En del av hans bilder kan uppfattas som m\u00f6rka och med ot\u00e4cka detaljer. Men sj\u00e4lv menar Jalil att hans tavlor \u00e4r ljusa. Han vill att de ska f\u00e5 \u00e5sk\u00e5darna att t\u00e4nka positivt.<\/p>\n<p>\u00a9 <em>Text: Bibi Friedrichsen<br \/>\n<\/em>\u00a9 <em>M\u00e5lningar\/teckningar: Jalil Rez<br \/>\n<\/em>\u00a9 <em>Foto: <\/em><em>Karolina Nilsson\/S\u00f6derk\u00f6pings kommun<\/em><\/p>\n<p>BILDSPEL (FLASH) \u2013 KLICKA P\u00c5 BILDEN <em><br \/>\nALT\/MOBIL: SE BILDSPELET <a title=\"Bildspel\" href=\"https:\/\/www.flickr.com\/photos\/kultursidan\/sets\/72157679023060525\/show\/\" target=\"_blank\">H\u00c4R<\/a><\/em><br \/>\n<object width=\"400\" height=\"300\"><param name=\"flashvars\" value=\"offsite=true&amp;lang=en-us&amp;page_show_url=%2Fphotos%2Fkultursidan%2Fsets%2F72157679023060525%2Fshow%2F&amp;page_show_back_url=%2Fphotos%2Fkultursidan%2Fsets%2F72157679023060525%2F&amp;set_id=72157679023060525&amp;jump_to=\" \/><param name=\"movie\" value=\"https:\/\/www.flickr.com\/apps\/slideshow\/show.swf?v=1811922554\" \/><param name=\"allowFullScreen\" value=\"true\" \/><\/object><\/p>\n<blockquote>\n<h3><em>STINSEN S\u00f6derk\u00f6ping<\/em><\/h3>\n<p><em>7 \u2013 25 januari 2017<br \/>\n<strong>Jalil Rez<\/strong><\/em><br \/>\n<em> Utst\u00e4llning<\/em><\/p><\/blockquote>\n<p>L\u00c4NKAR<br \/>\nKulturprogram, S\u00f6derk\u00f6pings kommun <a href=\"http:\/\/www.soderkoping.se\/kultur-fritid\/kultur-medeltidscentrum-kulturprogram\/\" target=\"_blank\">program<\/a> <a href=\"https:\/\/www.facebook.com\/soderkoping\/?fref=ts\" target=\"_blank\">Facebook<\/a><\/p>\n","protected":false},"excerpt":{"rendered":"<p>S\u00d6DERK\u00d6PING Jalil Rez \u00e4r femton \u00e5r. Han har flytt fr\u00e5n krigets Afghanistan. P\u00e5 hans visitkort st\u00e5r det &#8221;flykting&#8221;. Han g\u00e5r i Ramunderskolans bildprofilklass. Nu satsar han p\u00e5 att bli konstn\u00e4r och st\u00e4ller ut p\u00e5 Stinsen. <a class=\"continue-reading-link\" href=\"https:\/\/www.kultursidan.nu\/?p=28726\">L\u00e4s mer <span class=\"meta-nav\">&rarr; <\/span><\/a><\/p>\n","protected":false},"author":1001006,"featured_media":0,"comment_status":"closed","ping_status":"open","sticky":false,"template":"","format":"standard","meta":{"_jetpack_memberships_contains_paid_content":false,"footnotes":""},"categories":[6],"tags":[14],"class_list":["post-28726","post","type-post","status-publish","format-standard","hentry","category-soderkoping","tag-konst"],"jetpack_featured_media_url":"","jetpack_sharing_enabled":true,"_links":{"self":[{"href":"https:\/\/www.kultursidan.nu\/index.php?rest_route=\/wp\/v2\/posts\/28726","targetHints":{"allow":["GET"]}}],"collection":[{"href":"https:\/\/www.kultursidan.nu\/index.php?rest_route=\/wp\/v2\/posts"}],"about":[{"href":"https:\/\/www.kultursidan.nu\/index.php?rest_route=\/wp\/v2\/types\/post"}],"author":[{"embeddable":true,"href":"https:\/\/www.kultursidan.nu\/index.php?rest_route=\/wp\/v2\/users\/1001006"}],"replies":[{"embeddable":true,"href":"https:\/\/www.kultursidan.nu\/index.php?rest_route=%2Fwp%2Fv2%2Fcomments&post=28726"}],"version-history":[{"count":0,"href":"https:\/\/www.kultursidan.nu\/index.php?rest_route=\/wp\/v2\/posts\/28726\/revisions"}],"wp:attachment":[{"href":"https:\/\/www.kultursidan.nu\/index.php?rest_route=%2Fwp%2Fv2%2Fmedia&parent=28726"}],"wp:term":[{"taxonomy":"category","embeddable":true,"href":"https:\/\/www.kultursidan.nu\/index.php?rest_route=%2Fwp%2Fv2%2Fcategories&post=28726"},{"taxonomy":"post_tag","embeddable":true,"href":"https:\/\/www.kultursidan.nu\/index.php?rest_route=%2Fwp%2Fv2%2Ftags&post=28726"}],"curies":[{"name":"wp","href":"https:\/\/api.w.org\/{rel}","templated":true}]}}