{"id":28732,"date":"2017-01-12T11:20:01","date_gmt":"2017-01-12T10:20:01","guid":{"rendered":"https:\/\/intelligent-friend-7861.standoutwp.com\/?p=28732"},"modified":"2017-01-12T11:20:01","modified_gmt":"2017-01-12T10:20:01","slug":"son-till-bade-skavlan-och-berwaldhallen","status":"publish","type":"post","link":"https:\/\/www.kultursidan.nu\/?p=28732","title":{"rendered":"SON till b\u00e5de Skavlan och Berwaldhallen"},"content":{"rendered":"<h2>Dubbla uppdrag med Sven-Bertil och ABBA \u2013 The Tribute<\/h2>\n<p>KORTNYTT\/NORRK\u00d6PING<br \/>\n<strong>Sven-Bertil och ABBA-hyllning.<\/strong> Norrk\u00f6pings symfoniorkester spelar p\u00e5 bortaplan. F\u00f6rst g\u00e4star Sven-Bertil Taube och en grupp SON-musiker Skavlans talkshow i SVT p\u00e5 fredag. N\u00e4sta dag \u00e4r det dags f\u00f6r konserten <em>ABBA \u2013 The Tribute<\/em> i Berwaldhallen i Stockholm.<\/p>\n<p><strong>Albumen <em>Hommage 1<\/em> och uppf\u00f6ljaren <em>Hommage 2<\/em> har gett Sven-Bertil Taube f\u00f6rnyad uppm\u00e4rksamhet hos den svenska publiken.<\/strong> Under de senaste \u00e5ren har vi sett honom i Norrk\u00f6ping vid flera tillf\u00e4llen, inte minst tillsammans med Norrk\u00f6pings symfoniorkester som tillsammans med artisten tog hem en v\u00e4lf\u00f6rtj\u00e4nt Grammis f\u00f6r det f\u00f6rsta albumet h\u00e4rom\u00e5ret.<\/p>\n<p>P\u00e5 fredag kv\u00e4ll g\u00e4star de Skavlans studio \u2013 det blir Sven-Bertil Taube, dirigenten och arrang\u00f6ren Peter Nordahl samt en mindre s\u00e4ttning ur SON.<\/p>\n<p><strong>ABBA \u2013 The Tribute-konserten som inledde Augustifesten 2015 fyllde varje gr\u00e4spl\u00e4tt i Vasaparken.<\/strong> Det var The Original Band, med medlemmar fr\u00e5n ABBA:s gamla komband, tillsammans med n\u00e5got yngre s\u00e5ngare. Samt Norrk\u00f6pings symfoniorkester under ledning av dirigenten Christoffer Nobin. Succ\u00e9n var given.<\/p>\n<p>P\u00e5 l\u00f6rdag m\u00f6ts de igen. The Original Band avslutar en l\u00e5ng turn\u00e9 med konsert i Berwaldhallen i Stockholm, fylld av extra allt. Det \u00e4r sluts\u00e5lt. <em>The Winner Takes it All<\/em>.<\/p>\n<blockquote>\n<h3><em>SVT 1<\/em><\/h3>\n<p>13 januari 2017 kl 21<em><br \/>\n<strong>Skavlan<\/strong><\/em><br \/>\n<em> Sven-Bertil Taube, Peter Nordahl och musiker ur SON<\/em><\/p>\n<h3><em>BERWALDHALLEN Stockholm<\/em><\/h3>\n<p>14 januari 2017 kl 19<em><br \/>\n<strong>The Original Band \u2013 ABBA Tribute<br \/>\n<\/strong>Norrk\u00f6pings Symfoniorkester<\/em><br \/>\n<em>Dirigent Christoffer Nobin<\/em><br \/>\n<em>The Original Band:\u00a0Lars Wellander gitarr, Per Lindvall trummor, \u00c5ke Sundqvist trummor, Mikael Areklev gitarr,\u00a0Roger Palm trummor, Mike Watson bas, Johan Steng\u00e5rd sax.<\/em><br \/>\n<em>Artister:\u00a0Linda Frithiof, Malin Kernby, Patrik Lundstr\u00f6m, Joakim Niehoff<\/em><br \/>\n<em>K\u00f6r:\u00a0Sara Wendelford, Elena Persson, Mia Stegmar<\/em><\/p><\/blockquote>\n<p>L\u00c4NKAR<br \/>\nABBA \u2013 The original Band \u2013 ABBA Tribute <a href=\"http:\/\/www.theoriginalband.com\" target=\"_blank\">hemsida<\/a><br \/>\nNorrk\u00f6pings symfoniorkester <a href=\"http:\/\/norrkopingssymfoniorkester.se\/\" target=\"_blank\">hemsida<\/a> <a href=\"https:\/\/www.facebook.com\/norrkoping.symphony?fref=ts\" target=\"_blank\">Facebook<br \/>\n<\/a>S\u00e5 l\u00e4nge skutan kan g\u00e5 med Sven-Bertil <a href=\"https:\/\/www.kultursidan.nu\/?p=24623\" target=\"_blank\">recension<\/a> Kultursidan.nu 2\/4 2016<br \/>\nSON &amp; &#8221;ABBA&#8221; Augustifestens succ\u00e9start <a href=\"https:\/\/www.kultursidan.nu\/?p=20953\" target=\"_blank\">reportage<\/a> Kultursidan.nu 12\/8 2015<a href=\"https:\/\/www.facebook.com\/norrkoping.symphony?fref=ts\" target=\"_blank\"><br \/>\n<\/a>Symfoniorkestern tog 2 Grammisar <a href=\"https:\/\/www.kultursidan.nu\/?p=19000\" target=\"_blank\">reportage<\/a> Kultursidan.nu 26\/2 2015<a href=\"https:\/\/www.facebook.com\/norrkoping.symphony?fref=ts\" target=\"_blank\"><br \/>\n<\/a><\/p>\n","protected":false},"excerpt":{"rendered":"<p>KORTNYTT\/NORRK\u00d6PING Sven-Bertil och ABBA-hyllning. Norrk\u00f6pings symfoniorkester spelar p\u00e5 bortaplan. F\u00f6rst g\u00e4star Sven-Bertil Taube och en grupp SON-musiker Skavlans talkshow i SVT p\u00e5 fredag. N\u00e4sta dag \u00e4r det dags f\u00f6r konserten ABBA \u2013 The Tribute i Berwaldhallen i Stockholm. <a class=\"continue-reading-link\" href=\"https:\/\/www.kultursidan.nu\/?p=28732\">L\u00e4s mer <span class=\"meta-nav\">&rarr; <\/span><\/a><\/p>\n","protected":false},"author":1001006,"featured_media":0,"comment_status":"closed","ping_status":"open","sticky":false,"template":"","format":"standard","meta":{"_jetpack_memberships_contains_paid_content":false,"footnotes":""},"categories":[81,7],"tags":[13],"class_list":["post-28732","post","type-post","status-publish","format-standard","hentry","category-snappat","category-norrkoping","tag-musik"],"jetpack_featured_media_url":"","jetpack_sharing_enabled":true,"_links":{"self":[{"href":"https:\/\/www.kultursidan.nu\/index.php?rest_route=\/wp\/v2\/posts\/28732","targetHints":{"allow":["GET"]}}],"collection":[{"href":"https:\/\/www.kultursidan.nu\/index.php?rest_route=\/wp\/v2\/posts"}],"about":[{"href":"https:\/\/www.kultursidan.nu\/index.php?rest_route=\/wp\/v2\/types\/post"}],"author":[{"embeddable":true,"href":"https:\/\/www.kultursidan.nu\/index.php?rest_route=\/wp\/v2\/users\/1001006"}],"replies":[{"embeddable":true,"href":"https:\/\/www.kultursidan.nu\/index.php?rest_route=%2Fwp%2Fv2%2Fcomments&post=28732"}],"version-history":[{"count":0,"href":"https:\/\/www.kultursidan.nu\/index.php?rest_route=\/wp\/v2\/posts\/28732\/revisions"}],"wp:attachment":[{"href":"https:\/\/www.kultursidan.nu\/index.php?rest_route=%2Fwp%2Fv2%2Fmedia&parent=28732"}],"wp:term":[{"taxonomy":"category","embeddable":true,"href":"https:\/\/www.kultursidan.nu\/index.php?rest_route=%2Fwp%2Fv2%2Fcategories&post=28732"},{"taxonomy":"post_tag","embeddable":true,"href":"https:\/\/www.kultursidan.nu\/index.php?rest_route=%2Fwp%2Fv2%2Ftags&post=28732"}],"curies":[{"name":"wp","href":"https:\/\/api.w.org\/{rel}","templated":true}]}}