{"id":28772,"date":"2017-01-14T08:29:31","date_gmt":"2017-01-14T07:29:31","guid":{"rendered":"https:\/\/intelligent-friend-7861.standoutwp.com\/?p=28772"},"modified":"2017-01-14T08:29:31","modified_gmt":"2017-01-14T07:29:31","slug":"folkmusiker-lyfter-straken-i-hallarna","status":"publish","type":"post","link":"https:\/\/www.kultursidan.nu\/?p=28772","title":{"rendered":"Folkmusiker lyfter str\u00e5ken i Hallarna"},"content":{"rendered":"<h2>L\u00e5tstuga och potentiellt jam<\/h2>\n<p>KORTNYTT\/NORRK\u00d6PING<br \/>\n<strong>L\u00e5tspel och jam.<\/strong> F\u00f6reningen Folkmusik i Norrk\u00f6ping h\u00e5ller l\u00e5tstuga p\u00e5 Kulturkollektivet i Hallarna idag l\u00f6rdag. En och annan l\u00e5t l\u00e4rs ut. Sedan kan det bli jam.<\/p>\n<p><strong>Det har g\u00e5tt n\u00e5gra \u00e5r sedan f\u00f6reningen Folkmusik i Norrk\u00f6ping arrangerade FIN-festival p\u00e5 Dynamo.<\/strong> Nu lyfter de str\u00e5ken, kn\u00e4pper p\u00e5 str\u00e4ngarna och sl\u00e5r p\u00e5 trumman f\u00f6r l\u00e5tstuga p\u00e5 Kulturkollektivet, allts\u00e5 en mer anspr\u00e5ksl\u00f6s lokal i samma kvarter (ing\u00e5ng i Slottsgatans portvalv).<\/p>\n<p>Med l\u00e5tstuga menas att hugade instrumentalister och s\u00e5ngare med intresse f\u00f6r folkmusik och v\u00e4rldsmusik tar ton. En eller ett par l\u00e5tar l\u00e4rs ut. Sedan blir det jamma av f\u00f6r dem som vill.<\/p>\n<blockquote>\n<h3><em>KULTURKOLLEKTIVET, HALLARNA Norrk\u00f6ping<\/em><\/h3>\n<p>14 januari 2017<em><br \/>\n<strong>L\u00e5tstuga med potentiellt jam<\/strong><\/em><br \/>\n<em> Arr: Folkmusik i Norrk\u00f6ping med st\u00f6d av Studief\u00f6rbundet Vuxenskolan<\/em><\/p><\/blockquote>\n<p>L\u00c4NKAR<br \/>\nFolkmusik i Norrk\u00f6ping <a href=\"https:\/\/www.facebook.com\/events\/1347115381987114\/\" target=\"_blank\">Facebook <\/a><\/p>\n","protected":false},"excerpt":{"rendered":"<p>KORTNYTT\/NORRK\u00d6PING L\u00e5tspel och jam. F\u00f6reningen Folkmusik i Norrk\u00f6ping h\u00e5ller l\u00e5tstuga p\u00e5 Kulturkollektivet i Hallarna idag l\u00f6rdag. En och annan l\u00e5t l\u00e4rs ut. Sedan kan det bli jam. <a class=\"continue-reading-link\" href=\"https:\/\/www.kultursidan.nu\/?p=28772\">L\u00e4s mer <span class=\"meta-nav\">&rarr; <\/span><\/a><\/p>\n","protected":false},"author":1001006,"featured_media":0,"comment_status":"closed","ping_status":"open","sticky":false,"template":"","format":"standard","meta":{"_jetpack_memberships_contains_paid_content":false,"footnotes":""},"categories":[81,7],"tags":[],"class_list":["post-28772","post","type-post","status-publish","format-standard","hentry","category-snappat","category-norrkoping"],"jetpack_featured_media_url":"","jetpack_sharing_enabled":true,"_links":{"self":[{"href":"https:\/\/www.kultursidan.nu\/index.php?rest_route=\/wp\/v2\/posts\/28772","targetHints":{"allow":["GET"]}}],"collection":[{"href":"https:\/\/www.kultursidan.nu\/index.php?rest_route=\/wp\/v2\/posts"}],"about":[{"href":"https:\/\/www.kultursidan.nu\/index.php?rest_route=\/wp\/v2\/types\/post"}],"author":[{"embeddable":true,"href":"https:\/\/www.kultursidan.nu\/index.php?rest_route=\/wp\/v2\/users\/1001006"}],"replies":[{"embeddable":true,"href":"https:\/\/www.kultursidan.nu\/index.php?rest_route=%2Fwp%2Fv2%2Fcomments&post=28772"}],"version-history":[{"count":0,"href":"https:\/\/www.kultursidan.nu\/index.php?rest_route=\/wp\/v2\/posts\/28772\/revisions"}],"wp:attachment":[{"href":"https:\/\/www.kultursidan.nu\/index.php?rest_route=%2Fwp%2Fv2%2Fmedia&parent=28772"}],"wp:term":[{"taxonomy":"category","embeddable":true,"href":"https:\/\/www.kultursidan.nu\/index.php?rest_route=%2Fwp%2Fv2%2Fcategories&post=28772"},{"taxonomy":"post_tag","embeddable":true,"href":"https:\/\/www.kultursidan.nu\/index.php?rest_route=%2Fwp%2Fv2%2Ftags&post=28772"}],"curies":[{"name":"wp","href":"https:\/\/api.w.org\/{rel}","templated":true}]}}