{"id":28990,"date":"2017-01-26T11:29:25","date_gmt":"2017-01-26T10:29:25","guid":{"rendered":"https:\/\/intelligent-friend-7861.standoutwp.com\/?p=28990"},"modified":"2017-01-26T11:29:25","modified_gmt":"2017-01-26T10:29:25","slug":"forintelsens-minnesdag-i-soderkoping","status":"publish","type":"post","link":"https:\/\/www.kultursidan.nu\/?p=28990","title":{"rendered":"F\u00f6rintelsens minnesdag i S\u00f6derk\u00f6ping"},"content":{"rendered":"<h2>Tema identitet, skydd och f\u00f6rdomar<\/h2>\n<p>KORTNYTT\/ S\u00d6DERK\u00d6PING<br \/>\n<strong>Fackelt\u00e5g, s\u00e5ng och h\u00f6gl\u00e4sning.<\/strong> Sk\u00e5despelaren Astrid Assefa l\u00e4ser h\u00f6gt ur Anne Franks dagbok. S\u00f6derk\u00f6ping h\u00f6gtidligh\u00e5ller F\u00f6rintelsens minnesdag under temat identitet, skydd och f\u00f6rdomar p\u00e5 fredag.<\/p>\n<p><strong>Ett gemensamt fackelt\u00e5g avg\u00e5r klockan sex fr\u00e5n Brunnsparken till minnesstunden, som startar halv sju <\/strong><strong>i S:t Laurentii kyrka<\/strong>. P\u00e5 programmet st\u00e5r orgelmusik, ljust\u00e4ndning, s\u00e5ng, musik, tal och h\u00f6gl\u00e4sning. Erik Lundberg fr\u00e5n myndigheten Forum f\u00f6r levande historia medverkar. Det g\u00f6r ocks\u00e5 sk\u00e5despelaren Astrid Assefa som l\u00e4ser h\u00f6gt\/framf\u00f6r delar ur Anne Franks dagbok. Dessutom medverkar \u00e4ven komminister Cecilia Ehlert Ankarstrand och kommunfullm\u00e4ktigeledamoten Yvonne Persson.<\/p>\n<p>S\u00f6derk\u00f6pings musikklasser fr\u00e5n \u00e5rskurs 9 sjunger. Musiker \u00e4r organisten Nils \u00d6stling, Claes Henke och Mikael Roos. \u00c4ven elever fr\u00e5n Nystr\u00f6mska skolan medverkar under kv\u00e4llen.<\/p>\n<p><strong>Utst\u00e4llningen <em>Om jag bara f\u00e5r vara mig sj\u00e4lv<\/em> visas <\/strong><strong>i S:t Laurentii kyrka och p\u00e5 Stinsen.<\/strong> Utst\u00e4llningen \u00e4r producerad av Forum f\u00f6r levande historia och har utg\u00e5ngspunkt i Anne Franks liv och utforskar identitet, f\u00f6rdomar och synen p\u00e5 den andre.<\/p>\n<blockquote>\n<h3><em>BRUNNSPARKEN \u2013 S:T LAURENTII KYRKA S\u00f6derk\u00f6ping<\/em><\/h3>\n<p>27 januari 2017 kl 18<em><br \/>\n<strong>F\u00f6rintelsens minnesdag<br \/>\n<\/strong><\/em><\/p>\n<p style=\"padding-left: 30px;\"><em>Fackelt\u00e5g fr\u00e5n Brunnsparken till S:t Laurentii kyrka<br \/>\nS\u00e5ng, tal, h\u00f6gl\u00e4sning, musik i S:t Laurentii kyrka<br \/>\nUtst\u00e4llning i S:t Laurentii kyrka och p\u00e5 Stinsen<br \/>\n<\/em><\/p>\n<p><em>Arr: Svenska kyrkan, S\u00f6derk\u00f6pings Rotary, Forum f\u00f6r levande historia, Nystr\u00f6mska skolan, Kulturskolan och \u201dTillsammans\u201d (ett integrations- och h\u00e4lsoprojekt med Kulturkontoret, Svenska kyrkan, Bilda studief\u00f6rbund, R\u00f6da korset och Olivlunden.)<\/em><\/p><\/blockquote>\n","protected":false},"excerpt":{"rendered":"<p>KORTNYTT\/S\u00d6DERK\u00d6PING Fackelt\u00e5g, s\u00e5ng och tal. Sk\u00e5despelaren Astrid Assefa l\u00e4ser h\u00f6gt ur Anne Franks dagbok. S\u00f6derk\u00f6ping h\u00f6gtidligh\u00e5ller F\u00f6rintelsens minnesdag under temat identitet, skydd och f\u00f6rdomar p\u00e5 fredag. <a class=\"continue-reading-link\" href=\"https:\/\/www.kultursidan.nu\/?p=28990\">L\u00e4s mer <span class=\"meta-nav\">&rarr; <\/span><\/a><\/p>\n","protected":false},"author":1001006,"featured_media":0,"comment_status":"closed","ping_status":"open","sticky":false,"template":"","format":"standard","meta":{"_jetpack_memberships_contains_paid_content":false,"footnotes":""},"categories":[6],"tags":[54,47],"class_list":["post-28990","post","type-post","status-publish","format-standard","hentry","category-soderkoping","tag-evenemang","tag-utstallning"],"jetpack_featured_media_url":"","jetpack_sharing_enabled":true,"_links":{"self":[{"href":"https:\/\/www.kultursidan.nu\/index.php?rest_route=\/wp\/v2\/posts\/28990","targetHints":{"allow":["GET"]}}],"collection":[{"href":"https:\/\/www.kultursidan.nu\/index.php?rest_route=\/wp\/v2\/posts"}],"about":[{"href":"https:\/\/www.kultursidan.nu\/index.php?rest_route=\/wp\/v2\/types\/post"}],"author":[{"embeddable":true,"href":"https:\/\/www.kultursidan.nu\/index.php?rest_route=\/wp\/v2\/users\/1001006"}],"replies":[{"embeddable":true,"href":"https:\/\/www.kultursidan.nu\/index.php?rest_route=%2Fwp%2Fv2%2Fcomments&post=28990"}],"version-history":[{"count":0,"href":"https:\/\/www.kultursidan.nu\/index.php?rest_route=\/wp\/v2\/posts\/28990\/revisions"}],"wp:attachment":[{"href":"https:\/\/www.kultursidan.nu\/index.php?rest_route=%2Fwp%2Fv2%2Fmedia&parent=28990"}],"wp:term":[{"taxonomy":"category","embeddable":true,"href":"https:\/\/www.kultursidan.nu\/index.php?rest_route=%2Fwp%2Fv2%2Fcategories&post=28990"},{"taxonomy":"post_tag","embeddable":true,"href":"https:\/\/www.kultursidan.nu\/index.php?rest_route=%2Fwp%2Fv2%2Ftags&post=28990"}],"curies":[{"name":"wp","href":"https:\/\/api.w.org\/{rel}","templated":true}]}}